{"id":40799,"date":"2016-04-22T04:26:54","date_gmt":"2016-04-22T01:26:54","guid":{"rendered":"https:\/\/new.mavikadin.com\/?p=40799"},"modified":"2024-09-16T10:07:07","modified_gmt":"2024-09-16T07:07:07","slug":"bebeklerde-nefes-kokusu-neden-olur-bebeklerde-agiz-kokusu-nasil-gecer","status":"publish","type":"post","link":"https:\/\/www.tgrthaber.com\/mavikadin\/bebeklerde-nefes-kokusu-neden-olur-bebeklerde-agiz-kokusu-nasil-gecer\/","title":{"rendered":"Bebeklerde Nefes Kokusu Neden Olur, Bebeklerde A\u011f\u0131z Kokusu Nas\u0131l Ge\u00e7er?"},"content":{"rendered":"<p>Bebeklerde nefes kokusu s\u0131k kar\u015f\u0131la\u015f\u0131lan durumlardand\u0131r. Bebeklerde a\u011f\u0131z kokusu nas\u0131l giderilir?<\/p>\n<p>Bebeklerde nefes kokusu s\u0131k kar\u015f\u0131la\u015f\u0131lan durumlardand\u0131r. <strong>Bebeklerde a\u011f\u0131z kokusu nas\u0131l giderilir?<\/strong>&nbsp;makalemizde bebeklerde a\u011f\u0131z kokusu ve tedavisi hakk\u0131nda bilgiler verdik. Yeni y\u0131kanm\u0131\u015f bebek kokusu aileler i\u00e7in en g\u00fczel ,huzur veren kokulardand\u0131r, anneler bu kokuyu korumak i\u00e7in \u00e7e\u015fitli kremler, losyonlar ve pudralar kullan\u0131rlar. Fakat maalesef kimi zaman bu g\u00fczel kokuya bebeklerdeki a\u011f\u0131z kokusu g\u00f6lge d\u00fc\u015f\u00fcrebiliyor.<\/p>\n<p><u>Bebekte a\u011f\u0131z kokusu<\/u> a\u011f\u0131zdan nefes almalar\u0131 nedeniyle olu\u015fan bakteriyel geli\u015fmeden kaynaklan\u0131r. Parmaklar\u0131, ba\u015f parma\u011f\u0131 ya da bebek battaniyesini emmeleri de a\u011fz\u0131 kurutur ve a\u011f\u0131z kokusuna neden olur. Bebe\u011finiz emzik vb. \u015feyler kullan\u0131yorsa a\u011fz\u0131ndaki t\u00fck\u00fcr\u00fck bunlara ge\u00e7er ve bu e\u015fyalar da kokuya sebep olabilir. Bebe\u011finiz bunu tekrar a\u011fz\u0131na ald\u0131\u011f\u0131nda koku ona da ge\u00e7ecektir. Bazen yedikleri bir yiyecek de k\u00f6t\u00fc kokuya neden olabilir.<\/p>\n<h3><span style=\"color:#FF8C00;\"><span style=\"font-size:18px;\"><u><strong>Bebeklerde nefes kokusunun nedenleri<\/strong><\/u><\/span><\/span><\/h3>\n<p>A\u011fz\u0131ndan nefes alan bebeklerde burun yollar\u0131n\u0131 engelleyen alerji, so\u011fuk alg\u0131nl\u0131\u011f\u0131 ya da sin\u00fcs enfeksiyonu olabilir. Daha b\u00fcy\u00fck bebeklerde k\u00f6t\u00fc koku ise burun deli\u011fine s\u0131k\u0131\u015fm\u0131\u015f&nbsp;fasulye ya da boncuk gibi nesneyi i\u015faret edebilir. <strong>Bebeklerde a\u011f\u0131z kokusu mide-yemek borusu refl\u00fcs\u00fcnden ya da kaynama denilen bebek kusmu\u011fundan, a\u00e7l\u0131ktan, geniz ak\u0131nt\u0131s\u0131ndan, so\u011fuk alg\u0131nl\u0131\u011f\u0131ndan, sin\u00fczitten de kaynaklanabilir. <\/strong>Nadir de olsa bebekte a\u011f\u0131z kokusu diyabet, b\u00f6brek, idrar problemleri, ya da bademcik iltihab\u0131 gibi nedenlerden de&nbsp;g\u00f6r\u00fclebilir.&nbsp;<\/p>\n<h3><span style=\"font-size:20px;\"><span style=\"color:#FF8C00;\"><u><strong>Bebeklerde a\u011f\u0131z kokusu nas\u0131l giderilir?<\/strong><\/u><\/span><\/span><\/h3>\n<h3><span style=\"color:#FF8C00;\"><u><span style=\"font-size:18px;\"><strong>Bebeklerde a\u011f\u0131z hijyenine dikkat edin&nbsp;<\/strong><\/span><\/u><\/span><\/h3>\n<p>Bebe\u011finize a\u011f\u0131z hijyeni al\u0131\u015fkanl\u0131klar\u0131 a\u015f\u0131lamak i\u00e7in hi\u00e7bir zaman \u00e7ok erken de\u011fildir. K\u00f6t\u00fc kokuyu \u00f6nlemek i\u00e7in bebeklere \u00f6zel tasarlanm\u0131\u015f di\u015f f\u0131r\u00e7as\u0131 ile di\u015flerini ve di\u015f etlerini f\u0131r\u00e7alay\u0131n. Ya da her beslenmeden sonra di\u015flerini ve di\u015f etlerini silin. Di\u015f etlerinde veya di\u015finde yemek art\u0131\u011f\u0131 kalmamas\u0131 i\u00e7in yemeklerden sonra su verin.<\/p>\n<h3><strong><span style=\"color:#FF8C00;\"><u><span style=\"font-size:18px;\">Temizli\u011fe riayet edin<\/span><\/u><\/span><\/strong><\/h3>\n<p>Bebe\u011finizin ellerini su ve sabunla ara ara y\u0131kay\u0131n. \u015eayet&nbsp;oyuncak, battaniye gibi objeleri emiyorsa bunlar\u0131 da temiz tutun. Emzi\u011fini bula\u015f\u0131k makinesinde y\u0131kay\u0131n ya da kaynar suda 5 dk bekletin.<\/p>\n<h3><span style=\"color:#FF8C00;\"><span style=\"font-size:18px;\"><u><strong>A\u011f\u0131z kokusunu tedavi ettirin<\/strong><\/u><\/span><\/span><\/h3>\n<p>A\u011f\u0131z sa\u011fl\u0131\u011f\u0131 ve hijyeninden emin olmak i\u00e7in 2-3 ya\u015f\u0131ndan itibaren d\u00fczenli olarak di\u015f muayenesine g\u00f6t\u00fcr\u00fcn. \u015eayet yavrunuzda&nbsp;hala k\u00f6t\u00fc nefes kokusu sorunu devam ediyorsa iyi bir \u00e7ocuk doktora g\u00f6t\u00fcr\u00fcn&nbsp;ayr\u0131nt\u0131l\u0131 tetkik yapt\u0131r\u0131p, bebe\u011finizi tedavi ettirin.<\/p>\n<p><strong><span style=\"font-size:18px;\"><a href=\"https:\/\/www.mavikadin.com\/bebeklere-gaz-yapmayan-mama-markalari-neledir\" target=\"_blank\" rel=\"noopener\"><span style=\"color:#FF0000;\">Bebeklerde Gaz Yapmayan Mama Markalar\u0131 \u0130\u00e7in T\u0131klay\u0131n\u0131z<\/span><\/a><\/span><\/strong><\/p>\n<p><strong><span style=\"font-size:18px;\"><a href=\"https:\/\/www.mavikadin.com\/bebeklerde-agiz-suyu-akmasi-nasil-gecer-doktor-tavsiyeleri\" target=\"_blank\" rel=\"noopener\">Bebeklerde Salya (A\u011f\u0131z Suyu Akmas\u0131) Nas\u0131l Durdurulur? 10 Doktor \u00d6nerisi T\u0131klay\u0131n\u0131z.<\/a><\/span><\/strong><\/p>\n<p><strong><span style=\"font-size:18px;\"><a href=\"https:\/\/www.mavikadin.com\/bebeklere-nane-limon-verilir-mi-bebekler-nane-cayi-icebilir-mi\" target=\"_blank\" rel=\"noopener\"><span style=\"color:#FF0000;\">Bebeklere Nane Limon Verilir mi, Bebekler Nane \u00c7ay\u0131 \u0130\u00e7ebilir mi? T\u0131klay\u0131n\u0131z<\/span><\/a><\/span><\/strong><\/p>\n<p><strong><span style=\"font-size:18px;\"><a href=\"https:\/\/www.mavikadin.com\/bebegim-yemek-yemiyor-bebeklerde-istahsizlik-nedenleri-nelerdir\" target=\"_blank\" rel=\"noopener\">Bebeklerde \u0130\u015ftahs\u0131zl\u0131k Neden Olur? Bebe\u011fim Neden Hi\u00e7bir\u015fey Yemiyor? T\u0131klay\u0131n\u0131z<\/a><\/span><\/strong><\/p>\n<p><strong><span style=\"font-size:18px;\"><a href=\"https:\/\/www.mavikadin.com\/anason-cayi-bebeklere-ne-kadar-ve-nasil-verilir-doktorlar-cevapliyor\" target=\"_blank\" rel=\"noopener\"><span style=\"color:#FF0000;\">Bebeklere Anason \u00c7ay\u0131 Verilirmi, Ne Zaman Ve Nas\u0131l Verilir? T\u0131klay\u0131n\u0131z<\/span><\/a><\/span><\/strong><\/p>\n<p><strong><span style=\"font-size:18px;\"><a href=\"https:\/\/www.mavikadin.com\/bebekler-ihlamur-cayi-icebilir-mi-uzman-doktorlar-cevapliyor\" target=\"_blank\" rel=\"noopener\">Bebeklere Ihlamur \u00c7ay\u0131 Verilirmi, Ne Zaman Ve Nas\u0131l Verilir? T\u0131klay\u0131n\u0131z<\/a><\/span><\/strong><\/p>\n","protected":false},"excerpt":{"rendered":"<p>Bebeklerde nefes kokusu s\u0131k kar\u015f\u0131la\u015f\u0131lan durumlardand\u0131r. Bebeklerde a\u011f\u0131z kokusu nas\u0131l giderilir? Bebeklerde nefes kokusu s\u0131k kar\u015f\u0131la\u015f\u0131lan durumlardand\u0131r. Bebeklerde a\u011f\u0131z kokusu nas\u0131l giderilir?&nbsp;makalemizde bebeklerde a\u011f\u0131z kokusu ve tedavisi hakk\u0131nda bilgiler verdik. Yeni y\u0131kanm\u0131\u015f bebek kokusu aileler i\u00e7in en g\u00fczel ,huzur veren kokulardand\u0131r, anneler bu kokuyu korumak i\u00e7in \u00e7e\u015fitli kremler, losyonlar ve pudralar kullan\u0131rlar. Fakat maalesef kimi [&hellip;]<\/p>\n","protected":false},"author":30,"featured_media":40798,"comment_status":"closed","ping_status":"open","sticky":false,"template":"","format":"standard","meta":{"rank_math_lock_modified_date":false,"footnotes":""},"categories":[111],"tags":[31671,31669,31068,31670,5881],"class_list":["post-40799","post","type-post","status-publish","format-standard","has-post-thumbnail","hentry","category-anne-cocuk","tag-bebek-agiz-hijyeni","tag-bebek-agiz-kokusu","tag-bebek-bakimi","tag-bebek-nefes-kokusu","tag-bebek-sagligi"],"_links":{"self":[{"href":"https:\/\/www.tgrthaber.com\/mavikadin\/wp-json\/wp\/v2\/posts\/40799"}],"collection":[{"href":"https:\/\/www.tgrthaber.com\/mavikadin\/wp-json\/wp\/v2\/posts"}],"about":[{"href":"https:\/\/www.tgrthaber.com\/mavikadin\/wp-json\/wp\/v2\/types\/post"}],"author":[{"embeddable":true,"href":"https:\/\/www.tgrthaber.com\/mavikadin\/wp-json\/wp\/v2\/users\/30"}],"replies":[{"embeddable":true,"href":"https:\/\/www.tgrthaber.com\/mavikadin\/wp-json\/wp\/v2\/comments?post=40799"}],"version-history":[{"count":1,"href":"https:\/\/www.tgrthaber.com\/mavikadin\/wp-json\/wp\/v2\/posts\/40799\/revisions"}],"predecessor-version":[{"id":40800,"href":"https:\/\/www.tgrthaber.com\/mavikadin\/wp-json\/wp\/v2\/posts\/40799\/revisions\/40800"}],"wp:featuredmedia":[{"embeddable":true,"href":"https:\/\/www.tgrthaber.com\/mavikadin\/wp-json\/wp\/v2\/media\/40798"}],"wp:attachment":[{"href":"https:\/\/www.tgrthaber.com\/mavikadin\/wp-json\/wp\/v2\/media?parent=40799"}],"wp:term":[{"taxonomy":"category","embeddable":true,"href":"https:\/\/www.tgrthaber.com\/mavikadin\/wp-json\/wp\/v2\/categories?post=40799"},{"taxonomy":"post_tag","embeddable":true,"href":"https:\/\/www.tgrthaber.com\/mavikadin\/wp-json\/wp\/v2\/tags?post=40799"}],"curies":[{"name":"wp","href":"https:\/\/api.w.org\/{rel}","templated":true}]}}