{"id":40805,"date":"2016-04-24T20:53:51","date_gmt":"2016-04-24T17:53:51","guid":{"rendered":"https:\/\/new.mavikadin.com\/?p=40805"},"modified":"2024-09-16T10:07:12","modified_gmt":"2024-09-16T07:07:12","slug":"bebegimin-kulagi-neden-kasiniyor-ne-yapmaliyim","status":"publish","type":"post","link":"https:\/\/www.tgrthaber.com\/mavikadin\/bebegimin-kulagi-neden-kasiniyor-ne-yapmaliyim\/","title":{"rendered":"Bebe\u011fimin Kula\u011f\u0131 Neden Ka\u015f\u0131n\u0131yor, Ne Yapmal\u0131y\u0131m?"},"content":{"rendered":"<p>Bebeklerin kulaklar\u0131yla oynamas\u0131, ka\u015f\u0131mas\u0131, kurcalamas\u0131 genelde bu organlar\u0131n\u0131 tan\u0131maya \u00e7al\u0131\u015f\u0131p, merak ettiklerindendir. <\/p>\n<p>Bebeklerin kulaklar\u0131yla oynamas\u0131, ka\u015f\u0131mas\u0131, kurcalamas\u0131 genelde bu organlar\u0131n\u0131 tan\u0131maya \u00e7al\u0131\u015f\u0131p, merak ettiklerindendir. Fakat baz\u0131 durumlarda ise bebe\u011fin bu hareketleri b\u00f6lgede a\u011fr\u0131 ve enfeksiyona i\u015faret edebilir. Bebekteki olas\u0131 di\u011fer belirtileri de takip etmek bebe\u011fin kula\u011f\u0131na dokunmas\u0131n\u0131n meraktan m\u0131, yoksa herhangi bir sa\u011fl\u0131k sorunundan m\u0131 ger\u00e7ekle\u015fti\u011fini size haber verecektir.<\/p>\n<h3><strong><span style=\"color:#008000;\"><span style=\"font-size:18px;\">Bebeklerde kulak ka\u015f\u0131nt\u0131s\u0131 nedenleri<\/span><\/span><\/strong><\/h3>\n<h3><strong><span style=\"color:#FF8C00;\"><span style=\"font-size:16px;\">Y\u00fcz\u00fcc\u00fc kula\u011f\u0131 ( D\u0131\u015f Kulak \u0130ltihab\u0131)<\/span><\/span><\/strong><\/h3>\n<p><strong>Kula\u011f\u0131n d\u0131\u015f k\u0131sm\u0131n\u0131 \u00e7ekmek, kurcalamak, ka\u015f\u0131mak t\u00fcm bunlar d\u0131\u015f kulak iltihab\u0131 olarak da bilinen y\u00fcz\u00fcc\u00fc kula\u011f\u0131n\u0131n tipik belirtilerindendir.<\/strong> Y\u00fcz\u00fcc\u00fc kula\u011f\u0131, du\u015f veya havuzda suyun kulak kanal\u0131na hapsolmas\u0131yla yahut bazen de pamuklu kulak \u00e7ubu\u011funun kulak kanal\u0131n\u0131 tahri\u015f etmesiyle meydana gelen d\u0131\u015f kulak zar\u0131n\u0131n enfeksiyondur. Cildi koruyan astar a\u015f\u0131nd\u0131\u011f\u0131ndan, bakterilerin \u00fcremesi i\u00e7in uygun ortam olu\u015fur. Y\u00fcz\u00fcc\u00fc kula\u011f\u0131n\u0131n di\u011fer belirtileri sar\u0131, sulu ve kokulu ak\u0131nt\u0131, \u015fi\u015flik, k\u0131zar\u0131kl\u0131k ve kulak \u00e7evresinde pullanmad\u0131r. Bebe\u011finizi d\u0131\u015f kulak iltihab\u0131ndan korumak i\u00e7in, bebe\u011finizi y\u0131karken kula\u011f\u0131na su ka\u00e7\u0131rmamaya \u00f6zen g\u00f6sterin. Banyo yapt\u0131rd\u0131ktan sonra hemen kula\u011f\u0131n\u0131 havluyla silin.<\/p>\n<h3><span style=\"color:#FF8C00;\"><strong><span style=\"font-size:16px;\">Kulak iltihab\u0131<\/span><\/strong><\/span><\/h3>\n<p><strong>T\u0131bbi as\u0131 otitis media olan &#8220;kulak iltihab\u0131&#8221; da bebe\u011finizin kula\u011f\u0131n\u0131 ka\u015f\u0131mas\u0131na,&nbsp;\u00e7ekmesine, kurcalamas\u0131na yol a\u00e7an hastal\u0131klardand\u0131r.<\/strong> Amerikan Pediatri Akademisi&#8217;ne g\u00f6re, bebeklerde kulak enfeksiyonuna genelde 6 ay ve 3 ya\u015f aras\u0131nda rastlan\u0131r, genellikle burun ak\u0131nt\u0131s\u0131, huysuzluk, kulak a\u011fr\u0131s\u0131, ate\u015f, sar\u0131 kulak drenaj\u0131, uyku problemi ve i\u015fitme kayb\u0131 gibi so\u011fuk alg\u0131nl\u0131\u011f\u0131nda rastlanan semptomlara neden olur. Ayr\u0131ca emme ve yutkunma eylemi kulakta daha fazla bas\u0131nca neden olabilece\u011finden bebekte anne s\u00fct\u00fc emerken a\u011flama g\u00f6r\u00fclebilir.<\/p>\n<h3><span style=\"color:#FFA500;\"><strong><span style=\"font-size:16px;\">Di\u015f \u00e7\u0131karma<\/span><\/strong><\/span><\/h3>\n<p><strong>Bebekler di\u015f \u00e7\u0131kar\u0131rkenki ac\u0131lar\u0131na tepki olarak kulaklar\u0131n\u0131 ka\u015f\u0131yabilir, \u00e7ekebilir ve zarar vermek isteyebilirler.<\/strong> Bunun nedeni bebe\u011finiz a\u011fr\u0131n\u0131n di\u015f etinden mi, kulaktan m\u0131 geldi\u011fini ay\u0131rt edemeyip, ac\u0131lar\u0131n\u0131 kulaktan \u00e7\u0131karmak istemeleridir. <a href=\"https:\/\/www.mavikadin.com\/bebeklerde-dis-cikarma-agrisi-nasil-gecer-17-uzman-onerisi\" target=\"_blank\" rel=\"noopener\">Bebeklerde di\u015f \u00e7\u0131karma <\/a>belirtileri genelde salya akmas\u0131, bebe\u011fin her buldu\u011fu nesneyi a\u011fz\u0131na g\u00f6t\u00fcrmek istemesi ve sinirli olmas\u0131d\u0131r. Amerikan Pediatri Akademisi&#8217;ne g\u00f6re, bazen di\u015f \u00e7\u0131karan bebekte hafif ate\u015fte g\u00f6r\u00fclebilir.<\/p>\n<p><span style=\"color:#FF8C00;\"><strong><span style=\"font-size:16px;\">Bebeklerde kulakta ka\u015f\u0131nt\u0131n\u0131n di\u011fer nedenleri<\/span><\/strong><\/span><\/p>\n<ol>\n<li>Egzama<\/li>\n<li>Sedef hastal\u0131\u011f\u0131<\/li>\n<li>Kulak enfeksiyonu<\/li>\n<li>Mantar kulak enfeksiyonu<\/li>\n<li>Alerjik reaksiyon<\/li>\n<li>G\u00fcne\u015f yan\u0131\u011f\u0131<\/li>\n<\/ol>\n<h3><strong><span style=\"color:#FF8C00;\"><span style=\"font-size:16px;\">Bebekte kulak ka\u015f\u0131nt\u0131s\u0131 nas\u0131l ge\u00e7er?<\/span><\/span><\/strong><\/h3>\n<ol>\n<li>Bebekte kulakta ka\u015f\u0131nt\u0131 y\u00fcksek ate\u015f, kulakta ak\u0131nt\u0131, bebekte huysuzluk gibi belirtilerle seyr ediyorsa, bebe\u011finiz 12 haftal\u0131k ve daha k\u00fc\u00e7\u00fckse mutlaka bir doktora g\u00f6r\u00fcn\u00fcn.<\/li>\n<li>Bebeklerde kulak ka\u015f\u0131nt\u0131s\u0131 alerji ve egzamadan dolay\u0131 da olabilir, bu durumlar\u0131 tespit ve tedavi i\u00e7in kulak burun bo\u011faz doktoruna ba\u015fvurabilirsiniz.<\/li>\n<li>Bebekte kulak mantar\u0131 varsa tedavi ettirmek<\/li>\n<li>Kulak a\u011fr\u0131yan b\u00f6lgeye \u0131l\u0131k kompres uygulamak (havluyu \u0131s\u0131t\u0131p bebe\u011fin kula\u011f\u0131na tutmak, yahut s\u0131cak su torbas\u0131na \u0131l\u0131k su koymak)<\/li>\n<li>Sar\u0131msa\u011f\u0131 zeytinya\u011f\u0131n\u0131n i\u00e7ine koyup ocakta \u0131l\u0131t\u0131p, doktor onay\u0131yla bebe\u011fin kula\u011f\u0131na damlatmak,<\/li>\n<li>Eczaneden temin edebilece\u011finiz anestetik kulak damlas\u0131n\u0131 yine doktorunuzun bilgisi dahilinde bebe\u011fin kula\u011f\u0131na damlatmak derdinize deva olabilecek y\u00f6ntemlerdendir.<\/li>\n<\/ol>\n<p>Not: Doktorunuza dan\u0131\u015fmadan bildirilen y\u00f6ntemleri asla uygulamay\u0131n.<\/p>\n<p><span style=\"font-size:20px;\"><a href=\"https:\/\/www.mavikadin.com\/bebeklere-gaz-yapmayan-mama-markalari-neledir\" target=\"_blank\" rel=\"noopener\">Bebeklerde Gaz Yapmayan Mama Markalar\u0131 \u0130\u00e7in T\u0131klay\u0131n\u0131z<\/a><\/span><\/p>\n<p><span style=\"font-size:20px;\"><a href=\"https:\/\/www.mavikadin.com\/bebegim-yemek-yemiyor-bebeklerde-istahsizlik-nedenleri-nelerdir\" target=\"_blank\" rel=\"noopener\"><span style=\"color:#FF0000;\">Bebeklerde \u0130\u015ftahs\u0131zl\u0131k Neden Olur? Bebe\u011fim Neden Hi\u00e7bir\u015fey Yemiyor? T\u0131klay\u0131n\u0131z<\/span><\/a><\/span><\/p>\n<p><span style=\"font-size:20px;\"><a href=\"https:\/\/www.mavikadin.com\/bebeklerde-dis-cikarma-agrisi-nasil-gecer-17-uzman-onerisi\" target=\"_blank\" rel=\"noopener\">Bebeklerde Di\u015f A\u011fr\u0131s\u0131na Ne \u0130yi Gelir? 17 Pratik Y\u00f6ntem T\u0131klay\u0131n\u0131z<\/a><\/span><\/p>\n<p><span style=\"font-size:20px;\"><a href=\"https:\/\/www.mavikadin.com\/bebeklerde-agiz-suyu-akmasi-nasil-gecer-doktor-tavsiyeleri\" target=\"_blank\" rel=\"noopener\"><span style=\"color:#FF0000;\">Bebeklerde Salya (A\u011f\u0131z Suyu Akmas\u0131) Nas\u0131l Durdurulur? 10 Doktor \u00d6nerisi T\u0131klay\u0131n\u0131z.<\/span><\/a><\/span><\/p>\n","protected":false},"excerpt":{"rendered":"<p>Bebeklerin kulaklar\u0131yla oynamas\u0131, ka\u015f\u0131mas\u0131, kurcalamas\u0131 genelde bu organlar\u0131n\u0131 tan\u0131maya \u00e7al\u0131\u015f\u0131p, merak ettiklerindendir. Bebeklerin kulaklar\u0131yla oynamas\u0131, ka\u015f\u0131mas\u0131, kurcalamas\u0131 genelde bu organlar\u0131n\u0131 tan\u0131maya \u00e7al\u0131\u015f\u0131p, merak ettiklerindendir. Fakat baz\u0131 durumlarda ise bebe\u011fin bu hareketleri b\u00f6lgede a\u011fr\u0131 ve enfeksiyona i\u015faret edebilir. Bebekteki olas\u0131 di\u011fer belirtileri de takip etmek bebe\u011fin kula\u011f\u0131na dokunmas\u0131n\u0131n meraktan m\u0131, yoksa herhangi bir sa\u011fl\u0131k sorunundan m\u0131 [&hellip;]<\/p>\n","protected":false},"author":30,"featured_media":40804,"comment_status":"closed","ping_status":"open","sticky":false,"template":"","format":"standard","meta":{"rank_math_lock_modified_date":false,"footnotes":""},"categories":[111],"tags":[31679,31680,31677,31678,31676],"class_list":["post-40805","post","type-post","status-publish","format-standard","has-post-thumbnail","hentry","category-anne-cocuk","tag-bebek-dis-cikarma","tag-bebek-kulak-bakimi","tag-bebek-kulak-enfeksiyonu","tag-bebek-kulak-iltihabi","tag-bebek-kulak-kasintisi"],"_links":{"self":[{"href":"https:\/\/www.tgrthaber.com\/mavikadin\/wp-json\/wp\/v2\/posts\/40805"}],"collection":[{"href":"https:\/\/www.tgrthaber.com\/mavikadin\/wp-json\/wp\/v2\/posts"}],"about":[{"href":"https:\/\/www.tgrthaber.com\/mavikadin\/wp-json\/wp\/v2\/types\/post"}],"author":[{"embeddable":true,"href":"https:\/\/www.tgrthaber.com\/mavikadin\/wp-json\/wp\/v2\/users\/30"}],"replies":[{"embeddable":true,"href":"https:\/\/www.tgrthaber.com\/mavikadin\/wp-json\/wp\/v2\/comments?post=40805"}],"version-history":[{"count":1,"href":"https:\/\/www.tgrthaber.com\/mavikadin\/wp-json\/wp\/v2\/posts\/40805\/revisions"}],"predecessor-version":[{"id":40806,"href":"https:\/\/www.tgrthaber.com\/mavikadin\/wp-json\/wp\/v2\/posts\/40805\/revisions\/40806"}],"wp:featuredmedia":[{"embeddable":true,"href":"https:\/\/www.tgrthaber.com\/mavikadin\/wp-json\/wp\/v2\/media\/40804"}],"wp:attachment":[{"href":"https:\/\/www.tgrthaber.com\/mavikadin\/wp-json\/wp\/v2\/media?parent=40805"}],"wp:term":[{"taxonomy":"category","embeddable":true,"href":"https:\/\/www.tgrthaber.com\/mavikadin\/wp-json\/wp\/v2\/categories?post=40805"},{"taxonomy":"post_tag","embeddable":true,"href":"https:\/\/www.tgrthaber.com\/mavikadin\/wp-json\/wp\/v2\/tags?post=40805"}],"curies":[{"name":"wp","href":"https:\/\/api.w.org\/{rel}","templated":true}]}}