{"id":40820,"date":"2016-04-30T20:19:35","date_gmt":"2016-04-30T17:19:35","guid":{"rendered":"https:\/\/new.mavikadin.com\/?p=40820"},"modified":"2024-12-06T15:33:11","modified_gmt":"2024-12-06T12:33:11","slug":"bebeklerde-cilek-alerjisi-nedir-belirtileri-nelerdir","status":"publish","type":"post","link":"https:\/\/www.tgrthaber.com\/mavikadin\/bebeklerde-cilek-alerjisi-nedir-belirtileri-nelerdir\/","title":{"rendered":"\u00c7ilek bebeklerde alerji yapar m\u0131? Bebeklerde \u00e7ilek alerjisi belirtileri"},"content":{"rendered":"<p>\u00c7ilek, parlak rengi, g\u00fczel \u015fekil ve m\u00fcthi\u015f besleyici i\u00e7eri\u011fi ile, d\u00fcnyan\u0131n en sevilen meyvelerindendir. Peki, bebeklere \u00e7ilek ne zaman ve nas\u0131l verilir? yeni anne aday\u0131 olarak akl\u0131n\u0131za gelen t\u00fcm bu sorular\u0131n cevab\u0131n\u0131 makalemizde bulabilirsiniz. \u00c7ilek, sa\u011fl\u0131k i\u00e7in \u00e7ok \u00f6nemli olan vitamin ve flavonoidler a\u00e7\u0131s\u0131ndan zengin bir besindir. Ironik olarak, \u00e7ilek ayn\u0131 zamanda, istenmeyen alerjik reaksiyonlardan da sorumludur. Bu nedenle bebek sahibi olan ki\u015filer bebeklerine ne zaman ve nas\u0131l \u00e7ilek vermeye ba\u015flayacaklar\u0131n\u0131 mutlaka \u00f6\u011frenmeli, uzmanlar\u0131n \u00f6nerilerini dikkate almal\u0131d\u0131r.<\/p>\n<h3>\u00c7\u0130LEK BEBEKLERDE ALERJ\u0130YE NEDEN OLUR MU?<\/h3>\n<p>\u00c7ilek, bebeklerde alerjik reaksiyona neden olabilen meyvelerdendir. Doktorlar\u0131n \u00e7ile\u011fin bebek beslenmesine eklenmesi konusunda farkl\u0131 g\u00f6r\u00fc\u015fleri vard\u0131r. Baz\u0131 uzmanlar bu g\u00fczel yemi\u015fi yemek i\u00e7in bebeklerin en az 1 ya\u015f\u0131na kadar beklemesi gerekti\u011fini bildiriyor. Ancak, ABD&#8217;de, Amerikan Pediatri Akademisi&#8217;nden bir rapor bu kurallar\u0131 modifiye etmi\u015f ve alt\u0131nc\u0131 aydan itibaren bebeklerin \u00e7ilek yiyebileceklerini haber vermi\u015ftir.<\/p>\n<p>\u00c7ilek alerjisi belirtileri, genelikle, meyvenin temas etti\u011fi a\u011f\u0131z ve \u00e7evresinde d\u00f6k\u00fcnt\u00fc ve ka\u015f\u0131nt\u0131 gibi semptomlarla kendini g\u00f6stermektedir. Bununla birlikte, bazen \u015fiddetli reaksiyonlarda bo\u011fazda \u015fi\u015fmesi de g\u00f6r\u00fclebilir. Di\u011fer belirtiler aras\u0131nda v\u00fccutta \u00fcrtiker ve ast\u0131m veya mevcut egzaman\u0131n ilerlemesi olarak say\u0131labilir.<\/p>\n<h3>BEBEKLERDE \u00c7\u0130LEK ALERJ\u0130S\u0130 BEL\u0130RT\u0130LER\u0130<\/h3>\n<p>1. Bebeklerde gaz problemi<br \/>\n2. \u00c7ile\u011fin temas etti\u011fi yerlerde deri d\u00f6k\u00fcnt\u00fcleri<br \/>\n3. Y\u00fcz\u00fcn, dil, dudak ya da bo\u011faz\u0131n \u015fi\u015fmesi<br \/>\n4. mide kramplar\u0131<br \/>\n5. bulant\u0131<br \/>\n6. kusma<br \/>\n7. ishal<\/p>\n<p><img loading=\"lazy\" decoding=\"async\" class=\"alignnone wp-image-102575 size-large\" src=\"https:\/\/www.tgrthaber.com\/mavikadin\/wp-content\/uploads\/Purple-Aesthetic-Watercolor-Zoom-Virtual-Background-2024-12-06T152702.171-1024x576.png\" alt=\"\" width=\"640\" height=\"360\" title=\"\" srcset=\"https:\/\/www.tgrthaber.com\/mavikadin\/wp-content\/uploads\/Purple-Aesthetic-Watercolor-Zoom-Virtual-Background-2024-12-06T152702.171-1024x576.png 1024w, https:\/\/www.tgrthaber.com\/mavikadin\/wp-content\/uploads\/Purple-Aesthetic-Watercolor-Zoom-Virtual-Background-2024-12-06T152702.171-300x169.png 300w, https:\/\/www.tgrthaber.com\/mavikadin\/wp-content\/uploads\/Purple-Aesthetic-Watercolor-Zoom-Virtual-Background-2024-12-06T152702.171-768x432.png 768w, https:\/\/www.tgrthaber.com\/mavikadin\/wp-content\/uploads\/Purple-Aesthetic-Watercolor-Zoom-Virtual-Background-2024-12-06T152702.171.png 1280w\" sizes=\"(max-width: 640px) 100vw, 640px\" \/><\/p>\n<h3>\u00c7\u0130LEK BEBE\u011eE NASIL VER\u0130LMEL\u0130?<\/h3>\n<p>Bebe\u011finize \u00e7ilek vermeden \u00f6nce \u00e7ile\u011fe haz\u0131r olup olmad\u0131\u011f\u0131n\u0131n sinyallerine bak\u0131n<\/p>\n<p>Bebe\u011finizin \u00e7ilek yeme\u011fe haz\u0131r oldu\u011funun g\u00f6stergeleri:<\/p>\n<p>1. Dengeli ba\u015f kontrol\u00fc<br \/>\n2. Destek ile oturabilme<br \/>\n3. \u00c7i\u011fneme hareketleri sergilemesi<br \/>\n4. Hissedilir kilo al\u0131m\u0131<br \/>\n5. Artan i\u015ftah<br \/>\n6. Annenin yediklerini merak etme d\u00fcrt\u00fcs\u00fc<\/p>\n<p><strong>\u00c7ilek p\u00fcresi olarak verin<\/strong><\/p>\n<p>Tam meyve \u015feklinde vermektense \u00f6nce ezilmi\u015f p\u00fcre \u015feklinde verilebilir. Avokado ile birlikte de ezebilirsiniz. Ayr\u0131ca di\u011fer meyvelerle blend\u0131rda kar\u0131\u015ft\u0131r\u0131p kal\u0131plara d\u00f6k\u00fcp dondurma olarak da verebilirsiniz. ( \u015fayet bebe\u011finizin ba\u011f\u0131\u015f\u0131kl\u0131\u011f\u0131 d\u00fc\u015f\u00fck ve kolay hasta oluyorsa, dondurma olarak vermek yerine blend\u0131rdan ge\u00e7ip p\u00fcre halinde vermenizi \u00f6neririz)<\/p>\n<p><strong>K\u00fc\u00e7\u00fck par\u00e7alara b\u00f6l\u00fcn<\/strong><\/p>\n<p>\u00c7ilekler b\u00fct\u00fcn halde verildi\u011finde bebeklerde bo\u011fulmaya neden olabilir. \u00c7ilek p\u00fcresi veya k\u00fc\u00e7\u00fck par\u00e7alar halinde do\u011franm\u0131\u015f hali en uygun olan\u0131d\u0131r. \u00c7ilek kaygan oldu\u011fundan tam \u00e7i\u011fnenmeden bebe\u011finizin bo\u011faz\u0131na ka\u00e7abilme e\u011filimindedir. Bebe\u011finiz 3 ya\u015f\u0131na ula\u015fana kadar k\u00fc\u00e7\u00fck par\u00e7alara b\u00f6l\u00fcnm\u00fc\u015f \u015fekilde yahut blend\u0131rdan ge\u00e7ip p\u00fcre halinde \u00e7ilek verin.<\/p>\n<p><strong>Ba\u015fka yeni bir g\u0131da tan\u0131tmadan 3 g\u00fcn bekleyin<\/strong><\/p>\n<p>Yeni bir g\u0131da tan\u0131tmadan en az 3 g\u00fcn beklenmelidir b\u00f6ylece \u00e7ilek alerjik reaksiyona neden oldu mu diye kolayl\u0131kla g\u00f6zlemleyebilirsiniz. E\u011fer bebe\u011finiz \u00e7e\u015fitli yiyeceklere alerjik reaksiyon g\u00f6steriyorsa doktorunuza \u00e7ile\u011fi tan\u0131tmadan \u00f6nce dan\u0131\u015f\u0131n.<\/p>\n<h3>\u00c7\u0130LEK MEYVES\u0130N\u0130N BEBE\u011eE FAYDASI<\/h3>\n<p>\u00c7ilek bir \u00e7ok de\u011ferli besin maddesi i\u00e7erir: vitamin B, C ve K, folat, diyet lifi, potasyum, manganez, bak\u0131r, magnezyum, omega-3 ya\u011f asitleri ve fenoller. Fenoller v\u00fccudumuzu kanser gibi kronik hastal\u0131klardan koruyan bile\u015fiklerdir.<\/p>\n<h3>\u00c7\u0130LEK BEBEKLERE NE ZAMAN VER\u0130LMEL\u0130?<\/h3>\n<p>Uzmanlar, 6-12 ayl\u0131k bebeklerin g\u00fcnl\u00fck \u00bc-1\/2 su barda\u011f\u0131 ( yani bir barda\u011f\u0131n d\u00f6rtte biri yahut su barda\u011f\u0131n yar\u0131s\u0131) meyve almas\u0131n\u0131 \u00f6neriyor. Ebeveynlerin, bebeklere, ileride kalp hastal\u0131\u011f\u0131 ve kanser riskini azaltan sa\u011fl\u0131kl\u0131 meyveleri sevdirmeleri gerekti\u011fini bildiriyorlar. Ancak bebekler s\u00f6ylenen miktardan fazla meyve t\u00fcketmemelidir, bu t\u00fcketim oran\u0131 sebze, s\u00fct \u00fcr\u00fcnleri, tah\u0131llar ve proteince zengin g\u0131dalar gibi di\u011fer \u00f6nemli g\u0131dalar\u0131n yerini almamal\u0131d\u0131r.<\/p>\n","protected":false},"excerpt":{"rendered":"<p>\u00c7ilek, parlak rengi, g\u00fczel \u015fekil ve m\u00fcthi\u015f besleyici i\u00e7eri\u011fi ile, d\u00fcnyan\u0131n en sevilen meyvelerindendir. Peki, bebeklere \u00e7ilek ne zaman ve nas\u0131l verilir? yeni anne aday\u0131 olarak akl\u0131n\u0131za gelen t\u00fcm bu sorular\u0131n cevab\u0131n\u0131 makalemizde bulabilirsiniz. Bebeklerde \u00e7ilek alerjisi ne zaman g\u00f6r\u00fcl\u00fcr? \u00c7ilek alerjisi belirtileri&#8230;<\/p>\n","protected":false},"author":30,"featured_media":102574,"comment_status":"closed","ping_status":"open","sticky":false,"template":"","format":"standard","meta":{"rank_math_lock_modified_date":false,"footnotes":""},"categories":[111],"tags":[203,2946,3588,3589],"class_list":["post-40820","post","type-post","status-publish","format-standard","has-post-thumbnail","hentry","category-anne-cocuk","tag-alerji","tag-anne-cocuk","tag-bebeklerde-cilek-alerjisi","tag-cilek-alerjisi"],"_links":{"self":[{"href":"https:\/\/www.tgrthaber.com\/mavikadin\/wp-json\/wp\/v2\/posts\/40820"}],"collection":[{"href":"https:\/\/www.tgrthaber.com\/mavikadin\/wp-json\/wp\/v2\/posts"}],"about":[{"href":"https:\/\/www.tgrthaber.com\/mavikadin\/wp-json\/wp\/v2\/types\/post"}],"author":[{"embeddable":true,"href":"https:\/\/www.tgrthaber.com\/mavikadin\/wp-json\/wp\/v2\/users\/30"}],"replies":[{"embeddable":true,"href":"https:\/\/www.tgrthaber.com\/mavikadin\/wp-json\/wp\/v2\/comments?post=40820"}],"version-history":[{"count":4,"href":"https:\/\/www.tgrthaber.com\/mavikadin\/wp-json\/wp\/v2\/posts\/40820\/revisions"}],"predecessor-version":[{"id":102577,"href":"https:\/\/www.tgrthaber.com\/mavikadin\/wp-json\/wp\/v2\/posts\/40820\/revisions\/102577"}],"wp:featuredmedia":[{"embeddable":true,"href":"https:\/\/www.tgrthaber.com\/mavikadin\/wp-json\/wp\/v2\/media\/102574"}],"wp:attachment":[{"href":"https:\/\/www.tgrthaber.com\/mavikadin\/wp-json\/wp\/v2\/media?parent=40820"}],"wp:term":[{"taxonomy":"category","embeddable":true,"href":"https:\/\/www.tgrthaber.com\/mavikadin\/wp-json\/wp\/v2\/categories?post=40820"},{"taxonomy":"post_tag","embeddable":true,"href":"https:\/\/www.tgrthaber.com\/mavikadin\/wp-json\/wp\/v2\/tags?post=40820"}],"curies":[{"name":"wp","href":"https:\/\/api.w.org\/{rel}","templated":true}]}}