{"id":40931,"date":"2016-05-21T18:20:10","date_gmt":"2016-05-21T15:20:10","guid":{"rendered":"https:\/\/new.mavikadin.com\/?p=40931"},"modified":"2024-09-16T10:09:37","modified_gmt":"2024-09-16T07:09:37","slug":"bebeklerde-agizdan-kopuk-gelmesi-neden-olur-nasil-gecer","status":"publish","type":"post","link":"https:\/\/www.tgrthaber.com\/mavikadin\/bebeklerde-agizdan-kopuk-gelmesi-neden-olur-nasil-gecer\/","title":{"rendered":"Bebeklerde A\u011f\u0131zdan K\u00f6p\u00fck Gelmesi Neden Olur, Nas\u0131l Ge\u00e7er?"},"content":{"rendered":"<p>Bebeklerde a\u011f\u0131zdan k\u00f6p\u00fck gelmesi \u00e7e\u015fitli nedenlerden kaynaklan\u0131r bunlardan baz\u0131lar\u0131 \u015funlard\u0131r;<\/p>\n<p>Bebeklerde a\u011f\u0131zdan k&ouml;p&uuml;k gelmesi &ccedil;e\u015fitli nedenlerden kaynaklan\u0131r bunlardan baz\u0131lar\u0131 \u015funlard\u0131r;<\/p>\n<p><strong>Sual:<\/strong><br \/>50 g&uuml;nl&uuml;k bebe\u011fimin a\u011fz\u0131ndan k&ouml;p&uuml;k &ccedil;\u0131k\u0131yor, bu durum neden kaynaklan\u0131r?<\/p>\n<p><strong>CEVAP<\/strong><br \/>&Ccedil;ocuk Sa\u011fl\u0131\u011f\u0131 ve Hastal\u0131klar\u0131 Uzman\u0131 Dr. Murat Do\u011fan&#8217;\u0131n cevab\u0131<strong> bebeklerde a\u011f\u0131zdan k&ouml;p&uuml;k gelmesi genellikle dil ve yutkunma hareketinin kordinasyon becerisinin bu aylarda tam olgunla\u015fmamas\u0131na ba\u011fl\u0131d\u0131r<\/strong>.Yine de pamuk&ccedil;uk ve di\u011fer olas\u0131 sebepler a&ccedil;\u0131s\u0131ndan &ccedil;ocuk doktorunuza mutlaka ba\u015fvurun.<\/p>\n<p>Bebeklerde di\u015f &ccedil;\u0131karma, genelde 6. ve 7. ayda a\u011f\u0131zdan k&ouml;p&uuml;k gelmesi g&ouml;r&uuml;lebilir.Hatta bu durum bebeklerde &ouml;ks&uuml;r&uuml;\u011fe yol a&ccedil;abilir. Fakat &nbsp;endi\u015fe etmemeli&nbsp;ge&ccedil;ici bir durumdur.<\/p>\n<p>Bebeklerde normalden&nbsp;erken di\u015f &ccedil;\u0131kmas\u0131nda da a\u011f\u0131zdan k&ouml;p&uuml;k &ccedil;\u0131kmas\u0131 g&ouml;r&uuml;lebilir.<\/p>\n<p><strong>Yenido\u011fan bebeklerde&nbsp;a\u011f\u0131zdan k&ouml;p&uuml;k gelmesi,<\/strong> fazla t&uuml;k&uuml;r&uuml;k salg\u0131lanmas\u0131ndan kaynaklanabilece\u011fi gibi epilepsi ve refl&uuml;den de meydana gelebilir.<\/p>\n<p>Refl&uuml;&nbsp;de bebeklerde a\u011f\u0131zdan k&ouml;p&uuml;k gelmesine neden olan rahats\u0131zl\u0131klardand\u0131r.&nbsp;Bebe\u011finizi besledikten sonra a\u011fz\u0131ndan k&ouml;p&uuml;k geliyorsa, refl&uuml; olup olmad\u0131\u011f\u0131n\u0131 ara\u015ft\u0131rmak i&ccedil;in doktora ba\u015fvurmal\u0131s\u0131n\u0131z.<\/p>\n<p>Bebeklerde havale ve n&ouml;bet ge&ccedil;irirken de a\u011f\u0131zdan k&ouml;p&uuml;k gelmesi olu\u015fur.<\/p>\n<p>Sara toplumumuzda s\u0131k rastlan\u0131lan sa\u011fl\u0131k sorunlar\u0131ndand\u0131r. Bebe\u011finizde sara hastal\u0131\u011f\u0131 varsa, a\u011f\u0131zdan k&ouml;p&uuml;k gelmesi sara hastal\u0131\u011f\u0131n\u0131n belirtilerinden biridir.<\/p>\n<p>A\u011f\u0131zdan k&ouml;p&uuml;k gelmesinin bir di\u011fer&nbsp;nedeni de dehidrasyon yani yetersiz s\u0131v\u0131 al\u0131m\u0131d\u0131r, bebe\u011finizin yeterli miktarda <a href=\"https:\/\/www.mavikadin.com\/sut-neden-kesilir-anne-sutunun-azalma-ve-kesilme-nedenleri\" target=\"_blank\" rel=\"noopener\">anne s&uuml;t&uuml; <\/a>ald\u0131\u011f\u0131ndan emin olun.<\/p>\n<p>Zehirlenme yahut kuduz hastal\u0131\u011f\u0131nda da a\u011f\u0131zdan k&ouml;p&uuml;k gelebilir.<\/p>\n<h3><span style=\"font-size: 16px;\">Bebeklerde a\u011f\u0131zdan k&ouml;p&uuml;k gelmesi nas\u0131l ge&ccedil;er?<\/span><\/h3>\n<p>Bebe\u011finizin a\u011fz\u0131ndan k&ouml;p&uuml;k geliyorsa&nbsp;uzman bir &ccedil;ocuk doktoruna ba\u015fvurmal\u0131, gerekli tahlil ve tedavi uygulanmal\u0131d\u0131r.<\/p>\n<p><span style=\"font-size: 20px;\"><a href=\"https:\/\/www.mavikadin.com\/bebek-gazi-ilaci-ve-gaz-damlasi-markalari-doktorlar-bilgi-veriyor\" target=\"_blank\" rel=\"noopener\"><span style=\"color: #ff0000;\">Bebekler \u0130&ccedil;in Gaz Giderici \u0130la&ccedil;lar Nelerdir? Doktorlar Cevapl\u0131yor T\u0131klay\u0131n\u0131z<\/span><\/a><\/span><\/p>\n<p><span style=\"font-size: 20px;\"><a href=\"https:\/\/www.mavikadin.com\/bebeklerde-agiz-suyu-akmasi-nasil-gecer-doktor-tavsiyeleri\" target=\"_blank\" rel=\"noopener\">Bebeklerde Salya (A\u011f\u0131z Suyu Akmas\u0131) Nas\u0131l Durdurulur? 10 Doktor &Ouml;nerisi T\u0131klay\u0131n\u0131z.<\/a><\/span><\/p>\n<p><span style=\"font-size: 20px;\"><a href=\"https:\/\/www.mavikadin.com\/bebeklerin-salyasi-neden-akar-bebeklerdeki-salya-akintisi-nasil-gecer\" target=\"_blank\" rel=\"noopener\"><span style=\"color: #ff0000;\">Bebeklerde Salya Akmas\u0131n\u0131n En &Ouml;nemli Nedenleri Nelerdir? T\u0131klay\u0131n\u0131z<\/span><\/a><\/span><\/p>\n<p><span style=\"font-size: 20px;\"><a href=\"https:\/\/www.mavikadin.com\/bebegim-yemek-yemiyor-bebeklerde-istahsizlik-nedenleri-nelerdir\" target=\"_blank\" rel=\"noopener\">Bebeklerde \u0130\u015ftahs\u0131zl\u0131k Neden Olur? Bebe\u011fim Neden Hi&ccedil;bir\u015fey Yemiyor? T\u0131klay\u0131n\u0131z<\/a><\/span><\/p>\n<p><span style=\"font-size: 20px;\"><a href=\"https:\/\/www.mavikadin.com\/bebeklerde-dis-cikarma-agrisi-nasil-gecer-17-uzman-onerisi\" target=\"_blank\" rel=\"noopener\"><span style=\"color: #ff0000;\">Bebeklerde Di\u015f A\u011fr\u0131s\u0131na Ne \u0130yi Gelir? 17 Pratik Y&ouml;ntem T\u0131klay\u0131n\u0131z<\/span><\/a><\/span><\/p>\n<p><span style=\"font-size: 20px;\"><a href=\"https:\/\/www.mavikadin.com\/bebeklerde-gaz-icin-elma-yagi-nasil-kullanilir\" target=\"_blank\" rel=\"noopener\">Bebeklerde Gaz \u0130&ccedil;in Elma Ya\u011f\u0131 Nas\u0131l Kullan\u0131l\u0131r? T\u0131klay\u0131n\u0131z<\/a><\/span><\/p>\n","protected":false},"excerpt":{"rendered":"<p>Bebeklerde a\u011f\u0131zdan k\u00f6p\u00fck gelmesi \u00e7e\u015fitli nedenlerden kaynaklan\u0131r bunlardan baz\u0131lar\u0131 \u015funlard\u0131r; Bebeklerde a\u011f\u0131zdan k&ouml;p&uuml;k gelmesi &ccedil;e\u015fitli nedenlerden kaynaklan\u0131r bunlardan baz\u0131lar\u0131 \u015funlard\u0131r; Sual:50 g&uuml;nl&uuml;k bebe\u011fimin a\u011fz\u0131ndan k&ouml;p&uuml;k &ccedil;\u0131k\u0131yor, bu durum neden kaynaklan\u0131r? CEVAP&Ccedil;ocuk Sa\u011fl\u0131\u011f\u0131 ve Hastal\u0131klar\u0131 Uzman\u0131 Dr. Murat Do\u011fan&#8217;\u0131n cevab\u0131 bebeklerde a\u011f\u0131zdan k&ouml;p&uuml;k gelmesi genellikle dil ve yutkunma hareketinin kordinasyon becerisinin bu aylarda tam olgunla\u015fmamas\u0131na ba\u011fl\u0131d\u0131r.Yine [&hellip;]<\/p>\n","protected":false},"author":30,"featured_media":40930,"comment_status":"closed","ping_status":"open","sticky":false,"template":"","format":"standard","meta":{"rank_math_lock_modified_date":false,"footnotes":""},"categories":[111],"tags":[5881,31830,28517,31832,31831],"class_list":["post-40931","post","type-post","status-publish","format-standard","has-post-thumbnail","hentry","category-anne-cocuk","tag-bebek-sagligi","tag-bebeklerde-agiz-kopurmesi","tag-bebeklerde-dis-cikarma","tag-bebeklerde-nobet","tag-bebeklerde-reflu"],"_links":{"self":[{"href":"https:\/\/www.tgrthaber.com\/mavikadin\/wp-json\/wp\/v2\/posts\/40931"}],"collection":[{"href":"https:\/\/www.tgrthaber.com\/mavikadin\/wp-json\/wp\/v2\/posts"}],"about":[{"href":"https:\/\/www.tgrthaber.com\/mavikadin\/wp-json\/wp\/v2\/types\/post"}],"author":[{"embeddable":true,"href":"https:\/\/www.tgrthaber.com\/mavikadin\/wp-json\/wp\/v2\/users\/30"}],"replies":[{"embeddable":true,"href":"https:\/\/www.tgrthaber.com\/mavikadin\/wp-json\/wp\/v2\/comments?post=40931"}],"version-history":[{"count":1,"href":"https:\/\/www.tgrthaber.com\/mavikadin\/wp-json\/wp\/v2\/posts\/40931\/revisions"}],"predecessor-version":[{"id":40932,"href":"https:\/\/www.tgrthaber.com\/mavikadin\/wp-json\/wp\/v2\/posts\/40931\/revisions\/40932"}],"wp:featuredmedia":[{"embeddable":true,"href":"https:\/\/www.tgrthaber.com\/mavikadin\/wp-json\/wp\/v2\/media\/40930"}],"wp:attachment":[{"href":"https:\/\/www.tgrthaber.com\/mavikadin\/wp-json\/wp\/v2\/media?parent=40931"}],"wp:term":[{"taxonomy":"category","embeddable":true,"href":"https:\/\/www.tgrthaber.com\/mavikadin\/wp-json\/wp\/v2\/categories?post=40931"},{"taxonomy":"post_tag","embeddable":true,"href":"https:\/\/www.tgrthaber.com\/mavikadin\/wp-json\/wp\/v2\/tags?post=40931"}],"curies":[{"name":"wp","href":"https:\/\/api.w.org\/{rel}","templated":true}]}}