{"id":41042,"date":"2016-06-03T19:10:03","date_gmt":"2016-06-03T16:10:03","guid":{"rendered":"https:\/\/new.mavikadin.com\/?p=41042"},"modified":"2024-09-16T10:11:27","modified_gmt":"2024-09-16T07:11:27","slug":"emzirirken-maden-suyu-veya-soda-icmek-zararli-mi-doktorlar-cevapliyor","status":"publish","type":"post","link":"https:\/\/www.tgrthaber.com\/mavikadin\/emzirirken-maden-suyu-veya-soda-icmek-zararli-mi-doktorlar-cevapliyor\/","title":{"rendered":"Emzirirken Maden Suyu Veya Soda \u0130\u00e7mek Zararl\u0131 m\u0131? Doktorlar Cevapl\u0131yor"},"content":{"rendered":"<p>Emziren anneler soda i\u00e7ebilirm, emziren\u00a0bir anne olarak soda i\u00e7memde b\u0131r sak\u0131nca var m\u0131d\u0131r?<\/p>\n<p><strong>Sual: <\/strong>Emziren anneler soda i\u00e7ebilirm, emziren&nbsp;bir anne olarak soda i\u00e7memde b\u0131r sak\u0131nca var m\u0131d\u0131r?<\/p>\n<p><strong>CEVAP<\/strong><\/p>\n<p>\u00c7ocuk Hastal\u0131klar\u0131 Uzm.Dr. Adem Kutanis&#8217;in cevab\u0131 fazla olmamak ko\u015fuluyla sak\u0131ncas\u0131 yok. <strong>1 \u015fi\u015feden den fazla i\u00e7ilmemeli.<\/strong><\/p>\n<p><strong>Sual: <\/strong>Emziren anne maden suyu i\u00e7ebilir mi? bebe\u011fin gaz problemine maden suyu nas\u0131l etki eder?<\/p>\n<p><strong>CEVAP<\/strong><\/p>\n<p><strong>\u00c7ocuk Sa\u011fl\u0131\u011f\u0131 ve Hastal\u0131klar\u0131 Uzm. Dr. Murat Ayd\u0131n&#8217;\u0131n cevab\u0131 emziren anne maden suyu i\u00e7ebilir,<\/strong> annenin \u00e7ok k\u0131s\u0131tlama yapmas\u0131na gerek yok, ne yaparsa yaps\u0131n bebekte gaz s\u0131k\u0131nt\u0131s\u0131 olacakt\u0131r.<\/p>\n<p><strong>Sual: <\/strong>Emziren anne gazoz i\u00e7ebilirmi ve ka\u00e7 su barda\u011f\u0131 i\u00e7ebilir?<br \/>\n<strong>CEVAP<\/strong><br \/>\nKad\u0131n Do\u011fum Uzman\u0131 Do\u00e7 Dr. Deniz Ula\u015f&#8217;\u0131n cevab\u0131: (Evet i\u00e7ebilir.En fazla 2 barda\u011f\u0131 i\u00e7ebilir.)<\/p>\n<p><strong>Sual<\/strong><\/p>\n<p>Emziren anne soda i\u00e7ebilir mi ve emzirme d\u00f6neminde nelere dikkat etmeliyiz?<\/p>\n<p><strong>CEVAP<\/strong><\/p>\n<p>Kad\u0131n Hastal\u0131klar\u0131 Ve Do\u011fum Uzman\u0131 Levent M. \u015eent\u00fcrk&#8217;\u00fcn cevab\u0131 evet i\u00e7ebilir, ayr\u0131ca g\u00fcnde 3 lt oda s\u0131cakl\u0131\u011f\u0131nda s\u00fct i\u00e7menizi tavsiye ederiz.<\/p>\n<p style=\"text-align:center\"><img loading=\"lazy\" decoding=\"async\" alt=\"\" height=\"400\" src=\"https:\/\/www.tgrthaber.com\/mavikadin\/wp-content\/images\/ckfiles\/images\/emziren-anne-soda-veya-maden-suyu-icebilirmi-doktorlar-cevapliyor-1.jpg\" width=\"600\" title=\"\"><\/p>\n<p><strong>Sual:<\/strong><\/p>\n<p>Bebe\u011fimi emzirirken soda i\u00e7memin bir zarar\u0131 olur mu soda i\u00e7ebilir miyim?<\/p>\n<p><strong>CEVAP<\/strong><\/p>\n<p>Diyetisyen Fatma \u0130nayet Cihangir&#8217;in cevab\u0131 1 \u015fi\u015feyi ge\u00e7medi\u011fi takdirde i\u00e7ebilirsiniz.<\/p>\n<p><strong>Sual: <\/strong>Emziren anne soda veya maden suyu i\u00e7ebilirmi?<\/p>\n<p><strong>Cevap<\/strong><\/p>\n<p>Emziren anneler taraf\u0131ndan en \u00e7ok sorulan sorulardan biri de emzirirken \u00e7ay, kahve, soda, maden suyu \u00e7ikolata t\u00fcketmenin g\u00fcvenli olup olmad\u0131\u011f\u0131d\u0131r. Sorunuzun cevab\u0131 ise evet a\u015f\u0131r\u0131ya ka\u00e7mad\u0131\u011f\u0131n\u0131z s\u00fcrece, yiyeceklerden ald\u0131\u011f\u0131n\u0131z g\u00fcnl\u00fck kafein miktar\u0131n\u0131<strong> 300 mg ile s\u0131n\u0131rl\u0131 tuttu\u011funuz s\u00fcrece emzirirken soda veya&nbsp;maden suyu i\u00e7ebilirsiniz. <\/strong>Bunun i\u00e7in a\u015fa\u011f\u0131da size bildirdi\u011fimiz yiyeceklerin kafein miktar\u0131n\u0131 ad\u0131n\u0131z soyad\u0131n\u0131z gibi iyi bilmenizi tavsiye ederiz. 370 ml sodada 70 mg kafein vard\u0131r. (1 su barda\u011f\u0131 250 ml eder burdan hesaplayabilirsiniz)<\/p>\n<p style=\"text-align:center\"><img loading=\"lazy\" decoding=\"async\" alt=\"\" height=\"400\" src=\"https:\/\/www.tgrthaber.com\/mavikadin\/wp-content\/images\/ckfiles\/images\/emziren-anne-soda-veya-maden-suyu-icebilirmi-doktorlar-cevapliyor.jpg\" width=\"397\" title=\"\"><\/p>\n<p>Yap\u0131lan bilimsel ara\u015ft\u0131rmalar emziren annenin g\u00fcnde 300 mg kafein al\u0131m\u0131n\u0131n \u00e7o\u011fu bebekte olumsuz bir etkiye yol a\u00e7mad\u0131\u011f\u0131n\u0131 belirlemi\u015ftir.<\/p>\n<p>Emziren anne olarak yedi\u011finiz t\u00fcm yiyecekler bebe\u011finize de ge\u00e7er. <strong>G\u00fcnde 1-2 su barda\u011f\u0131 soda veya&nbsp; made suyu i\u00e7ti\u011finizde , anne s\u00fct\u00fc ile bebe\u011finize ge\u00e7ecek kafein miktar\u0131 \u00e7ok az olaca\u011f\u0131ndan, \u00e7o\u011fu bebekte bu k\u00fc\u00e7\u00fck miktar hi\u00e7 bir soruna yol a\u00e7mayacakt\u0131r.<\/strong> Ancak baz\u0131 bebekler ise kafeine a\u015f\u0131r\u0131 duyarl\u0131 oldu\u011fundan, 1 su barda\u011f\u0131 maden suyu, soda gibi kafeinli i\u00e7ecek i\u00e7meniz bile bebekte sinirlilik, uykusuzluk, gerginlik, huzursuzluk gibi sorunlara yol a\u00e7abilir.&nbsp;Premat\u00fcre bebekler ve yenido\u011fan bebekler ise, anne s\u00fct\u00fcnden ge\u00e7en kafeini v\u00fccutlar\u0131ndan atmakta zorlan\u0131p, kafeine kar\u015f\u0131 daha duyarl\u0131 olduklar\u0131 g\u00f6zlemlenmi\u015ftir.<\/p>\n<p><strong>Dr. Mehmet Kundak\u00e7\u0131 soda ve maden suyunun i\u00e7eri\u011findeki mineraller sayesinde v\u00fccut dengesini sa\u011flad\u0131\u011f\u0131n\u0131 b\u00f6ylelikle anne s\u00fct\u00fcn\u00fc de artt\u0131rmaya yard\u0131mc\u0131 oldu\u011funu bildiriyor.&nbsp;<\/strong><\/p>\n<p><strong>\u00c7ocuk Sa\u011fl\u0131\u011f\u0131 Ve Hastal\u0131klar\u0131 Uzman\u0131 Sibel K\u0131l\u0131\u00e7aslan maden suyunun da s\u00fct yapan besinler aras\u0131nda yer ald\u0131\u011f\u0131n\u0131 bildiriyor.<\/strong><\/p>\n<p style=\"text-align:center\"><img loading=\"lazy\" decoding=\"async\" alt=\"\" height=\"340\" src=\"https:\/\/www.tgrthaber.com\/mavikadin\/wp-content\/images\/ckfiles\/images\/emziren-anne-soda-veya-maden-suyu-icebilirmi-doktorlar-cevapliyor-2.jpg\" width=\"600\" title=\"\"><\/p>\n<p>\u015e\u00f6yle de bir durum var, g\u00fcnde 1 bardak soda yahut maden suyu i\u00e7ti\u011finiz halde de bebe\u011finizde kafeine kar\u015f\u0131 duyarl\u0131l\u0131k varsa, a\u015fa\u011f\u0131da bildirdi\u011fimiz sorun ortaya \u00e7\u0131kabilir, bu durumda yapman\u0131z gereken m\u00fcmk\u00fcn mertebe kafeinli yiyecek ve i\u00e7eceklerden uzak durmakt\u0131r.<\/p>\n<p>Kafeinin bebeklerde yol a\u00e7t\u0131\u011f\u0131 sorunlar ise \u015funlard\u0131r;<\/p>\n<ol>\n<li>Hiperaktivite<\/li>\n<li>Titreme<\/li>\n<li>Sinirlilik<\/li>\n<li>Kolik belirtileri<\/li>\n<li>Huzursuz uyku<\/li>\n<li>Uykusuzluk<\/li>\n<\/ol>\n<p>Not: Bu cevaplar yaln\u0131zca soru soran \u015fah\u0131slara m\u00fcnhas\u0131rd\u0131r. Doktorunuza dan\u0131\u015fmadan maden suyu veya soda i\u00e7meyin.<\/p>\n<p><a href=\"https:\/\/www.mavikadin.com\/emziren-anne-turk-kahvesi-sutlu-kahve-ve-cay-kahve-icebilirmi\" style=\"font-size: 20px;\" target=\"_blank\" rel=\"noopener\"><span style=\"color:#FF0000;\">Emziren Anne Kahve \u0130\u00e7ebilirmi? Uzman Doktorlar Cevapl\u0131yor T\u0131klay\u0131n\u0131z<\/span><\/a><\/p>\n<p><span style=\"font-size:20px;\"><a href=\"https:\/\/www.mavikadin.com\/sut-neden-kesilir-anne-sutunun-azalma-ve-kesilme-nedenleri\" target=\"_blank\" rel=\"noopener\">Anne S\u00fct\u00fc Neden Azal\u0131r? &nbsp;Anne S\u00fct\u00fcn\u00fcn Azalma ve Kesilme Nedenleri T\u0131klay\u0131n\u0131z<\/a><\/span><\/p>\n<p><span style=\"font-size:20px;\"><a href=\"https:\/\/www.mavikadin.com\/kuru-kayisi-kuru-uzum-ve-kuru-incir-ile-sut-yapan-komposto-tarifi\" target=\"_blank\" rel=\"noopener\"><span style=\"color:#FF0000;\">Kuru Kay\u0131s\u0131, Kuru \u00dcz\u00fcm Ve Kuru \u0130ncir \u0130le S\u00fct Yapan Komposto Tarifi T\u0131klay\u0131n\u0131z<\/span><\/a><\/span><\/p>\n<p><span style=\"font-size:20px;\"><a href=\"https:\/\/www.mavikadin.com\/emziren-anne-ayva-yiyebilirmi-emziren-annelere-ayva-kompostosu-tarifi\" target=\"_blank\" rel=\"noopener\">Emziren Anne Ayva Yiyebilirmi? Emziren Annelere Ayva Kompostosu Tarifi T\u0131klay\u0131n\u0131z<\/a><\/span><\/p>\n<p><span style=\"font-size:20px;\"><a href=\"https:\/\/www.mavikadin.com\/emziren-anne-portakal-ve-mandalina-yiyebilirmi-bebekte-gaz-yapar-mi\" target=\"_blank\" rel=\"noopener\"><span style=\"color:#FF0000;\">Emziren Anne Portakal Ve Mandalina Yiyebilirmi, Bebekte Gaz Yapar m\u0131? T\u0131klay\u0131n\u0131z<\/span><\/a><\/span><\/p>\n<p><span style=\"font-size:20px;\"><a href=\"https:\/\/www.mavikadin.com\/nar-anne-sutunu-artirirmi-emzirirken-nar-ve-nar-suyunun-faydalari\" target=\"_blank\" rel=\"noopener\">Emziren Anne Nar Yiyebilirmi, Nar S\u00fct Yaparm\u0131? Doktor Cevapl\u0131yor T\u0131klay\u0131n\u0131z<\/a><\/span><\/p>\n<p><span style=\"font-size:20px;\"><a href=\"https:\/\/www.mavikadin.com\/ihlamur-sut-yaparmi-anne-sutunu-artiran-ihlamur-cayi-tarifi\" target=\"_blank\" rel=\"noopener\"><span style=\"color:#FF0000;\">Emziren Anne Ihlamur \u0130\u00e7ebilirmi? Uzman Doktorlar Cevapl\u0131yor T\u0131klay\u0131n\u0131z<\/span><\/a><\/span><\/p>\n","protected":false},"excerpt":{"rendered":"<p>Emziren anneler soda i\u00e7ebilirm, emziren\u00a0bir anne olarak soda i\u00e7memde b\u0131r sak\u0131nca var m\u0131d\u0131r? Sual: Emziren anneler soda i\u00e7ebilirm, emziren&nbsp;bir anne olarak soda i\u00e7memde b\u0131r sak\u0131nca var m\u0131d\u0131r? CEVAP \u00c7ocuk Hastal\u0131klar\u0131 Uzm.Dr. Adem Kutanis&#8217;in cevab\u0131 fazla olmamak ko\u015fuluyla sak\u0131ncas\u0131 yok. 1 \u015fi\u015feden den fazla i\u00e7ilmemeli. Sual: Emziren anne maden suyu i\u00e7ebilir mi? bebe\u011fin gaz problemine maden [&hellip;]<\/p>\n","protected":false},"author":30,"featured_media":41041,"comment_status":"closed","ping_status":"open","sticky":false,"template":"","format":"standard","meta":{"rank_math_lock_modified_date":false,"footnotes":""},"categories":[111],"tags":[31716,4952,1417,8586,31919],"class_list":["post-41042","post","type-post","status-publish","format-standard","has-post-thumbnail","hentry","category-anne-cocuk","tag-bebeklerde-gaz","tag-emziren-anne","tag-emzirme","tag-maden-suyu","tag-soda"],"_links":{"self":[{"href":"https:\/\/www.tgrthaber.com\/mavikadin\/wp-json\/wp\/v2\/posts\/41042"}],"collection":[{"href":"https:\/\/www.tgrthaber.com\/mavikadin\/wp-json\/wp\/v2\/posts"}],"about":[{"href":"https:\/\/www.tgrthaber.com\/mavikadin\/wp-json\/wp\/v2\/types\/post"}],"author":[{"embeddable":true,"href":"https:\/\/www.tgrthaber.com\/mavikadin\/wp-json\/wp\/v2\/users\/30"}],"replies":[{"embeddable":true,"href":"https:\/\/www.tgrthaber.com\/mavikadin\/wp-json\/wp\/v2\/comments?post=41042"}],"version-history":[{"count":1,"href":"https:\/\/www.tgrthaber.com\/mavikadin\/wp-json\/wp\/v2\/posts\/41042\/revisions"}],"predecessor-version":[{"id":41043,"href":"https:\/\/www.tgrthaber.com\/mavikadin\/wp-json\/wp\/v2\/posts\/41042\/revisions\/41043"}],"wp:featuredmedia":[{"embeddable":true,"href":"https:\/\/www.tgrthaber.com\/mavikadin\/wp-json\/wp\/v2\/media\/41041"}],"wp:attachment":[{"href":"https:\/\/www.tgrthaber.com\/mavikadin\/wp-json\/wp\/v2\/media?parent=41042"}],"wp:term":[{"taxonomy":"category","embeddable":true,"href":"https:\/\/www.tgrthaber.com\/mavikadin\/wp-json\/wp\/v2\/categories?post=41042"},{"taxonomy":"post_tag","embeddable":true,"href":"https:\/\/www.tgrthaber.com\/mavikadin\/wp-json\/wp\/v2\/tags?post=41042"}],"curies":[{"name":"wp","href":"https:\/\/api.w.org\/{rel}","templated":true}]}}