{"id":41093,"date":"2016-06-11T08:28:37","date_gmt":"2016-06-11T05:28:37","guid":{"rendered":"https:\/\/new.mavikadin.com\/?p=41093"},"modified":"2024-09-16T10:12:19","modified_gmt":"2024-09-16T07:12:19","slug":"milupa-rezene-cayi-bebeklerde-nasil-kullanilir","status":"publish","type":"post","link":"https:\/\/www.tgrthaber.com\/mavikadin\/milupa-rezene-cayi-bebeklerde-nasil-kullanilir\/","title":{"rendered":"Milupa Rezene \u00c7ay\u0131 Bebeklerde Nas\u0131l Kullan\u0131l\u0131r?"},"content":{"rendered":"<p>Milupa rezene \u00e7ay\u0131 bebeklerde gaz sanc\u0131s\u0131n\u0131 giderir ve koli\u011fi olan bebeklere rahatlama sa\u011flar. <\/p>\n<p>Milupa rezene \u00e7ay\u0131&nbsp;rezene bitkisinin do\u011fal \u00f6zlerinden olu\u015fur.&nbsp;<strong>Milupa rezene \u00e7ay\u0131 bebeklerde gaz sanc\u0131s\u0131n\u0131 giderir ve koli\u011fi olan bebeklere rahatlama sa\u011flar.<\/strong> Beslenme sonras\u0131nda yahut beslenme aralar\u0131nda bebe\u011finize doktorunuza dan\u0131\u015ft\u0131ktan sonra rezene \u00e7ay\u0131 verilebilir.<\/p>\n<h3><span style=\"font-size:16px;\">Milupa rezene bebek \u00e7ay\u0131&nbsp;nas\u0131l demlenir?<\/span><\/h3>\n<p>1 \u00e7ay barda\u011f\u0131 suyu ocakta kaynat\u0131n, i\u00e7ine 1 tatl\u0131 ka\u015f\u0131\u011f\u0131 milupa rezene \u00e7ay\u0131 at\u0131p 5-10 dk demleyin. Il\u0131k hale geldi\u011finde s\u00fcz\u00fcp, bebe\u011finize \u00e7ay ka\u015f\u0131\u011f\u0131 ile i\u00e7irebilirsiniz. Kendinizde rezene \u00e7ay\u0131na devam etmelisiniz, bu \u00e7ay anne s\u00fct\u00fcyle bebe\u011finize de ge\u00e7ecektir.<\/p>\n<h3><span style=\"font-size:16px;\">Bebe\u011fime g\u00fcnde ne kadar milupa rezene \u00e7ay\u0131 verebilirim?<\/span><\/h3>\n<p>6 ayl\u0131ktan \u00f6nce bebeklere rezene \u00e7ay\u0131 pek tavsiye edilmemekle birlikte 6 ay veya sonras\u0131 i\u00e7in bebeklere rezene \u00e7ay\u0131 vermeden mutlaka doktorunuza dan\u0131\u015f\u0131n.<\/p>\n<p>\u00c7ocuk Sa\u011fl\u0131\u011f\u0131 Ve Hastal\u0131klar\u0131 Uzm. Dr. Ay\u015fe Zengin Turan <strong>6 aydan \u00f6nce bebeklere g\u00fcnde 2 defa 1&#8217;er \u00e7ay ka\u015f\u0131\u011f\u0131 rezene \u00e7ay\u0131 i\u00e7irilebilece\u011fini fakat doktorunuza dan\u0131\u015fmadan bunu yapmamak gerekti\u011fini bildiriyor.<\/strong><\/p>\n<p>\u00c7ocuk Sa\u011fl\u0131\u011f\u0131 ve Hastal\u0131klar\u0131 Uzman\u0131 Yrd. Do\u00e7. Dr. Esra Keze<strong>r 1 ayl\u0131k bebeklere gaz sanc\u0131s\u0131 varsa eczanede sat\u0131lan kapal\u0131 kutular i\u00e7inde ki rezene \u00e7ay\u0131ndan g\u00fcnde 3 kez 1-2 \u00e7ay ka\u015f\u0131\u011f\u0131 verilebilece\u011fini bildiriyor.<\/strong><\/p>\n<p>Not: Bu cevaplar soru soran \u015fah\u0131slara m\u00fcnhas\u0131rd\u0131r. Doktorunuza dan\u0131\u015fmadan hi\u00e7 bir ilac\u0131 ve yiyece\u011fi, i\u00e7ece\u011fi bebe\u011finize, \u00e7ocu\u011funuza vermeyin.<\/p>\n<p><a href=\"https:\/\/www.mavikadin.com\/bebeklere-kimyon-cayi-icirilebilir-mi-uzman-doktorlar-cevapliyor\" style=\"font-size: 20px;\" target=\"_blank\" rel=\"noopener\"><span style=\"color:#FF0000;\">Bebeklere Kimyon \u00c7ay\u0131 \u0130\u00e7irilebilir mi? Uzman Doktorlar Cevapl\u0131yor T\u0131klay\u0131n\u0131z<\/span><\/a><\/p>\n<p><a href=\"https:\/\/www.mavikadin.com\/bebeklere-papatya-cayi-nasil-yapilir-ne-zaman-ve-ne-kadar-verilir\" target=\"_blank\" rel=\"noopener\"><span style=\"font-size:20px;\">Bebeklere Papatya \u00c7ay\u0131 Nas\u0131l Yap\u0131l\u0131r, Ne Zaman Ve Ne Kadar Verilir? T\u0131klay\u0131n\u0131z<\/span><\/a><\/p>\n<p><span style=\"font-size:20px;\"><a href=\"https:\/\/www.mavikadin.com\/anason-cayi-bebeklere-ne-kadar-ve-nasil-verilir-doktorlar-cevapliyor\" target=\"_blank\" rel=\"noopener\"><span style=\"color:#FF0000;\">Bebeklere Nane \u00c7ay\u0131 Ne Zaman Ve Nas\u0131l Verilir? T\u0131klay\u0131n\u0131z<\/span><\/a><\/span><\/p>\n<p><span style=\"font-size:20px;\"><a href=\"https:\/\/www.mavikadin.com\/yeni-dogan-bebege-sekerli-su-verilir-mi-bebeklere-su-ne-zaman-verilir\" target=\"_blank\" rel=\"noopener\">Yeni Do\u011fan Bebe\u011fe Ne Zaman Su Verilir, Bebekler Ne Zaman Su \u0130\u00e7er? T\u0131klay\u0131n\u0131z<\/a><\/span><\/p>\n<p><span style=\"font-size:20px;\"><a href=\"https:\/\/www.mavikadin.com\/anason-cayi-bebeklere-ne-kadar-ve-nasil-verilir-doktorlar-cevapliyor\" target=\"_blank\" rel=\"noopener\"><span style=\"color:#FF0000;\">Bebeklere Anason \u00c7ay\u0131 Verilirmi, Ne Zaman Ve Nas\u0131l Verilir? T\u0131klay\u0131n\u0131z<\/span><\/a><\/span><\/p>\n<p><span style=\"font-size:20px;\"><a href=\"https:\/\/www.mavikadin.com\/bebekler-ihlamur-cayi-icebilir-mi-uzman-doktorlar-cevapliyor\" target=\"_blank\" rel=\"noopener\">Bebeklere Ihlamur \u00c7ay\u0131 Verilirmi, Ne Zaman Ve Nas\u0131l Verilir? T\u0131klay\u0131n\u0131z<\/a><\/span><\/p>\n<p><span style=\"font-size:20px;\"><a href=\"https:\/\/www.mavikadin.com\/bebeklere-kusburnu-verilirmi-doktorlar-cevapliyor\" target=\"_blank\" rel=\"noopener\"><span style=\"color:#FF0000;\">Bebeklere Ku\u015fburnu \u00c7ay\u0131 Verilirmi? Doktorlar Cevapl\u0131yor T\u0131klay\u0131n\u0131z<\/span><\/a><\/span><\/p>\n","protected":false},"excerpt":{"rendered":"<p>Milupa rezene \u00e7ay\u0131 bebeklerde gaz sanc\u0131s\u0131n\u0131 giderir ve koli\u011fi olan bebeklere rahatlama sa\u011flar. Milupa rezene \u00e7ay\u0131&nbsp;rezene bitkisinin do\u011fal \u00f6zlerinden olu\u015fur.&nbsp;Milupa rezene \u00e7ay\u0131 bebeklerde gaz sanc\u0131s\u0131n\u0131 giderir ve koli\u011fi olan bebeklere rahatlama sa\u011flar. Beslenme sonras\u0131nda yahut beslenme aralar\u0131nda bebe\u011finize doktorunuza dan\u0131\u015ft\u0131ktan sonra rezene \u00e7ay\u0131 verilebilir. Milupa rezene bebek \u00e7ay\u0131&nbsp;nas\u0131l demlenir? 1 \u00e7ay barda\u011f\u0131 suyu ocakta kaynat\u0131n, [&hellip;]<\/p>\n","protected":false},"author":30,"featured_media":41092,"comment_status":"closed","ping_status":"open","sticky":false,"template":"","format":"standard","meta":{"rank_math_lock_modified_date":false,"footnotes":""},"categories":[111],"tags":[31965,31859,31764,31963,31964],"class_list":["post-41093","post","type-post","status-publish","format-standard","has-post-thumbnail","hentry","category-anne-cocuk","tag-bebek-cayi","tag-bebek-gaz-sancisi","tag-bebek-kolik","tag-milupa-rezene-cayi","tag-rezene-cayi-bebek"],"_links":{"self":[{"href":"https:\/\/www.tgrthaber.com\/mavikadin\/wp-json\/wp\/v2\/posts\/41093"}],"collection":[{"href":"https:\/\/www.tgrthaber.com\/mavikadin\/wp-json\/wp\/v2\/posts"}],"about":[{"href":"https:\/\/www.tgrthaber.com\/mavikadin\/wp-json\/wp\/v2\/types\/post"}],"author":[{"embeddable":true,"href":"https:\/\/www.tgrthaber.com\/mavikadin\/wp-json\/wp\/v2\/users\/30"}],"replies":[{"embeddable":true,"href":"https:\/\/www.tgrthaber.com\/mavikadin\/wp-json\/wp\/v2\/comments?post=41093"}],"version-history":[{"count":1,"href":"https:\/\/www.tgrthaber.com\/mavikadin\/wp-json\/wp\/v2\/posts\/41093\/revisions"}],"predecessor-version":[{"id":41094,"href":"https:\/\/www.tgrthaber.com\/mavikadin\/wp-json\/wp\/v2\/posts\/41093\/revisions\/41094"}],"wp:featuredmedia":[{"embeddable":true,"href":"https:\/\/www.tgrthaber.com\/mavikadin\/wp-json\/wp\/v2\/media\/41092"}],"wp:attachment":[{"href":"https:\/\/www.tgrthaber.com\/mavikadin\/wp-json\/wp\/v2\/media?parent=41093"}],"wp:term":[{"taxonomy":"category","embeddable":true,"href":"https:\/\/www.tgrthaber.com\/mavikadin\/wp-json\/wp\/v2\/categories?post=41093"},{"taxonomy":"post_tag","embeddable":true,"href":"https:\/\/www.tgrthaber.com\/mavikadin\/wp-json\/wp\/v2\/tags?post=41093"}],"curies":[{"name":"wp","href":"https:\/\/api.w.org\/{rel}","templated":true}]}}