{"id":41147,"date":"2016-06-17T22:13:39","date_gmt":"2016-06-17T19:13:39","guid":{"rendered":"https:\/\/new.mavikadin.com\/?p=41147"},"modified":"2024-09-16T10:13:09","modified_gmt":"2024-09-16T07:13:09","slug":"bebeklerde-b12-eksikligi-neden-olur-belirtileri-ve-tedavisi","status":"publish","type":"post","link":"https:\/\/www.tgrthaber.com\/mavikadin\/bebeklerde-b12-eksikligi-neden-olur-belirtileri-ve-tedavisi\/","title":{"rendered":"Bebeklerde B12 Eksikli\u011fi Neden Olur, Belirtileri Ve Tedavisi"},"content":{"rendered":"<p>Bebeklerde b12 eksikli\u011fi, \u00f6zellikle vejetaryen annelerin bebeklerinde s\u0131kl\u0131kla kar\u015f\u0131la\u015f\u0131lan bir durumdur. <\/p>\n<p><strong>Bebeklerde b12 eksikli\u011fi, \u00f6zellikle vejetaryen annelerin bebeklerinde s\u0131kl\u0131kla kar\u015f\u0131la\u015f\u0131lan bir durumdur. <\/strong>Et ve et \u00fcr\u00fcnleri b12 vitaminin en \u00f6nemli kaynaklar\u0131ndan oldu\u011fundan ve vegan anneler bu g\u0131dalar\u0131 t\u00fcketmedi\u011finden vejetaryen annelerin bebeklerinde b12 eksikli\u011fi meydana gelir. Bebe\u011finizde b12 eksikli\u011finden \u015f\u00fcpheleniyorsan\u0131z,&nbsp;yapt\u0131raca\u011f\u0131n\u0131z kan testi ile bebe\u011finizin b12 oran\u0131n\u0131 tespit ettirebilirsiniz.<\/p>\n<p>WHO (D\u00fcnya Sa\u011fl\u0131k \u00d6rg\u00fct\u00fc)&nbsp; g\u00fcnl\u00fck B12 vitamini ihtiyac\u0131n\u0131 yeti\u015fkinler i\u00e7in 1mcg, emziren kad\u0131nlar i\u00e7in 1.3 mcg, hamile kad\u0131nlar i\u00e7in 1.4 mcg ve <strong>s\u00fct \u00e7ocuklar\u0131 i\u00e7in 0.1 mcg olarak bildirmektedir.<\/strong><\/p>\n<h3><span style=\"color:#FF8C00;\"><u><strong><span style=\"font-size:16px;\">Bebeklerde b12 eksikli\u011fi nedenleri nelerdir?<\/span><\/strong><\/u><\/span><\/h3>\n<ol>\n<li>Gebelikte pernisy\u00f6z anemi, dola\u015f\u0131mda IF antikorlar\u0131, gastrik rezeksiyon, crohn hastal\u0131\u011f\u0131, \u00fclseratif kolit, terminal ileumun gibi sa\u011fl\u0131k sorunlar\u0131n\u0131n ya\u015fanmas\u0131.<\/li>\n<li>Hamilelikte B12 a\u00e7\u0131s\u0131ndan yetersiz vejetaryen beslenme<\/li>\n<li>Do\u011fumdan sonra emziren annenin et, s\u00fct vb b12 i\u00e7eren yiyecekleri yeterli miktarda&nbsp;t\u00fcketmemesi<\/li>\n<li>Ayr\u0131ca gebelikte b12 eksikli\u011fi olan annelerin bebekleri, plasenta yoluyla az miktarda b12 alacaklar\u0131ndan do\u011fum sonras\u0131 a\u011f\u0131r derecede B12 vitamin eksikli\u011fi sorunu ya\u015famas\u0131 muhtemeldir.<\/li>\n<\/ol>\n<h3><span style=\"color:#FF8C00;\"><u><strong><span style=\"font-size:16px;\">Bebeklerde b12 eksikli\u011fi belirtileri<\/span><\/strong><\/u><\/span><\/h3>\n<ul>\n<li>B\u00fcy\u00fcme gerili\u011fi<\/li>\n<li>A\u015f\u0131r\u0131 halsizlik<\/li>\n<li>Anemi<\/li>\n<li>Kas g\u00fc\u00e7s\u00fczl\u00fc\u011f\u00fc<\/li>\n<li>Kooperasyon bozuklu\u011fu<\/li>\n<li>Pozisyon duyu bozuklu\u011fu<\/li>\n<li>Mental ve motor geli\u015fme gerili\u011fi<\/li>\n<li>Ba\u015f tutma, konu\u015fma,g\u00fcl\u00fcmseme oturma, y\u00fcr\u00fcme gibi kazan\u0131lm\u0131\u015f mental ve motor fonksiyonlarda sorun<\/li>\n<\/ul>\n<p>Semptomlar genellikle bebek&nbsp; 6 ila 12 ayl\u0131k olana kadar kendini g\u00f6stermez. Bu nedenle &nbsp;b12 eksikli\u011fini tespit etmek i\u00e7in mutlaka test yapt\u0131rman\u0131z\u0131 \u00f6neririz.<\/p>\n<h3><span style=\"color:#FF8C00;\"><strong><u><span style=\"font-size:16px;\">Bebeklerde b12 eksikli\u011fi nas\u0131l \u00f6nlenir?<\/span><\/u><\/strong><\/span><\/h3>\n<p>Ulusal Sa\u011fl\u0131k Enstit\u00fcleri hamile bir kad\u0131n\u0131n g\u00fcnl\u00fck b12 ihtiyac\u0131n\u0131n 2.6 mcg, emziren kad\u0131n\u0131n ise 2.8 mcg oldu\u011funu bildiriyor. Bebeklerde 12 vitamini eksikli\u011fini \u00f6nlemenin en \u00f6nemli yolu emziren anneler olarak b12 a\u00e7\u0131s\u0131ndan zengin g\u0131dalarla beslenmek yahut doktor onay\u0131yla b12 vitamini hap\u0131 almakt\u0131r. B12 hap\u0131 kullanmadan \u00f6nce mutlaka dahiliye uzman\u0131na ba\u015fvurup b12 testi yapt\u0131r\u0131n.&nbsp;Et, k\u00fcmes hayvanlar\u0131, bal\u0131k, yumurta, s\u00fct, peynir ve yo\u011furt en \u00f6nemli b12 kaynaklar\u0131ndand\u0131r.<\/p>\n<h3><strong><span style=\"color:#FF8C00;\"><u><span style=\"font-size:16px;\">Bebeklerde b12 eksikli\u011fi nas\u0131l ge\u00e7er?<\/span><\/u><\/span><\/strong><\/h3>\n<p>\u0130ngiltere&#8217;de &#8220;Journal of the Royal Society of Medicine.&#8221;&#8216;dergisinde yay\u0131nlanan bir makaleye g\u00f6re bebeklerde B12 vitamini eksikli\u011fi tedavisinin bebek ve emziren anne i\u00e7in derhal b12 i\u011fnesi uygulanmas\u0131 ile ger\u00e7ekle\u015ftirilmesi gerekti\u011fini bildiriyor. Bebek ve annenin her ikisininde b12 i\u00e7eren 1000 mcg ve \u00fczeri enfeksiyon yap\u0131lmas\u0131n\u0131, annenin bu i\u011fneye b12 stoklar\u0131 dolana kadar her ay devam etmesini \u00f6neriyor.<\/p>\n<p>Bebe\u011finizdeki b12 eksikli\u011fi bir t\u00fcrl\u00fc d\u00fczelmiyorsa, \u00e7e\u015fitli \u00e7ocuk doktorlar\u0131yla enjeksiyon tedavisi ile ilgili g\u00f6r\u00fc\u015febilirsiniz<\/p>\n<h3><span style=\"color:#FF8C00;\"><u><strong><span style=\"font-size:16px;\">Bebeklerde b12 eksikli\u011fi hakk\u0131nda uzmanlar ne diyor?<\/span><\/strong><\/u><\/span><\/h3>\n<p>S\u00e3o Paulo \u00dcniversitesi T\u0131p Fak\u00fcltesi \u00c7ocuk N\u00f6rolojisi \u00dcnitesi, Pediatri B\u00f6l\u00fcm\u00fc, doktorlar\u0131 Dr.Erasmo Casella, Dr.Marcelo Valentei, Dr.Jessie Medeiros de ve Dr.Navarro Fernando Kok bebeklerde vitamin eksikli\u011fi ile ilgili \u015fu bilgileri veriyor; Vitamin B12 eksikli\u011fi, bebeklerde, regresyon, hipotoni ve serebral atrofi gibi ciddi geli\u015fimsel bozuklara neden olabilir.<\/p>\n<p>Bize ba\u015fvuran hastalar aras\u0131nda geli\u015fimsel gerili\u011fi ve beyin atrofisi oldu\u011funu BT taramas\u0131 ile tespit etti\u011fimiz 6 ayl\u0131k bir bebek vard\u0131. Annesi s\u0131k\u0131 bir vejetaryendi ve bebe\u011fini yaln\u0131zca anne s\u00fct\u00fc ile besliyordu. Anneye bir s\u00fcre b12 vitamini takviyesinde bulunduktan sonra bebekteki klinlik belirtiler ve BT sonu\u00e7lar\u0131 normalle\u015fmeye ba\u015flad\u0131.<\/p>\n<p>Not: Doktorunuza dan\u0131\u015fmadan hi\u00e7 bir ilac\u0131 kullanmay\u0131n.<\/p>\n<p><span style=\"font-size:20px;\"><a href=\"https:\/\/www.mavikadin.com\/bebekler-icin-uyku-surubu-uyku-damlasi-uyku-ilaci-markalari-nelerdir\" target=\"_blank\" rel=\"noopener\">Bebekler \u0130\u00e7in Uyku \u015eurubu, Uyku Damlas\u0131, Uyku \u0130lac\u0131 Markalar\u0131 Nelerdir T\u0131klay\u0131n\u0131z<\/a><\/span><\/p>\n<p><span style=\"font-size:20px;\"><a href=\"https:\/\/www.mavikadin.com\/bebeklerde-dis-cikarma-agrisi-nasil-gecer-17-uzman-onerisi\" target=\"_blank\" rel=\"noopener\"><span style=\"color:#FF0000;\">Bebeklerde Di\u015f A\u011fr\u0131s\u0131na Ne \u0130yi Gelir? 17 Pratik Y\u00f6ntem T\u0131klay\u0131n\u0131z<\/span><\/a><\/span><\/p>\n<p><span style=\"font-size:20px;\"><a href=\"https:\/\/www.mavikadin.com\/bebek-gazi-ilaci-ve-gaz-damlasi-markalari-doktorlar-bilgi-veriyor\" target=\"_blank\" rel=\"noopener\">Bebekler \u0130\u00e7in Gaz Giderici \u0130la\u00e7lar Nelerdir? Doktorlar Cevapl\u0131yor T\u0131klay\u0131n\u0131z<\/a><\/span><\/p>\n","protected":false},"excerpt":{"rendered":"<p>Bebeklerde b12 eksikli\u011fi, \u00f6zellikle vejetaryen annelerin bebeklerinde s\u0131kl\u0131kla kar\u015f\u0131la\u015f\u0131lan bir durumdur. Bebeklerde b12 eksikli\u011fi, \u00f6zellikle vejetaryen annelerin bebeklerinde s\u0131kl\u0131kla kar\u015f\u0131la\u015f\u0131lan bir durumdur. Et ve et \u00fcr\u00fcnleri b12 vitaminin en \u00f6nemli kaynaklar\u0131ndan oldu\u011fundan ve vegan anneler bu g\u0131dalar\u0131 t\u00fcketmedi\u011finden vejetaryen annelerin bebeklerinde b12 eksikli\u011fi meydana gelir. Bebe\u011finizde b12 eksikli\u011finden \u015f\u00fcpheleniyorsan\u0131z,&nbsp;yapt\u0131raca\u011f\u0131n\u0131z kan testi ile bebe\u011finizin b12 oran\u0131n\u0131 [&hellip;]<\/p>\n","protected":false},"author":30,"featured_media":41146,"comment_status":"closed","ping_status":"open","sticky":false,"template":"","format":"standard","meta":{"rank_math_lock_modified_date":false,"footnotes":""},"categories":[111],"tags":[32013,23545,32012,5881,32014],"class_list":["post-41147","post","type-post","status-publish","format-standard","has-post-thumbnail","hentry","category-anne-cocuk","tag-b12-eksikligi-bebek","tag-b12-vitamini","tag-bebek-b12-eksikligi","tag-bebek-sagligi","tag-bebeklerde-vitamin-eksikligi"],"_links":{"self":[{"href":"https:\/\/www.tgrthaber.com\/mavikadin\/wp-json\/wp\/v2\/posts\/41147"}],"collection":[{"href":"https:\/\/www.tgrthaber.com\/mavikadin\/wp-json\/wp\/v2\/posts"}],"about":[{"href":"https:\/\/www.tgrthaber.com\/mavikadin\/wp-json\/wp\/v2\/types\/post"}],"author":[{"embeddable":true,"href":"https:\/\/www.tgrthaber.com\/mavikadin\/wp-json\/wp\/v2\/users\/30"}],"replies":[{"embeddable":true,"href":"https:\/\/www.tgrthaber.com\/mavikadin\/wp-json\/wp\/v2\/comments?post=41147"}],"version-history":[{"count":1,"href":"https:\/\/www.tgrthaber.com\/mavikadin\/wp-json\/wp\/v2\/posts\/41147\/revisions"}],"predecessor-version":[{"id":41148,"href":"https:\/\/www.tgrthaber.com\/mavikadin\/wp-json\/wp\/v2\/posts\/41147\/revisions\/41148"}],"wp:featuredmedia":[{"embeddable":true,"href":"https:\/\/www.tgrthaber.com\/mavikadin\/wp-json\/wp\/v2\/media\/41146"}],"wp:attachment":[{"href":"https:\/\/www.tgrthaber.com\/mavikadin\/wp-json\/wp\/v2\/media?parent=41147"}],"wp:term":[{"taxonomy":"category","embeddable":true,"href":"https:\/\/www.tgrthaber.com\/mavikadin\/wp-json\/wp\/v2\/categories?post=41147"},{"taxonomy":"post_tag","embeddable":true,"href":"https:\/\/www.tgrthaber.com\/mavikadin\/wp-json\/wp\/v2\/tags?post=41147"}],"curies":[{"name":"wp","href":"https:\/\/api.w.org\/{rel}","templated":true}]}}