{"id":41255,"date":"2016-07-03T23:00:57","date_gmt":"2016-07-03T20:00:57","guid":{"rendered":"https:\/\/new.mavikadin.com\/?p=41255"},"modified":"2024-09-16T10:14:49","modified_gmt":"2024-09-16T07:14:49","slug":"hamileyim-cok-istahsizim-yemek-yiyemiyorum-ne-yapmaliyim","status":"publish","type":"post","link":"https:\/\/www.tgrthaber.com\/mavikadin\/hamileyim-cok-istahsizim-yemek-yiyemiyorum-ne-yapmaliyim\/","title":{"rendered":"Hamileyim \u00c7ok \u0130\u015ftahs\u0131z\u0131m, Yemek Yiyemiyorum, Ne Yapmal\u0131y\u0131m?"},"content":{"rendered":"<p>Bug\u00fcnk\u00fc anne \u00e7ocuk k\u00f6\u015femizde gebelikte yiyememe sorunundan ve\u00a0i\u015ftahs\u0131zl\u0131ktan kurtulmak i\u00e7in uzman \u00f6nerilerine yer verdik.<\/p>\n<p>Hamilelik bir kad\u0131n\u0131n v\u00fccudunda muazzam de\u011fi\u015fikliklere neden olur. Gebe kad\u0131n\u0131n hormon salg\u0131lama d\u00fczeyi, kilosu, kan hacmi ve di\u011fer organlar\u0131n\u0131n i\u015fleyi\u015fi hem kendisinin hem de fet\u00fcs\u00fcn ihtiyac\u0131n\u0131 kar\u015f\u0131lamak i\u00e7in normalden daha fazla aktif hale gelir. Bu durum hamilelikte yemek yiyememe ve i\u015ftahs\u0131zl\u0131k dahil gebelikte \u00e7e\u015fitli semptomlara yol a\u00e7ar. <strong>Bug\u00fcnk\u00fc anne \u00e7ocuk k\u00f6\u015femizde gebelikte yiyememe sorunundan ve&nbsp;i\u015ftahs\u0131zl\u0131ktan kurtulmak i\u00e7in uzman \u00f6nerilerine yer verdik.<\/strong><\/p>\n<p>7 hafta 5 g\u00fcnl\u00fck hamileyim, yemek yiyemiyorum, zoraki yiyorum \u00e7ok i\u015ftahs\u0131zl\u0131k var su bile i\u00e7emiyorum midem bulan\u0131yor s\u00fcrekli ne tavsiye edersiniz?<\/p>\n<p><strong>CEVAP<\/strong><\/p>\n<p>Kad\u0131n Hastal\u0131klar\u0131 ve Do\u011fum Uzman Ebru Z\u00fclfikaro\u011flu&#8217;nun cevab\u0131; Gebeli\u011finizin \u00f6zellikle ilk 3 ay\u0131nda bahsetti\u011finiz \u015fikayetleri ya\u015faman\u0131z gayet normaldir bu durum, gebelik hormonunun art\u0131\u015f\u0131na ba\u011fl\u0131d\u0131r, endi\u015fe etmeyin. Fakat <strong>s\u00fcrekli kusar ve genel durumunuz k\u00f6t\u00fcle\u015firse acil olarak doktora gitmenizi tavsiye ederiz. Bol istirahat edin ve sevdi\u011finiz uygun yiyecekleri az az ve s\u0131k s\u0131k t\u00fcketin.<\/strong><\/p>\n<p>7 Haftal\u0131k hamileyim a\u015f\u0131r\u0131 i\u015ftahs\u0131z\u0131m ve s\u00fcrekli kusuyorum, 4 g\u00fcnden beri hi\u00e7 bir \u015fey yemiyorum, her\u015feyden tiksinti geliyor, ne yapay\u0131m l\u00fctfen yard\u0131m?<\/p>\n<p>CEVAP<\/p>\n<p>Kad\u0131n Hastal\u0131klar\u0131 ve Do\u011fum Uzman Meral T\u00fcz\u00fcn&#8217;\u00fcn cevab\u0131;<strong> en k\u0131sa zamanda kad\u0131n do\u011fum uzman\u0131na gitmeli, doktorunuz size gerekli ila\u00e7lar\u0131 verecek ve serum takacakt\u0131r.<\/strong><\/p>\n<p>7 haftal\u0131k hamileyim bulant\u0131 ve i\u015ftahs\u0131zl\u0131ktan do\u011fru d\u00fcr\u00fcst hi\u00e7 bir \u015fey yiyemiyorum, bu durum bebe\u011fimi nas\u0131l etkiler?<\/p>\n<p>CEVAP<\/p>\n<p>Kad\u0131n Hastal\u0131klar\u0131 ve Do\u011fum Uzman\u0131 H\u00fcseyin G\u00fcnta\u015f&#8217;\u0131n cevab\u0131; gebelikte a\u015ferme denilen bir durum vard\u0131r ve \u015fu an siz bunu ya\u015f\u0131yorsunuz. Bu 16. haftan\u0131n sonuna dek s\u00fcrecektir. Bu s\u00fcre i\u00e7inde kilo alman\u0131z\u0131n bir anlam\u0131 yok hatta 2-3 kilo vermeniz m\u00fcmk\u00fcn ve gayet normal bir durumdur. Bu 16 haftal\u0131k s\u00fcrede bebe\u011fin beslenmesinin bozulmas\u0131 s\u00f6zkonusu olmaz, rahat olun.<\/p>\n<p>San\u0131r\u0131m gebeyim, hi\u00e7 bir \u015fey yiyemiyorum, midemde \u015fi\u015flik ve tokluk hissi var, acilde serum verdiler, ne yapmal\u0131y\u0131m?<\/p>\n<p>CEVAP<\/p>\n<p>Kad\u0131n Hastal\u0131klar\u0131 ve Do\u011fum Uzman\u0131 Seval Ta\u015fdemir&#8217;in cevab\u0131 gebelik var ise bu tarz s\u0131k\u0131nt\u0131lar olabiliyor<strong> serum takviyesi i\u015fe yarayacakt\u0131r. <\/strong>Gebelik yok ise Gastroenteroloji uzman\u0131 doktoruna ba\u015fvurmal\u0131s\u0131n\u0131z.<\/p>\n<p>12 haftal\u0131k hamileyim i\u015ftahs\u0131zl\u0131ktan dolay\u0131 kilo alamad\u0131m, bu durum normal mi?<\/p>\n<p>CEVAP<\/p>\n<p>Kad\u0131n Hastal\u0131klar\u0131 ve Do\u011fum Uzman\u0131 Ye\u015fim Yer\u00e7ok&#8217;un cevab\u0131; gebelikte bu durum \u00e7ok normaldir, ilk 3 aydan sonra bulant\u0131 ve kusman\u0131z \u00e7ok \u00e7ok azalacak b\u00f6ylece kilo almaya ba\u015flayacaks\u0131n\u0131z.<\/p>\n<p>39 ya\u015f\u0131nday\u0131m, 15 haftal\u0131k gebeyim, \u00e7ok i\u015ftahs\u0131z\u0131m, bulant\u0131m var, karn\u0131m b\u00fcy\u00fcmedi kilo alam\u0131yorum. Bu durum normal mi, 66 kilodan 64&#8217;e d\u00fc\u015ft\u00fcm.<\/p>\n<p>CEVAP<\/p>\n<p>Kad\u0131n Hastal\u0131klar\u0131 ve Do\u011fum Uzman\u0131 Ye\u015fim Yer\u00e7ok&#8217;un cevab\u0131; gebelikte i\u015ftahs\u0131z olsan\u0131z bile bebeginizin karn\u0131n\u0131zdaki geli\u015fiminin bundan etkilenip etkilenmedi\u011fi \u00f6nemlidir. Eger bebe\u011finiz haftas\u0131na g\u00f6re olmas\u0131 gerekenden geri kal\u0131yorsa, geli\u015fim sorunu g\u00f6zleniyorsa o zaman gebelikte i\u015ftahs\u0131zl\u0131k ciddiye al\u0131nmal\u0131d\u0131r. Ultrasona girip doktorunuz bebe\u011fi de\u011ferlendirmelidir, ona g\u00f6re size ila\u00e7 re\u00e7ete edecektir.<\/p>\n<p><span style=\"font-size:20px;\"><a href=\"https:\/\/www.mavikadin.com\/hamilelikte-istahsizlik-neden-olur-nasil-gecer\" target=\"_blank\" rel=\"noopener\"><span style=\"color:#FF0000;\">Hamilelikte \u0130\u015ftahs\u0131zl\u0131k &#8211; Nedenleri Ve Tedavisi T\u0131klay\u0131n\u0131z<\/span><\/a><\/span><\/p>\n<p><span style=\"font-size:20px;\"><a href=\"https:\/\/www.mavikadin.com\/etiket\/hamilelikte-beslenme\" target=\"_blank\" rel=\"noopener\">Hamilelikte Neler Yemeli? T\u0131klay\u0131n\u0131z<\/a><\/span><\/p>\n<p><span style=\"font-size:20px;\"><a href=\"https:\/\/www.mavikadin.com\/hamilelerde-nabiz-kac-olmali-gebelikte-normal-nabiz-sayisi\" target=\"_blank\" rel=\"noopener\"><span style=\"color:#FF0000;\">Hamilelikte Nab\u0131z Ka\u00e7 Olmal\u0131? Hamilelikte Normal Nab\u0131z De\u011ferleri T\u0131klay\u0131n\u0131z<\/span><\/a><\/span><\/p>\n","protected":false},"excerpt":{"rendered":"<p>Bug\u00fcnk\u00fc anne \u00e7ocuk k\u00f6\u015femizde gebelikte yiyememe sorunundan ve\u00a0i\u015ftahs\u0131zl\u0131ktan kurtulmak i\u00e7in uzman \u00f6nerilerine yer verdik. Hamilelik bir kad\u0131n\u0131n v\u00fccudunda muazzam de\u011fi\u015fikliklere neden olur. Gebe kad\u0131n\u0131n hormon salg\u0131lama d\u00fczeyi, kilosu, kan hacmi ve di\u011fer organlar\u0131n\u0131n i\u015fleyi\u015fi hem kendisinin hem de fet\u00fcs\u00fcn ihtiyac\u0131n\u0131 kar\u015f\u0131lamak i\u00e7in normalden daha fazla aktif hale gelir. Bu durum hamilelikte yemek yiyememe ve i\u015ftahs\u0131zl\u0131k [&hellip;]<\/p>\n","protected":false},"author":30,"featured_media":41254,"comment_status":"closed","ping_status":"open","sticky":false,"template":"","format":"standard","meta":{"rank_math_lock_modified_date":false,"footnotes":""},"categories":[111],"tags":[32108,32107,2932,32106,32109],"class_list":["post-41255","post","type-post","status-publish","format-standard","has-post-thumbnail","hentry","category-anne-cocuk","tag-gebelik-istahsizlik-nedenleri","tag-gebelikte-yiyememe","tag-hamilelikte-beslenme","tag-hamilelikte-istahsizlik","tag-hamilelikte-kilo-alamama"],"_links":{"self":[{"href":"https:\/\/www.tgrthaber.com\/mavikadin\/wp-json\/wp\/v2\/posts\/41255"}],"collection":[{"href":"https:\/\/www.tgrthaber.com\/mavikadin\/wp-json\/wp\/v2\/posts"}],"about":[{"href":"https:\/\/www.tgrthaber.com\/mavikadin\/wp-json\/wp\/v2\/types\/post"}],"author":[{"embeddable":true,"href":"https:\/\/www.tgrthaber.com\/mavikadin\/wp-json\/wp\/v2\/users\/30"}],"replies":[{"embeddable":true,"href":"https:\/\/www.tgrthaber.com\/mavikadin\/wp-json\/wp\/v2\/comments?post=41255"}],"version-history":[{"count":1,"href":"https:\/\/www.tgrthaber.com\/mavikadin\/wp-json\/wp\/v2\/posts\/41255\/revisions"}],"predecessor-version":[{"id":41256,"href":"https:\/\/www.tgrthaber.com\/mavikadin\/wp-json\/wp\/v2\/posts\/41255\/revisions\/41256"}],"wp:featuredmedia":[{"embeddable":true,"href":"https:\/\/www.tgrthaber.com\/mavikadin\/wp-json\/wp\/v2\/media\/41254"}],"wp:attachment":[{"href":"https:\/\/www.tgrthaber.com\/mavikadin\/wp-json\/wp\/v2\/media?parent=41255"}],"wp:term":[{"taxonomy":"category","embeddable":true,"href":"https:\/\/www.tgrthaber.com\/mavikadin\/wp-json\/wp\/v2\/categories?post=41255"},{"taxonomy":"post_tag","embeddable":true,"href":"https:\/\/www.tgrthaber.com\/mavikadin\/wp-json\/wp\/v2\/tags?post=41255"}],"curies":[{"name":"wp","href":"https:\/\/api.w.org\/{rel}","templated":true}]}}