{"id":41339,"date":"2016-07-25T12:56:57","date_gmt":"2016-07-25T09:56:57","guid":{"rendered":"https:\/\/new.mavikadin.com\/?p=41339"},"modified":"2024-09-16T10:16:13","modified_gmt":"2024-09-16T07:16:13","slug":"emzirirken-sac-boyatma-ve-perma-zararlimi-doktorlar-cevapliyor","status":"publish","type":"post","link":"https:\/\/www.tgrthaber.com\/mavikadin\/emzirirken-sac-boyatma-ve-perma-zararlimi-doktorlar-cevapliyor\/","title":{"rendered":"Emzirirken Sa\u00e7 Boyatma Ve Perma Zararl\u0131m\u0131? Doktorlar Cevapl\u0131yor"},"content":{"rendered":"<p>Emziren bir anne olarak sa\u00e7\u0131n\u0131z\u0131n rengini de\u011fi\u015ftirmek istedi\u011finizde akl\u0131n\u0131za gelen ilk sorulardan biri emzirirken sa\u00e7 boyatmak, perma yapt\u0131rmak bebe\u011fime&#8230;<\/p>\n<p><strong>Emziren bir anne olarak sa\u00e7\u0131n\u0131z\u0131n rengini de\u011fi\u015ftirmek istedi\u011finizde akl\u0131n\u0131za gelen ilk sorulardan biri emzirirken sa\u00e7 boyatmak, perma yapt\u0131rmak bebe\u011fime zarar verir mi sorusudur.<\/strong><\/p>\n<p>Bu makalemizde emziren annelerin sa\u00e7 boyatmas\u0131 ve perma yapt\u0131rmas\u0131 hakk\u0131nda uzman g\u00f6r\u00fc\u015flerine yer verdik.<\/p>\n<p>Sual: Bebe\u011fim 53 g\u00fcnl\u00fck yaln\u0131zca anne s\u00fct\u00fc veriyorum. <strong>Emzirirken sa\u00e7 boyatabilir miyim?<\/strong><\/p>\n<p>CEVAP<\/p>\n<p>\u00c7ocuk Sa\u011fl\u0131\u011f\u0131 Uzman\u0131 Doktor Murat Ak\u00e7a&#8217;n\u0131n cevab\u0131 (\u0130lk 6 ay emziren annelere sa\u00e7 boyatmay\u0131 tavsiye etmiyorum. 6. aydan sonra ise k\u0131na ile veya bitkisel boyalarla boyanabilir.)<\/p>\n<p>Sual: Emzirirken sa\u00e7 boyama hakk\u0131nda \u00e7o\u011fu doktor uygun olmad\u0131\u011f\u0131n\u0131, sa\u00e7 boyas\u0131n\u0131n kana kar\u0131\u015f\u0131p bebe\u011fe ge\u00e7ebilece\u011fini bildiriyor. Siz ne tavsiye edersiniz?<\/p>\n<p>CEVAP<\/p>\n<p>Cildiye Uzman\u0131 Prof. Dr. Nuran Atmano\u011flu&#8217;un cevab\u0131 emzirirken sa\u00e7 boyaman\u0131n mahzurlu oldu\u011funa dair bir kayna\u011fa rastlamad\u0131m. \u00c7\u00fcnk\u00fc boya deriden ge\u00e7mez. Ayr\u0131ca \u015fimdilerde sa\u00e7 boyas\u0131na alternatif kullan\u0131labilen organik boya diye bir \u015feyler de var. <strong>Bana kal\u0131rsa emzirme d\u00f6neminde sa\u00e7\u0131n\u0131z\u0131 boyatman\u0131n bir mahzuru yok.<\/strong><\/p>\n<p>Sual: Emzirirken sa\u00e7 boyamay\u0131 tavsiye etmediniz. Peki emzirirken perma yapt\u0131rabilir miyim?<\/p>\n<p>CEVAP<\/p>\n<p><strong>Kad\u0131n Hastal\u0131klar\u0131 Ve Do\u011fum Uzman\u0131 Mehmet Ali Serkan \u00d6zkul&#8217;un cevab\u0131 sa\u00e7l\u0131 deriye deymiyorsa problem yoktur.<\/strong><\/p>\n<p>Bebe\u011fim 2 ayl\u0131k emziriyorum. Perma yap\u0131l\u0131rken kullan\u0131lan kimyasal anne s\u00fct\u00fcne ge\u00e7er mi?<\/p>\n<p>CEVAP<\/p>\n<p>Kad\u0131n Hastal\u0131klar\u0131 Ve Do\u011fum Uzman\u0131 Ak\u0131n Savc\u0131&#8217;n\u0131n cevap (Gebelikte sa\u00e7 boyas\u0131 gibi kimyasallarla yap\u0131lan i\u015flemler ciltten bebe\u011fe ge\u00e7ti\u011fi i\u00e7in tavsiye edilmiyor, emzirirken ise yap\u0131lan bu i\u015flemler az da olsa s\u00fcte ge\u00e7ip s\u00fct\u00fcn kalite ve miktar\u0131n etkileyebilir)<\/p>\n<p>Sual: 10.5 ayl\u0131k bebe\u011fim var ve emziriyorum. Emziren anne olarak sa\u00e7\u0131m\u0131 boyasam bebe\u011fe ge\u00e7er mi?<\/p>\n<p>CEVAP<\/p>\n<p>\u00c7ocuk Sa\u011fl\u0131\u011f\u0131 Uzman\u0131 Doktor Ay\u015fe Zengin Turan&#8217;\u0131n cevab\u0131 (Sa\u00e7 boyas\u0131 solunum yoluyla bebe\u011finizi etkileyebilir. Bebekle temas etti\u011finiz ve kuca\u011f\u0131n\u0131za ald\u0131\u011f\u0131n\u0131z emzirme d\u00f6neminde sa\u00e7 boyatmay\u0131 \u00f6nermem.)<\/p>\n<p>Sual: Bebe\u011fim dokuz 9 ayl\u0131k oldu, emzirmeye devam ediyorum. Gebelikte zararl\u0131 diye sa\u00e7\u0131m\u0131 boyamad\u0131m, \u015fimdi de endi\u015fe ediyorum boyadaki kimyasallar bebe\u011fe ge\u00e7er mi diye, emzirirken sa\u00e7 boyasam bebe\u011fe zarar verir mi?<\/p>\n<p>CEVAP<\/p>\n<p>\u00c7ocuk Sa\u011fl\u0131\u011f\u0131 Uzman\u0131 Doktor G\u00fclay Kara&#8217;n\u0131n cevab\u0131 (Sa\u00e7 k\u00f6klerine uygulanan a\u011fart\u0131c\u0131lar, boya gibi kimyasal maddeler kana kar\u0131\u015f\u0131p bebe\u011finize ge\u00e7ebilir. Bebe\u011finiz ya\u015f\u0131n\u0131 doldurup da iyice ek g\u0131da a\u011f\u0131rl\u0131kl\u0131 beslenmeye ge\u00e7ildi\u011finde sa\u00e7 boyamak daha kolay olur.)<\/p>\n<p>Bebe\u011fim 5 ayl\u0131k yaln\u0131zca anne s\u00fct\u00fc al\u0131yor. Emzirirken sa\u00e7\u0131ma perma yapt\u0131rabilir miyim?<\/p>\n<p>CEVAP<\/p>\n<p>\u00c7ocuk Sa\u011fl\u0131\u011f\u0131 Uzman\u0131 Mehmet T\u00fcray&#8217;\u0131n cevab\u0131 (Sa\u00e7 boyalar\u0131 anne s\u00fct\u00fcne ge\u00e7miyor. Sa\u00e7lar\u0131n\u0131z\u0131 g\u00f6n\u00fcl rahatl\u0131\u011f\u0131yla boyatabilirsiniz.)<\/p>\n<p>Sual: Emzirirken sa\u00e7 boyatabilir miyim?<\/p>\n<p>CEVAP<\/p>\n<p><strong>\u00c7ocuk Sa\u011fl\u0131\u011f\u0131 Uzman\u0131 Doktor Murat Ayd\u0131n&#8217;\u0131n cevab\u0131 bitkisel boyalar kulland\u0131ktan sonra sa\u00e7lar\u0131n\u0131z\u0131 boyatabilirsiniz.<\/strong><\/p>\n<p>Not: Bu cevaplar soru soran \u015fah\u0131slara m\u00fcnhas\u0131rd\u0131r. Doktorunuza dan\u0131\u015fmadan emzirirken sa\u00e7 boyatmay\u0131n, perma yapt\u0131rmay\u0131n.<\/p>\n<p><a href=\"https:\/\/www.mavikadin.com\/emziren-annede-sac-dokulmesi-neden-olur-nasil-gecer\" style=\"font-size: 20px;\" target=\"_blank\" rel=\"noopener\">Emzirme D\u00f6neminde Sa\u00e7 D\u00f6k\u00fclmesi &#8211; Nedenleri Ve Tedavisi T\u0131klay\u0131n\u0131z<\/a><\/p>\n<p><span style=\"font-size:20px;\"><a href=\"https:\/\/www.mavikadin.com\/emzirirken-antibiyotik-kullanimi-bebege-zarar-verirmi\" target=\"_blank\" rel=\"noopener\"><span style=\"color:#FF0000;\">Emziren Anneler Hangi Antibiyoti\u011fi Kullanabilir? Doktorlar Cevapl\u0131yor T\u0131klay\u0131n\u0131z<\/span><\/a><\/span><\/p>\n<p><span style=\"font-size:20px;\"><a href=\"https:\/\/www.mavikadin.com\/sut-neden-kesilir-anne-sutunun-azalma-ve-kesilme-nedenleri\" target=\"_blank\" rel=\"noopener\">Anne S\u00fct\u00fc Neden Azal\u0131r? &nbsp;Anne S\u00fct\u00fcn\u00fcn Azalma ve Kesilme Nedenleri T\u0131klay\u0131n\u0131z<\/a><\/span><\/p>\n<p><span style=\"font-size:20px;\"><a href=\"https:\/\/www.mavikadin.com\/emzirirken-maden-suyu-veya-soda-icmek-zararli-mi-doktorlar-cevapliyor\" target=\"_blank\" rel=\"noopener\"><span style=\"color:#FF0000;\">Emziren Anne Soda Veya Maden Suyu \u0130\u00e7ebilirmi? Doktorlar Cevapl\u0131yor T\u0131klay\u0131n\u0131z<\/span><\/a><\/span><\/p>\n<p><span style=\"font-size:20px;\"><a href=\"https:\/\/www.mavikadin.com\/emzirirken-agri-kesici-icilirmi-uzman-doktorlar-cevapliyor\" target=\"_blank\" rel=\"noopener\">Emziren Anneler Hangi A\u011fr\u0131 Kesicileri Kullanabilir? Doktor Cevapl\u0131yor T\u0131klay\u0131n\u0131z<\/a><\/span><\/p>\n","protected":false},"excerpt":{"rendered":"<p>Emziren bir anne olarak sa\u00e7\u0131n\u0131z\u0131n rengini de\u011fi\u015ftirmek istedi\u011finizde akl\u0131n\u0131za gelen ilk sorulardan biri emzirirken sa\u00e7 boyatmak, perma yapt\u0131rmak bebe\u011fime&#8230; Emziren bir anne olarak sa\u00e7\u0131n\u0131z\u0131n rengini de\u011fi\u015ftirmek istedi\u011finizde akl\u0131n\u0131za gelen ilk sorulardan biri emzirirken sa\u00e7 boyatmak, perma yapt\u0131rmak bebe\u011fime zarar verir mi sorusudur. Bu makalemizde emziren annelerin sa\u00e7 boyatmas\u0131 ve perma yapt\u0131rmas\u0131 hakk\u0131nda uzman g\u00f6r\u00fc\u015flerine yer [&hellip;]<\/p>\n","protected":false},"author":30,"featured_media":41338,"comment_status":"closed","ping_status":"open","sticky":false,"template":"","format":"standard","meta":{"rank_math_lock_modified_date":false,"footnotes":""},"categories":[111],"tags":[32178,32177,31745,32176,32175],"class_list":["post-41339","post","type-post","status-publish","format-standard","has-post-thumbnail","hentry","category-anne-cocuk","tag-emzirirken-perma","tag-emzirirken-sac","tag-emzirme-donemi","tag-emzirme-perma","tag-emzirme-sac-boyama"],"_links":{"self":[{"href":"https:\/\/www.tgrthaber.com\/mavikadin\/wp-json\/wp\/v2\/posts\/41339"}],"collection":[{"href":"https:\/\/www.tgrthaber.com\/mavikadin\/wp-json\/wp\/v2\/posts"}],"about":[{"href":"https:\/\/www.tgrthaber.com\/mavikadin\/wp-json\/wp\/v2\/types\/post"}],"author":[{"embeddable":true,"href":"https:\/\/www.tgrthaber.com\/mavikadin\/wp-json\/wp\/v2\/users\/30"}],"replies":[{"embeddable":true,"href":"https:\/\/www.tgrthaber.com\/mavikadin\/wp-json\/wp\/v2\/comments?post=41339"}],"version-history":[{"count":1,"href":"https:\/\/www.tgrthaber.com\/mavikadin\/wp-json\/wp\/v2\/posts\/41339\/revisions"}],"predecessor-version":[{"id":41340,"href":"https:\/\/www.tgrthaber.com\/mavikadin\/wp-json\/wp\/v2\/posts\/41339\/revisions\/41340"}],"wp:featuredmedia":[{"embeddable":true,"href":"https:\/\/www.tgrthaber.com\/mavikadin\/wp-json\/wp\/v2\/media\/41338"}],"wp:attachment":[{"href":"https:\/\/www.tgrthaber.com\/mavikadin\/wp-json\/wp\/v2\/media?parent=41339"}],"wp:term":[{"taxonomy":"category","embeddable":true,"href":"https:\/\/www.tgrthaber.com\/mavikadin\/wp-json\/wp\/v2\/categories?post=41339"},{"taxonomy":"post_tag","embeddable":true,"href":"https:\/\/www.tgrthaber.com\/mavikadin\/wp-json\/wp\/v2\/tags?post=41339"}],"curies":[{"name":"wp","href":"https:\/\/api.w.org\/{rel}","templated":true}]}}