{"id":41543,"date":"2016-08-31T19:14:48","date_gmt":"2016-08-31T16:14:48","guid":{"rendered":"https:\/\/new.mavikadin.com\/?p=41543"},"modified":"2024-09-16T10:19:25","modified_gmt":"2024-09-16T07:19:25","slug":"emziren-anne-turk-kahvesi-sutlu-kahve-ve-cay-kahve-icebilirmi","status":"publish","type":"post","link":"https:\/\/www.tgrthaber.com\/mavikadin\/emziren-anne-turk-kahvesi-sutlu-kahve-ve-cay-kahve-icebilirmi\/","title":{"rendered":"Emziren Anne T\u00fcrk Kahvesi, S\u00fctl\u00fc Kahve Ve \u00c7ay Kahve \u0130\u00e7ebilirmi?"},"content":{"rendered":"<p>B\u00fcy\u00fck\u00a0miktarda kafein al\u0131m\u0131 uykusuzluk, gerginlik ve asabiyete neden olup, sa\u011fl\u0131\u011f\u0131n\u0131z\u0131 olumsuz y\u00f6nde etkiler.<\/p>\n<p>B\u00fcy\u00fck&nbsp;miktarda kafein al\u0131m\u0131 uykusuzluk, gerginlik ve asabiyete neden olup, sa\u011fl\u0131\u011f\u0131n\u0131z\u0131 olumsuz y\u00f6nde etkiler. Yine emzirirken \u00e7ok miktarda kafein ald\u0131\u011f\u0131n\u0131zda, kafein s\u00fct yolu ile bebe\u011finize ge\u00e7er ve bebekte de bildirdi\u011fimiz semptomlar g\u00f6r\u00fclebilir. Erken do\u011fmu\u015f bebekler ise az miktarda kafeine bile \u00e7ok duyarl\u0131d\u0131rlar ve bu bebeklerde kafein al\u0131m\u0131n\u0131z\u0131n bebe\u011fe ge\u00e7mesinden dolay\u0131 uykuya dalmakta zorluk ve sinirlilik g\u00f6zlemlenebilir.&nbsp;<strong>G\u00fcnde 450 ml&#8217;den fazla kahve t\u00fcketmek anne s\u00fct\u00fcndeki demir konsantrasyonunu azaltabilir ve baz\u0131 anne s\u00fct\u00fc alan bebeklerde, hafif demir eksikli\u011fi anemisine yol a\u00e7abilir. (1 su barda\u011f\u0131 250 ml eder, 450ml ise yakla\u015f\u0131k 2 su barda\u011f\u0131 diyebiliriz.)<\/strong><\/p>\n<p>Evde haz\u0131rlanm\u0131\u015f bir bardak kahve 95 ila 200 miligram kafein i\u00e7erir.Restoranlardaki kahvelerde&nbsp;50 ila 200 miligram, siyah \u00e7ayda ise kafein miktar\u0131 40 ila 120 miligram aras\u0131d\u0131r. Sodadaki kafein 30 ila 45 miligramd\u0131r, enerji i\u00e7eceklerinde ise porsiyon ba\u015f\u0131na 500 miligram kafein bulunabilir. \u00c7ikolata ve di\u011fer \u015fekerleme \u00fcr\u00fcnlerde de k\u00fc\u00e7\u00fck dozlarda kafein vard\u0131r.<\/p>\n<p>Emziren bir anne olarak kafein i\u00e7eren g\u0131dalar\u0131 g\u00f6z \u00f6n\u00fcnde bulundurmal\u0131, ve kafein al\u0131m\u0131n\u0131 s\u0131n\u0131rl\u0131 tutmal\u0131s\u0131n\u0131z. <strong>Yani ald\u0131\u011f\u0131n\u0131z kafein oran\u0131n\u0131 hesaplarken yaln\u0131zca i\u00e7ti\u011finiz kahvedeki kafeini de\u011fil, o g\u00fcn yedi\u011finiz g\u0131dalardaki kafeini de hesaba katmal\u0131s\u0131n\u0131z.<\/strong><\/p>\n<p><iframe loading=\"lazy\" frameborder=\"0\" height=\"380\" src=\"https:\/\/www.mavikadin.com\/ivideo.php?vid=89\" width=\"99%\"><\/iframe><\/p>\n<p>\u00c7ocuk Sa\u011fl\u0131\u011f\u0131 Ve Hastal\u0131k Uzman\u0131 Dr. G\u00f6khan Mamur da emzirirken a\u015f\u0131r\u0131ya ka\u00e7madan kahve i\u00e7ilebilece\u011fini bildiriyor ve bize \u015fu bilgileri veriyor:&nbsp;(Emziren annenin i\u00e7ti\u011fi kahvenin ancak %1&#8217;i anne s\u00fct\u00fcyle bebe\u011fe ge\u00e7er. Fakat bu miktar bile bebe\u011fin sinirli, mutsuz bir hale gelmesine neden olabilir. Bunun nedeni ise bebe\u011fin minik v\u00fccudunun kahvedeki kafeini sindirmekte zorlanmas\u0131d\u0131r.<strong> Ara\u015ft\u0131rmalar, emziren annenin g\u00fcnde 300 mg kafein almas\u0131n\u0131n \u00e7o\u011fu bebekte herhangi bir soruna yol a\u00e7mad\u0131\u011f\u0131n\u0131 bildiriyor. <\/strong>G\u00fcnl\u00fck 300 mg kafeini tespit etmek i\u00e7in i\u00e7tiklerinizde ne kadar kafein oldu\u011funu bilmelisiniz.&nbsp;1 ince belli \u00e7ay barda\u011f\u0131nda 25 mg kafein, 1 fincan T\u00fcrk kahvesinde 50 mg., Starbucks grande filtre kahve 330 mg, Starbucks grande latte 150 mg, 1 su barda\u011f\u0131 kolal\u0131 i\u00e7ecekte 30 mg, 1 tatl\u0131 ka\u015f\u0131\u011f\u0131 Nescafe gran\u00fcl 31 mg, kafeinsiz Nescafe&#8217;de 2 mg kafein bulunur. T\u00fcm bu hesaplara ra\u011fmen az miktarda kafein i\u00e7eren i\u00e7ecek i\u00e7ti\u011finizde de bebek bundan etkilenip huzursuzluk yapabilir, bu durumda yapman\u0131z gereken kafeinsiz \u00fcr\u00fcnleri t\u00fcketmek olmal\u0131d\u0131r.)<\/p>\n<p>Sual:<strong> Emzirirken ka\u00e7 su barda\u011f\u0131 kahve i\u00e7ebilirim?<\/strong><\/p>\n<p>CEVAP<\/p>\n<p>Kad\u0131n Do\u011fum Uzman\u0131 Do\u00e7.&nbsp;Dr. Deniz Ula\u015f&#8217;\u0131n cevab\u0131: (1-2 su barda\u011f\u0131 i\u00e7ebilirsiniz.)<\/p>\n<p><span style=\"font-size:20px;\"><a href=\"https:\/\/www.mavikadin.com\/sut-neden-kesilir-anne-sutunun-azalma-ve-kesilme-nedenleri\" target=\"_blank\" rel=\"noopener\">Anne S\u00fct\u00fc Neden Azal\u0131r? &nbsp;Anne S\u00fct\u00fcn\u00fcn Azalma ve Kesilme Nedenleri T\u0131klay\u0131n\u0131z<\/a><\/span><\/p>\n<p><span style=\"font-size:20px;\"><a href=\"https:\/\/www.mavikadin.com\/emzirirken-maden-suyu-veya-soda-icmek-zararli-mi-doktorlar-cevapliyor\" target=\"_blank\" rel=\"noopener\"><span style=\"color:#FF0000;\">Emzirirken Maden Suyu Veya Soda \u0130\u00e7mek Zararl\u0131 m\u0131? Doktorlar Cevapl\u0131yor T\u0131klay\u0131n\u0131z<\/span><\/a><\/span><\/p>\n<p><span style=\"font-size:20px;\"><a href=\"https:\/\/www.mavikadin.com\/ihlamur-sut-yaparmi-anne-sutunu-artiran-ihlamur-cayi-tarifi\" target=\"_blank\" rel=\"noopener\">Emziren Anne Ihlamur \u0130\u00e7ebilirmi? Uzman Doktorlar Cevapl\u0131yor T\u0131klay\u0131n\u0131z<\/a><\/span><\/p>\n<p><span style=\"font-size:20px;\"><a href=\"https:\/\/www.mavikadin.com\/yesil-cayi-emziren-anneler-kullanabilirmi-emzirme-doneminde-yesil-cay\" target=\"_blank\" rel=\"noopener\"><span style=\"color:#FF0000;\">Emziren Anne Ye\u015fil \u00c7ay \u0130\u00e7ilebilir mi? Emzirirken Ye\u015fil \u00c7ay T\u00fcketimi T\u0131klay\u0131n\u0131z<\/span><\/a><\/span><\/p>\n<p><span style=\"font-size:20px;\"><a href=\"https:\/\/www.mavikadin.com\/emziren-anneler-rezene-cayi-icebilirmi-doktorlar-cevapliyor\" target=\"_blank\" rel=\"noopener\">Emziren Anneler Rezene \u00c7ay\u0131 \u0130\u00e7ebilirmi? Doktorlar Cevapl\u0131yor T\u0131klay\u0131n\u0131z<\/a><\/span><\/p>\n<p><span style=\"font-size:20px;\"><a href=\"https:\/\/www.mavikadin.com\/muz-anne-sutune-gaz-yaparmi-emzirirken-muzun-faydalari-ve-zararlari\" target=\"_blank\" rel=\"noopener\"><span style=\"color:#FF0000;\">Emziren Anne Muz Yiyebilirmi, Muz S\u00fct Yaparm\u0131? Doktor Cevapl\u0131yor T\u0131klay\u0131n\u0131z<\/span><\/a><\/span><\/p>\n","protected":false},"excerpt":{"rendered":"<p>B\u00fcy\u00fck\u00a0miktarda kafein al\u0131m\u0131 uykusuzluk, gerginlik ve asabiyete neden olup, sa\u011fl\u0131\u011f\u0131n\u0131z\u0131 olumsuz y\u00f6nde etkiler. B\u00fcy\u00fck&nbsp;miktarda kafein al\u0131m\u0131 uykusuzluk, gerginlik ve asabiyete neden olup, sa\u011fl\u0131\u011f\u0131n\u0131z\u0131 olumsuz y\u00f6nde etkiler. Yine emzirirken \u00e7ok miktarda kafein ald\u0131\u011f\u0131n\u0131zda, kafein s\u00fct yolu ile bebe\u011finize ge\u00e7er ve bebekte de bildirdi\u011fimiz semptomlar g\u00f6r\u00fclebilir. Erken do\u011fmu\u015f bebekler ise az miktarda kafeine bile \u00e7ok duyarl\u0131d\u0131rlar ve [&hellip;]<\/p>\n","protected":false},"author":30,"featured_media":41542,"comment_status":"closed","ping_status":"open","sticky":false,"template":"","format":"standard","meta":{"rank_math_lock_modified_date":false,"footnotes":""},"categories":[111],"tags":[32367,32364,32366,32365,32368],"class_list":["post-41543","post","type-post","status-publish","format-standard","has-post-thumbnail","hentry","category-anne-cocuk","tag-anne-sutu-kahve","tag-emziren-anne-kahve","tag-emzirirken-kahve","tag-emzirme-kafein","tag-emzirme-ve-cay"],"_links":{"self":[{"href":"https:\/\/www.tgrthaber.com\/mavikadin\/wp-json\/wp\/v2\/posts\/41543"}],"collection":[{"href":"https:\/\/www.tgrthaber.com\/mavikadin\/wp-json\/wp\/v2\/posts"}],"about":[{"href":"https:\/\/www.tgrthaber.com\/mavikadin\/wp-json\/wp\/v2\/types\/post"}],"author":[{"embeddable":true,"href":"https:\/\/www.tgrthaber.com\/mavikadin\/wp-json\/wp\/v2\/users\/30"}],"replies":[{"embeddable":true,"href":"https:\/\/www.tgrthaber.com\/mavikadin\/wp-json\/wp\/v2\/comments?post=41543"}],"version-history":[{"count":1,"href":"https:\/\/www.tgrthaber.com\/mavikadin\/wp-json\/wp\/v2\/posts\/41543\/revisions"}],"predecessor-version":[{"id":41544,"href":"https:\/\/www.tgrthaber.com\/mavikadin\/wp-json\/wp\/v2\/posts\/41543\/revisions\/41544"}],"wp:featuredmedia":[{"embeddable":true,"href":"https:\/\/www.tgrthaber.com\/mavikadin\/wp-json\/wp\/v2\/media\/41542"}],"wp:attachment":[{"href":"https:\/\/www.tgrthaber.com\/mavikadin\/wp-json\/wp\/v2\/media?parent=41543"}],"wp:term":[{"taxonomy":"category","embeddable":true,"href":"https:\/\/www.tgrthaber.com\/mavikadin\/wp-json\/wp\/v2\/categories?post=41543"},{"taxonomy":"post_tag","embeddable":true,"href":"https:\/\/www.tgrthaber.com\/mavikadin\/wp-json\/wp\/v2\/tags?post=41543"}],"curies":[{"name":"wp","href":"https:\/\/api.w.org\/{rel}","templated":true}]}}