{"id":41555,"date":"2016-09-03T04:14:50","date_gmt":"2016-09-03T01:14:50","guid":{"rendered":"https:\/\/new.mavikadin.com\/?p=41555"},"modified":"2024-09-16T10:19:36","modified_gmt":"2024-09-16T07:19:36","slug":"bebe-biskuvisi-ve-cicibebe-ne-zaman-verilir-doktorlar-cevapliyor","status":"publish","type":"post","link":"https:\/\/www.tgrthaber.com\/mavikadin\/bebe-biskuvisi-ve-cicibebe-ne-zaman-verilir-doktorlar-cevapliyor\/","title":{"rendered":"Bebe Bisk\u00fcvisi Ve Cicibebe Ne Zaman Verilir? Doktorlar Cevapl\u0131yor"},"content":{"rendered":"<p>(Bebeklere bebe bisk\u00fcvisi ne zaman,\u00a0ka\u00e7\u0131nc\u0131 ayda verilir? K\u00fc\u00e7\u00fck \u00e7ocuklara nas\u0131l verilecek?)\u00a0sorular\u0131n\u0131\u00a0\u00e7ocuk doktorlar\u0131na sorduk. \u0130\u015fte cevaplar;<\/p>\n<p>Bebe bisk\u00fcvisi,&nbsp;bu\u011fday unu, \u015feker, bu\u011fday ni\u015fastas\u0131, bitkisel ya\u011f ve ya\u011fs\u0131z s\u00fct tozundan olu\u015fan,&nbsp;genellikle bebekler ve \u00e7ocuklar\u0131n severek yedi\u011fi bir g\u0131dad\u0131r.B\u00f6yle olunca,&nbsp;(Bebeklere bebe bisk\u00fcvisi ne zaman,&nbsp;ka\u00e7\u0131nc\u0131 ayda verilir? K\u00fc\u00e7\u00fck \u00e7ocuklara nas\u0131l verilecek?)&nbsp;sorular\u0131n\u0131&nbsp;\u00e7ocuk doktorlar\u0131na sorduk. \u0130\u015fte cevaplar;<\/p>\n<p>Sual: Bebe\u011fim 4. ay\u0131n\u0131 bitirdi. Bebe bisk\u00fcvisine ne zaman ba\u015flayabilirim?<\/p>\n<p>CEVAP<\/p>\n<p>\u00c7ocuk Sa\u011fl\u0131\u011f\u0131 Ve Hastal\u0131klar\u0131 Uzman\u0131 Dr. Murat Ak\u00e7a&#8217;n\u0131n cevab\u0131: (6 ay\u0131n\u0131 doldurmadan bebeklere unlu g\u0131da verilmesini&nbsp;tavsiye etmem,&nbsp;sindiriminde sorun olabilir. Ben size hibb marka bebe bisk\u00fcvisi veya bimbono bebe bisk\u00fcvisi \u00f6neririm. &nbsp;<strong>6.&nbsp;aydan sonra g\u00fcnde 4-5 taneyi a\u015fmadan&nbsp;bebe bisk\u00fcvisi verebilirsiniz.<\/strong>)<\/p>\n<p>Sual: Bebe\u011fim 4,5 ayl\u0131k. Form\u00fcl maman\u0131n i\u00e7ine 2 bebek bisk\u00fcvisi at\u0131p yediriyorum. Sak\u0131ncas\u0131 var m\u0131?<\/p>\n<p>CEVAP<\/p>\n<p>\u00c7ocuk Sa\u011fl\u0131\u011f\u0131 Ve Hastal\u0131klar\u0131 Uzman\u0131 Dr. Bar\u0131\u015f \u0130lhan&#8217;\u0131n cevab\u0131: (Bebe bisk\u00fcvisine 6 aydan sonra kahvalt\u0131da ba\u015flayabilirsiniz.)<\/p>\n<p>Sual: Bebe\u011fim 5 ayl\u0131k,&nbsp;bebe bisk\u00fcvisi verebilir miyim?<\/p>\n<p>CEVAP<\/p>\n<p>\u00c7ocuk Sa\u011fl\u0131\u011f\u0131 Ve Hastal\u0131klar\u0131 Uzman\u0131 Dr.Murat Ak\u00e7a&#8217;n\u0131n cevab\u0131: (Bebe bisk\u00fcvisi,&nbsp;ek g\u0131dalara ba\u015fland\u0131\u011f\u0131 zaman verilebilir, \u015fimdi vermeyin.)<\/p>\n<p><strong>Sual: Bebe\u011fim 6 ayl\u0131k, 4.ay\u0131ndan beri ek g\u0131dalara ba\u015flad\u0131k. Cici bebe bisk\u00fcvisi vermemin bir sak\u0131ncas\u0131 var m\u0131?<\/strong><\/p>\n<p>CEVAP<\/p>\n<p>\u00c7ocuk Sa\u011fl\u0131\u011f\u0131 Ve Hastal\u0131klar\u0131 Uzman\u0131 Dr. G\u00fclay Kara&#8217;n\u0131n cevab\u0131: (Bebe\u011finize bebe bisk\u00fcvisi verebilirsiniz. Sizin de \u00f6rnek verdi\u011finiz&nbsp;gibi&nbsp;bilinen markalar\u0131 tercih edin.)<\/p>\n<p>Sual: Bebe\u011fim 6 ayl\u0131k, sabah devam mamas\u0131n\u0131n i\u00e7ine bebe bisk\u00fcvisi ve pekmez kar\u0131\u015ft\u0131r\u0131p yediriyorum, mahzuru varm\u0131?<\/p>\n<p>CEVAP<\/p>\n<p>\u00c7ocuk Sa\u011fl\u0131\u011f\u0131 Ve Hastal\u0131klar\u0131 Uzman\u0131 Dr. Murat Ayd\u0131n&#8217;\u0131n cevab\u0131: (Hay\u0131r,&nbsp;bir mahzuru yoktur,&nbsp;verebilirsiniz.)<\/p>\n<p>Sual: Bebe\u011fim 7.5 ayl\u0131k. Bebe bisk\u00fcvisini Similac devam s\u00fct\u00fc ile ezerek veriyorum. Bunu her g\u00fcn sabah vermemin mahzuru var m\u0131?<\/p>\n<p>CEVAP<\/p>\n<p>\u00c7ocuk Sa\u011fl\u0131\u011f\u0131 Ve Hastal\u0131klar\u0131 Uzman\u0131 Dr. Mehmet \u00c7a\u011flar&#8217;\u0131n cevab\u0131: (Hay\u0131r, mahzuru olmaz. Fakat peynir, yumurta sar\u0131s\u0131 da ilave etseniz daha uygun olur.)<\/p>\n<p>Sual: Bebe\u011fim 8 ayl\u0131k. Kahvalt\u0131da 8 adet bebe bisk\u00fcvisi yediriyorum.&nbsp;<strong>Bebe bisk\u00fcvileri zararl\u0131 diyorlar. Bu bilgi do\u011fru mu?<\/strong><\/p>\n<p>CEVAP<\/p>\n<p>\u00c7ocuk Sa\u011fl\u0131\u011f\u0131 Ve Hastal\u0131klar\u0131 Uzman\u0131 Dr.&nbsp;Murat Ayd\u0131n&#8217;\u0131n cevab\u0131: (Hay\u0131r,herhangi bir sak\u0131ncas\u0131 yok.)<\/p>\n<p>\u00c7ocuk Sa\u011fl\u0131\u011f\u0131 Ve Hastal\u0131klar\u0131 Uzman\u0131 Dr. Asaf G\u00fcven&#8217;in cevab\u0131: (Bebeklere bebe bisk\u00fcvisi verilmesini tavsiye etmiyorum.)<\/p>\n<p>Sual: Bebe\u011fim 3 ya\u015f\u0131nda, son 2 y\u0131ld\u0131r herg\u00fcn kahvalt\u0131s\u0131na 3-4 bebe bisk\u00fcvisi ekliyordum. Bebe bisk\u00fcvilerinin zararl\u0131 ve kanser yap\u0131c\u0131 oldu\u011funu duydum, bu bilgi do\u011fru mu?<\/p>\n<p>CEVAP<\/p>\n<p>\u00c7ocuk Sa\u011fl\u0131\u011f\u0131 Ve Hastal\u0131klar\u0131 Uzman\u0131 Yrd. Do\u00e7 Dr. Nureddin Vurgun&#8217;un cevab\u0131: (Bu konuda ispatlanm\u0131\u015f herhangi bir \u00e7al\u0131\u015fma yoktur. Bunun gibi s\u00f6ylemlere her zaman rastl\u0131yoruz. Genel olarak raf \u00f6mr\u00fc uzun olan g\u0131da \u00fcr\u00fcnlerinden, i\u00e7erdikleri koruyucu maddeler nedeniyle uzak durmak \u00f6nerilir. Ba\u015fka se\u00e7enek olmad\u0131\u011f\u0131nda da a\u015f\u0131r\u0131 t\u00fcketmemekte fayda vard\u0131r. Ama sizin kulland\u0131\u011f\u0131n\u0131z miktar ile b\u00f6yle bir sonu\u00e7 beklemek biraz abart\u0131l\u0131 olur. \u0130\u00e7iniz rahat olsun. Ayr\u0131ca ortamdaki cep telefonu gibi bir\u00e7ok elektronik,&nbsp;magnetik&nbsp;\u00fcr\u00fcnlerin ortama yayd\u0131\u011f\u0131 kanserojen \u0131\u015f\u0131nlar,&nbsp;belki de bu \u00fcr\u00fcnlerdeki&nbsp;zarar&nbsp;ihtimallerinden daha fazlad\u0131r. Size kanserojen olmayan bir ortam \u00f6nermek isterdim ama do\u011fay\u0131 bu kadar kirletmi\u015fken bu m\u00fcmk\u00fcn olmayacakt\u0131r.)<\/p>\n<p>Not: Bu cevaplar yaln\u0131zca soru soran \u015fah\u0131slara m\u00fcnhas\u0131rd\u0131r. Doktorunuza dan\u0131\u015fmadan asla bebe\u011finize bebe bisk\u00fcvisi vermeye ba\u015flamay\u0131n.<\/p>\n<p><a href=\"https:\/\/www.mavikadin.com\/bebeklere-kimyon-cayi-icirilebilir-mi-uzman-doktorlar-cevapliyor\" style=\"font-size: 20px;\" target=\"_blank\" rel=\"noopener\">Bebekler&nbsp;Kimyon Ne Zaman Ve Nas\u0131l Verilir? Uzman Doktorlar Cevapl\u0131yor T\u0131klay\u0131n\u0131z<\/a><\/p>\n<p><span style=\"font-size:20px;\"><a href=\"https:\/\/www.mavikadin.com\/bebeklere-avokado-verilirmi-ve-nasil-verilir-doktorlar-cevapliyor\" target=\"_blank\" rel=\"noopener\"><span style=\"color:#FF0000;\">Avakadonun Bebeklere Faydalar\u0131 Nelerdir, Bebeklere Ne Zaman Verilir? T\u0131klay\u0131n\u0131z<\/span><\/a><\/span><\/p>\n<p><span style=\"font-size:20px;\"><a href=\"https:\/\/www.mavikadin.com\/bebeklere-domates-ne-zaman-verilir-ve-domates-bebekte-gaz-yaparmi\" target=\"_blank\" rel=\"noopener\">Bebeklere Domates Ne Zaman Verilir Ve Domates Bebekte Gaz Yaparm\u0131? T\u0131klay\u0131n\u0131z<\/a><\/span><\/p>\n<p><span style=\"font-size:20px;\"><a href=\"https:\/\/www.mavikadin.com\/bebeklere-karpuz-ve-kavun-verilirmi-uzman-doktorlar-cevapliyor\" target=\"_blank\" rel=\"noopener\"><span style=\"color:#FF0000;\">Bebeklere Karpuz Ve Kavun Verilirmi? Uzman Doktorlar Cevapl\u0131yor T\u0131klay\u0131n\u0131z<\/span><\/a><\/span><\/p>\n<p><span style=\"font-size:20px;\"><a href=\"https:\/\/www.mavikadin.com\/bildircin-yumurtasi-bebeklere-ve-cocuklara-verilirmi-nasil-verilir\" target=\"_blank\" rel=\"noopener\">B\u0131ld\u0131rc\u0131n Yumurtas\u0131 Bebeklere Ve \u00c7ocuklara Ka\u00e7 Ya\u015f\u0131nda, Nas\u0131l Verilir? T\u0131klay\u0131n\u0131z<\/a><\/span><\/p>\n<p><span style=\"font-size:20px;\"><a href=\"https:\/\/www.mavikadin.com\/anason-cayi-bebeklere-ne-kadar-ve-nasil-verilir-doktorlar-cevapliyor\" target=\"_blank\" rel=\"noopener\"><span style=\"color:#FF0000;\">Bebeklere Anason \u00c7ay\u0131 Verilirmi, Ne Zaman Ve Nas\u0131l Verilir? T\u0131klay\u0131n\u0131z<\/span><\/a><\/span><\/p>\n","protected":false},"excerpt":{"rendered":"<p>(Bebeklere bebe bisk\u00fcvisi ne zaman,\u00a0ka\u00e7\u0131nc\u0131 ayda verilir? K\u00fc\u00e7\u00fck \u00e7ocuklara nas\u0131l verilecek?)\u00a0sorular\u0131n\u0131\u00a0\u00e7ocuk doktorlar\u0131na sorduk. \u0130\u015fte cevaplar; Bebe bisk\u00fcvisi,&nbsp;bu\u011fday unu, \u015feker, bu\u011fday ni\u015fastas\u0131, bitkisel ya\u011f ve ya\u011fs\u0131z s\u00fct tozundan olu\u015fan,&nbsp;genellikle bebekler ve \u00e7ocuklar\u0131n severek yedi\u011fi bir g\u0131dad\u0131r.B\u00f6yle olunca,&nbsp;(Bebeklere bebe bisk\u00fcvisi ne zaman,&nbsp;ka\u00e7\u0131nc\u0131 ayda verilir? K\u00fc\u00e7\u00fck \u00e7ocuklara nas\u0131l verilecek?)&nbsp;sorular\u0131n\u0131&nbsp;\u00e7ocuk doktorlar\u0131na sorduk. \u0130\u015fte cevaplar; Sual: Bebe\u011fim 4. ay\u0131n\u0131 bitirdi. [&hellip;]<\/p>\n","protected":false},"author":30,"featured_media":41554,"comment_status":"closed","ping_status":"open","sticky":false,"template":"","format":"standard","meta":{"rank_math_lock_modified_date":false,"footnotes":""},"categories":[111],"tags":[15152,4049,32375,12251,287],"class_list":["post-41555","post","type-post","status-publish","format-standard","has-post-thumbnail","hentry","category-anne-cocuk","tag-bebe-biskuvisi","tag-bebek-beslenmesi","tag-cicibebe","tag-cocuk-doktoru","tag-ek-gida"],"_links":{"self":[{"href":"https:\/\/www.tgrthaber.com\/mavikadin\/wp-json\/wp\/v2\/posts\/41555"}],"collection":[{"href":"https:\/\/www.tgrthaber.com\/mavikadin\/wp-json\/wp\/v2\/posts"}],"about":[{"href":"https:\/\/www.tgrthaber.com\/mavikadin\/wp-json\/wp\/v2\/types\/post"}],"author":[{"embeddable":true,"href":"https:\/\/www.tgrthaber.com\/mavikadin\/wp-json\/wp\/v2\/users\/30"}],"replies":[{"embeddable":true,"href":"https:\/\/www.tgrthaber.com\/mavikadin\/wp-json\/wp\/v2\/comments?post=41555"}],"version-history":[{"count":1,"href":"https:\/\/www.tgrthaber.com\/mavikadin\/wp-json\/wp\/v2\/posts\/41555\/revisions"}],"predecessor-version":[{"id":41556,"href":"https:\/\/www.tgrthaber.com\/mavikadin\/wp-json\/wp\/v2\/posts\/41555\/revisions\/41556"}],"wp:featuredmedia":[{"embeddable":true,"href":"https:\/\/www.tgrthaber.com\/mavikadin\/wp-json\/wp\/v2\/media\/41554"}],"wp:attachment":[{"href":"https:\/\/www.tgrthaber.com\/mavikadin\/wp-json\/wp\/v2\/media?parent=41555"}],"wp:term":[{"taxonomy":"category","embeddable":true,"href":"https:\/\/www.tgrthaber.com\/mavikadin\/wp-json\/wp\/v2\/categories?post=41555"},{"taxonomy":"post_tag","embeddable":true,"href":"https:\/\/www.tgrthaber.com\/mavikadin\/wp-json\/wp\/v2\/tags?post=41555"}],"curies":[{"name":"wp","href":"https:\/\/api.w.org\/{rel}","templated":true}]}}