{"id":41558,"date":"2016-09-03T04:29:31","date_gmt":"2016-09-03T01:29:31","guid":{"rendered":"https:\/\/new.mavikadin.com\/?p=41558"},"modified":"2024-09-16T10:19:39","modified_gmt":"2024-09-16T07:19:39","slug":"bebeklere-ceviz-hangi-ayda-ve-nasil-verilir-doktorlar-cevapliyor","status":"publish","type":"post","link":"https:\/\/www.tgrthaber.com\/mavikadin\/bebeklere-ceviz-hangi-ayda-ve-nasil-verilir-doktorlar-cevapliyor\/","title":{"rendered":"Bebeklere Ceviz Hangi Ayda Ve Nas\u0131l Verilir? Doktorlar Cevapl\u0131yor"},"content":{"rendered":"<p>Bebeklere ceviz verilir mi? Bebeklere ceviz ne zaman, hangi ayda, nas\u0131l verilir? 6, 7, 8, 9 ayl\u0131k bebe\u011fe ceviz yedirilir mi?<\/p>\n<p>Bebe\u011finize ceviz yedirmek istiyorsan\u0131z muhtemelen kafan\u0131zda \u00e7e\u015fitli sorular belirecektir. Mesela, (Bebeklere ceviz verilir mi? Bebeklere ceviz ne zaman, hangi ayda, nas\u0131l verilir?&nbsp;6, 7, 8, 9 ayl\u0131k bebe\u011fe ceviz yedirilir mi? Acaba bebe\u011fime faydal\u0131 olacak m\u0131, alerji yapar m\u0131?&nbsp;Bebeklere kilo ald\u0131r\u0131r m\u0131?) gibi endi\u015feler sizi rahats\u0131z edecektir. T\u00fcm bu sorular\u0131n cevaplar\u0131n\u0131&nbsp;bu&nbsp;makalemizde bulabilirsiniz.<\/p>\n<p><strong>Tam&nbsp;\u0130lmih\u00e2l&nbsp;Seadet-i Ebediyye kitab\u0131nda buyruldu ki<\/strong><\/p>\n<p>Cevizi peynirle yimek \u015fif\u00e2d\u0131r. Bunlar\u0131 yaln\u0131z yimek zarard\u0131r. Bir \u015fey ile ber\u00e2ber yimelidir.&nbsp;<\/p>\n<p>Ceviz, y\u00fcksek miktarda enerji kayna\u011f\u0131 olmas\u0131, vitamin ve mineral deposu yap\u0131s\u0131, beyin geli\u015fimine yard\u0131mc\u0131 omega 3 ya\u011f asidi \u00f6zleri ile hem \u00e7ocuklar hem de b\u00fcy\u00fckler i\u00e7in harika bir yiyecektir. En iyi g\u0131dalardan biri olmas\u0131na ra\u011fmen bebeklere verilmesi konusunda ak\u0131lda \u00e7e\u015fitli \u015f\u00fcpheler vard\u0131r.&nbsp;<strong>(6,7,8,9 ayl\u0131k bebe\u011fe ceviz verilir mi?)<\/strong>&nbsp;Sorusunu doktorlara sorduk, cevaplara ge\u00e7meden \u00f6nce cevizin bebeklerin sa\u011fl\u0131\u011f\u0131na olan faydalar\u0131ndan bahsedelim:<\/p>\n<h3><span style=\"color:#FF0000;\"><span style=\"font-size:16px;\"><strong>Cevizin bebeklere faydalar\u0131<\/strong><\/span><\/span><\/h3>\n<p><span style=\"color:#FF8C00;\"><b>Bebeklere kilo ald\u0131r\u0131r ve enerji verir<\/b><\/span><br \/>\n100 gr ceviz 654 kcal i\u00e7erir ki bu da b\u00fcy\u00fck bir rakamd\u0131r. Yani ceviz, uzun bir zaman aral\u0131\u011f\u0131 i\u00e7in g\u00fc\u00e7l\u00fc enerji sa\u011flar. Bebeklerde halsizlik ve enerji d\u00fc\u015f\u00fckl\u00fc\u011f\u00fcn\u00fc \u00f6nler. Kalori a\u00e7\u0131s\u0131ndan zengin yap\u0131s\u0131yla bebeklere kilo ald\u0131rmaya yard\u0131mc\u0131 olur.<\/p>\n<p><span style=\"color:#FF8C00;\"><strong>\u0130yi bir mineral kayna\u011f\u0131d\u0131r:<\/strong><\/span><br \/>\nCeviz, kalsiyum, demir, magnezyum, fosfor, potasyum, \u00e7inko gibi \u00e7e\u015fitli mineraller bak\u0131m\u0131ndan zengindir. Bu minerallerin her birinin v\u00fccut fonksiyonlar\u0131n d\u00fczg\u00fcn i\u015flemesinde ayr\u0131 ayr\u0131 \u00f6nemli i\u015flevleri vard\u0131r. \u00d6rne\u011fin, kalsiyum ve magnezyum,&nbsp;bebek kemik sa\u011fl\u0131\u011f\u0131 i\u00e7in \u00f6nemli elementlerdir. Demir hemoglobin \u00fcretiminden sorumludur, bebeklerdeki kans\u0131zl\u0131\u011f\u0131 \u00f6nler. Fosfor; sindirime yard\u0131mc\u0131 olur, h\u00fccre olu\u015fumunda,&nbsp;h\u00fccre onar\u0131m\u0131nda ve \u00e7e\u015fitli biyokimyasal reaksiyonlarda g\u00f6rev al\u0131r.<\/p>\n<p><span style=\"color:#FF8C00;\"><strong>\u0130yi bir vitamin kayna\u011f\u0131d\u0131r:&nbsp;<\/strong><\/span><br \/>\nCeviz,&nbsp;C vitamini, tiamin, niasin, folat, E vitamini, K vitamini ve A vitamini gibi vitaminler i\u00e7erir. Bebe\u011fi vitamin eksikli\u011finden korur.&nbsp;<\/p>\n<p><span style=\"color:#FF8C00;\"><strong>Beyin geli\u015fimi i\u00e7in faydal\u0131d\u0131r:&nbsp;<\/strong><\/span><br \/>\n\u0130\u00e7erdi\u011fi omega 3 ya\u011f asitleri sayesinde bebeklerdeki beyin geli\u015fiminde ve beyin sa\u011fl\u0131\u011f\u0131n\u0131n korunmas\u0131nda \u00e7ok \u00f6nemli rol oynar.&nbsp;<\/p>\n<p><span style=\"color:#FF8C00;\"><strong>Bebeklerin iyi uyumalar\u0131n\u0131 sa\u011flar:<\/strong>&nbsp;<\/span><br \/>\nCeviz,&nbsp;melatonin i\u00e7erir. Melatonin hormonu ise uyku art\u0131r\u0131c\u0131 ve uyku d\u00fczenleyici \u00f6zelliktedir.<\/p>\n<p>Sual: Bebe\u011fim 6 ayl\u0131k. Robottan ge\u00e7irip toz haline getirdi\u011fim cevizi bebe\u011fimin kahvalt\u0131s\u0131na katabilir miyim?<\/p>\n<p>CEVAP<\/p>\n<p>\u00c7ocuk Sa\u011fl\u0131\u011f\u0131 Ve Hastal\u0131klar\u0131 Uzman\u0131 Dr. Murat Ayd\u0131n&#8217;\u0131n cevab\u0131: (Evet, katabilirsiniz.)<\/p>\n<p>Sual: Bebe\u011fim 6 ayl\u0131k. Balkaba\u011f\u0131, ceviz, domates verebilirmiyim?<\/p>\n<p>CEVAP<\/p>\n<p>\u00c7ocuk Sa\u011fl\u0131\u011f\u0131 Ve Hastal\u0131klar\u0131 Uzman\u0131 Dr. S\u00fcha \u00dcn\u00fcvar&#8217;\u0131n cevab\u0131: (Sayd\u0131klar\u0131n\u0131zdan azar azar a\u015f\u0131r\u0131ya ka\u00e7madan verebilirsiniz. Ci\u011ferlere ka\u00e7ma ihtimali oldu\u011fundan cevizi iyice toz hale getirip \u00f6yle vermelidir.)<\/p>\n<p style=\"text-align:center\"><img loading=\"lazy\" decoding=\"async\" alt=\"\" height=\"184\" src=\"https:\/\/www.tgrthaber.com\/mavikadin\/wp-content\/images\/ckfiles\/images\/bebeklere-ceviz-ne-zaman-verilir- 6-7-8-9-aylik-bebege-ceviz-verilirmi-1.jpg\" width=\"275\" title=\"\"><\/p>\n<p>Sual: 7 ayl\u0131k bebe\u011fimin kahvalt\u0131s\u0131na cevizi dahil edebilir miyim?<\/p>\n<p>CEVAP<\/p>\n<p>\u00c7ocuk Sa\u011fl\u0131\u011f\u0131 Ve Hastal\u0131klar\u0131 Uzman\u0131 Dr. Murat Muhtar Y\u0131lmazer&#8217;in cevab\u0131: (Evet, ceviz de katabilirsiniz.)<\/p>\n<p>Sual: Bebe\u011fim 8 ayl\u0131k. Kahvalt\u0131s\u0131na her g\u00fcn 1 tane ceviz ile badem dahil ediyorum. Her g\u00fcn vermem mahzurlu mu?<\/p>\n<p>CEVAP<\/p>\n<p>\u00c7ocuk Sa\u011fl\u0131\u011f\u0131 Ve Hastal\u0131klar\u0131 Uzman\u0131 Dr. Murat Ayd\u0131n&#8217;\u0131n cevab\u0131: (Hay\u0131r, mahzuru yok. Verebilirsiniz.)<\/p>\n<h3><span style=\"color:#FF8C00;\"><span style=\"font-size:16px;\"><strong>Bebeklere ceviz ne kadar ve nas\u0131l verilir?<\/strong><\/span><\/span><\/h3>\n<p>Blenderdan, robottan ge\u00e7irip, yahut havanda d\u00f6v\u00fcp toz haline getirip, peynirine, pekmezine, mama i\u00e7lerine, haz\u0131rlad\u0131\u011f\u0131n\u0131z kek ve kurabiyelere, muhallebiye, kahvalt\u0131s\u0131na katabilirsiniz. \u00d6nce yar\u0131m cevizle ba\u015flay\u0131p, alerjiye neden olmazsa 1 cevize kadar \u00e7\u0131karabilirsiniz.<\/p>\n<p>Not: Bu cevaplar soru soran \u015fah\u0131slara m\u00fcnhas\u0131rd\u0131r. Ceviz,&nbsp;alerjik besinlerden oldu\u011fundan bebe\u011finiz 6 ayl\u0131k olmu\u015f olsa bile doktorunuza dan\u0131\u015fmadan cevize ba\u015flaman\u0131z\u0131 tavsiye etmeyiz.<\/p>\n<p><a href=\"https:\/\/www.mavikadin.com\/ceviz-gaz-veya-ishal-yaparmi-cevizin-zararlari-nelerdir\" style=\"font-size: 20px;\" target=\"_blank\" rel=\"noopener\">Cevizin Sa\u011fl\u0131\u011fa Zararlar\u0131 Nelerdir, Ceviz Gaz Veya \u0130shal Yaparm\u0131? T\u0131klay\u0131n\u0131z<\/a><\/p>\n<p><span style=\"font-size:20px;\"><a href=\"https:\/\/www.mavikadin.com\/ceviz-alerji-yaparmi-ceviz-alerjisi-nasil-anlasilir-nasil-gecer\" target=\"_blank\" rel=\"noopener\"><span style=\"color:#FF0000;\">Ceviz Alerji Yaparm\u0131, Ceviz Alerjisi Nas\u0131l Anla\u015f\u0131l\u0131r, Nas\u0131l Ge\u00e7er? T\u0131klay\u0131n\u0131z<\/span><\/a><\/span><\/p>\n<p><span style=\"font-size:20px;\"><a href=\"https:\/\/www.mavikadin.com\/bebeklere-kimyon-cayi-icirilebilir-mi-uzman-doktorlar-cevapliyor\" target=\"_blank\" rel=\"noopener\">Bebekler&nbsp;Kimyon Ne Zaman Ve Nas\u0131l Verilir? Uzman Doktorlar Cevapl\u0131yor T\u0131klay\u0131n\u0131z<\/a><\/span><\/p>\n<p><span style=\"font-size:20px;\"><a href=\"https:\/\/www.mavikadin.com\/bebeklere-seftali-ne-zaman-verilir-seftali-bebekte-gaz-yaparmi\" target=\"_blank\" rel=\"noopener\"><span style=\"color:#FF0000;\">Bebeklere \u015eeftali Ne Zaman Verilir, \u015eeftali Bebekte Gaz Yaparm\u0131? T\u0131klay\u0131n\u0131z<\/span><\/a><\/span><\/p>\n<p><span style=\"font-size:20px;\"><a href=\"https:\/\/www.mavikadin.com\/bebeklere-muz-puresi-nasil-yapilir-ve-kac-aylikken-verilir\" target=\"_blank\" rel=\"noopener\">Bebeklere Muz Ne Zaman Verilir, Muzun Bebe\u011fe Faydalar\u0131 Nelerdir? T\u0131klay\u0131n\u0131z<\/a><\/span><\/p>\n<p><span style=\"font-size:20px;\"><a href=\"https:\/\/www.mavikadin.com\/brokoli-bebeklere-ne-zaman-verilir-ve-bebeklerde-gaz-yaparmi\" target=\"_blank\" rel=\"noopener\"><span style=\"color:#FF0000;\">Brokoli Bebeklere Ne Zaman Verilir Ve Bebeklerde Gaz Yaparm\u0131? T\u0131klay\u0131n\u0131z<\/span><\/a><\/span><\/p>\n<p><span style=\"font-size:20px;\"><a href=\"https:\/\/www.mavikadin.com\/bebeklere-karpuz-ve-kavun-verilirmi-uzman-doktorlar-cevapliyor\" target=\"_blank\" rel=\"noopener\">Bebeklere Karpuz \u0130le Kavun Ne Zaman Ve Ne Kadar Verilir? T\u0131klay\u0131n\u0131z<\/a><\/span><\/p>\n","protected":false},"excerpt":{"rendered":"<p>Bebeklere ceviz verilir mi? Bebeklere ceviz ne zaman, hangi ayda, nas\u0131l verilir? 6, 7, 8, 9 ayl\u0131k bebe\u011fe ceviz yedirilir mi? Bebe\u011finize ceviz yedirmek istiyorsan\u0131z muhtemelen kafan\u0131zda \u00e7e\u015fitli sorular belirecektir. Mesela, (Bebeklere ceviz verilir mi? Bebeklere ceviz ne zaman, hangi ayda, nas\u0131l verilir?&nbsp;6, 7, 8, 9 ayl\u0131k bebe\u011fe ceviz yedirilir mi? Acaba bebe\u011fime faydal\u0131 olacak [&hellip;]<\/p>\n","protected":false},"author":30,"featured_media":41557,"comment_status":"closed","ping_status":"open","sticky":false,"template":"","format":"standard","meta":{"rank_math_lock_modified_date":false,"footnotes":""},"categories":[111],"tags":[32378,4049,32377,32376,30357],"class_list":["post-41558","post","type-post","status-publish","format-standard","has-post-thumbnail","hentry","category-anne-cocuk","tag-6-aylik-bebek-ceviz","tag-bebek-beslenmesi","tag-bebek-ceviz-ne-zaman","tag-bebeklerde-ceviz","tag-ceviz-faydalari"],"_links":{"self":[{"href":"https:\/\/www.tgrthaber.com\/mavikadin\/wp-json\/wp\/v2\/posts\/41558"}],"collection":[{"href":"https:\/\/www.tgrthaber.com\/mavikadin\/wp-json\/wp\/v2\/posts"}],"about":[{"href":"https:\/\/www.tgrthaber.com\/mavikadin\/wp-json\/wp\/v2\/types\/post"}],"author":[{"embeddable":true,"href":"https:\/\/www.tgrthaber.com\/mavikadin\/wp-json\/wp\/v2\/users\/30"}],"replies":[{"embeddable":true,"href":"https:\/\/www.tgrthaber.com\/mavikadin\/wp-json\/wp\/v2\/comments?post=41558"}],"version-history":[{"count":1,"href":"https:\/\/www.tgrthaber.com\/mavikadin\/wp-json\/wp\/v2\/posts\/41558\/revisions"}],"predecessor-version":[{"id":41559,"href":"https:\/\/www.tgrthaber.com\/mavikadin\/wp-json\/wp\/v2\/posts\/41558\/revisions\/41559"}],"wp:featuredmedia":[{"embeddable":true,"href":"https:\/\/www.tgrthaber.com\/mavikadin\/wp-json\/wp\/v2\/media\/41557"}],"wp:attachment":[{"href":"https:\/\/www.tgrthaber.com\/mavikadin\/wp-json\/wp\/v2\/media?parent=41558"}],"wp:term":[{"taxonomy":"category","embeddable":true,"href":"https:\/\/www.tgrthaber.com\/mavikadin\/wp-json\/wp\/v2\/categories?post=41558"},{"taxonomy":"post_tag","embeddable":true,"href":"https:\/\/www.tgrthaber.com\/mavikadin\/wp-json\/wp\/v2\/tags?post=41558"}],"curies":[{"name":"wp","href":"https:\/\/api.w.org\/{rel}","templated":true}]}}