{"id":41561,"date":"2016-09-04T04:23:39","date_gmt":"2016-09-04T01:23:39","guid":{"rendered":"https:\/\/new.mavikadin.com\/?p=41561"},"modified":"2024-09-16T10:19:42","modified_gmt":"2024-09-16T07:19:42","slug":"bebeklere-su-ne-zaman-verilir-ve-mama-yiyen-bebeklere-su-verilirmi","status":"publish","type":"post","link":"https:\/\/www.tgrthaber.com\/mavikadin\/bebeklere-su-ne-zaman-verilir-ve-mama-yiyen-bebeklere-su-verilirmi\/","title":{"rendered":"Bebeklere Su Ne Zaman Verilir Ve Mama Yiyen Bebeklere Su Verilirmi?"},"content":{"rendered":"<p>(Yeni do\u011fan bebek su i\u00e7er mi? Bebeklere su ne zaman verilir?)\u00a0Bu sorular\u0131 \u00e7ocuk doktorlar\u0131na sorduk,\u00a0i\u015fte cevaplar:<\/p>\n<p>Su, organlar\u0131n i\u015fleyi\u015finde hayati \u00f6neme sahip en \u00f6nemli s\u0131v\u0131d\u0131r. Bebe\u011fin su dahil t\u00fcm s\u0131v\u0131 ve kat\u0131 ihtiya\u00e7lar\u0131 ilk 6 ay anne s\u00fct\u00fcnce kar\u015f\u0131lan\u0131r.&nbsp;<strong>(Yeni do\u011fan bebek su i\u00e7er mi? Bebeklere su ne zaman verilir?)<\/strong>&nbsp;Bu sorular\u0131 \u00e7ocuk doktorlar\u0131na sorduk,&nbsp;i\u015fte cevaplar:<\/p>\n<p>Sual: Yeni do\u011fan bebe\u011fe ne zaman su verilir, bebeklere ka\u00e7\u0131nc\u0131 aydan itibaren su verilir?<\/p>\n<p>CEVAP<\/p>\n<p><strong>\u00c7ocuk Sa\u011fl\u0131\u011f\u0131 Ve Hastal\u0131klar\u0131 Uzman\u0131 Dr. Asaf G\u00fcven&#8217;in cevab\u0131: (Anne s\u00fct\u00fcyle besleniyorsa 6. aydan itibaren ba\u015flanabilir. Mama yiyen bebekte ise daha erken ba\u015flanabilir.)<\/strong><\/p>\n<p>Sual: Bebe\u011fim 7 ayl\u0131k,&nbsp;su i\u00e7meyi sevmiyor, su i\u00e7iremiyorum, ne yapmal\u0131y\u0131m?<\/p>\n<p>CEVAP<\/p>\n<p>\u00c7ocuk Sa\u011fl\u0131\u011f\u0131 Ve Hastal\u0131klar\u0131 Uzman\u0131 Yrd.Do\u00e7.Dr. Seydi Battal G\u00f6lgeli&#8217;nin cevab\u0131: (O\u011flunuzun su ihtiyac\u0131 olsa kendisi ister.&nbsp;\u015eayet anne s\u00fct\u00fcyle ve\/veya besinlerle s\u0131v\u0131 ihtiyac\u0131 kar\u015f\u0131lan\u0131rsa su i\u00e7mek istemez.&nbsp;L\u00fctfen zorlamay\u0131n.)<\/p>\n<p>Sual: Bebe\u011fim 7,5 ayl\u0131k. Anne s\u00fct\u00fcm olmad\u0131\u011f\u0131 i\u00e7in mama ve ek g\u0131da ile beslenmektedir. Mama i\u00e7indeki ve ald\u0131\u011f\u0131 ek g\u0131dalardaki su bebe\u011fimin g\u00fcnl\u00fck su ihtiyac\u0131n\u0131 kar\u015f\u0131lar m\u0131? Suya nas\u0131l al\u0131\u015ft\u0131rabilirim?<\/p>\n<p>CEVAP<\/p>\n<p>\u00c7ocuk Sa\u011fl\u0131\u011f\u0131 Ve Hastal\u0131klar\u0131 Uzman\u0131 Dr. Murat Ayd\u0131n&#8217;\u0131n cevab\u0131: (Su ihtiyac\u0131 oldu\u011funda verdi\u011finiz suyu i\u00e7ecektir, kendinize s\u0131k\u0131nt\u0131 yapmay\u0131n.)<\/p>\n<p>Sual: Bebe\u011fim 3 ayl\u0131k, sadece mama ile besleniyor g\u00fcnl\u00fck ka\u00e7 cc su vermem gerekir?<\/p>\n<p>CEVAP<\/p>\n<p>\u00c7ocuk Sa\u011fl\u0131\u011f\u0131 Ve Hastal\u0131klar\u0131 Uzman\u0131 <strong>Dr. G\u00fclay Kara&#8217;n\u0131n cevab\u0131: (Bebe\u011finize mama verdi\u011finiz i\u00e7in ilave su vermenize gerek yoktur.)<\/strong><\/p>\n<p>Sual: Bebe\u011fim 3 ayl\u0131k, anne s\u00fct\u00fcn\u00fcn yan\u0131nda 2 defa mama veriyorum. Su i\u00e7irmem gerekir mi?<\/p>\n<p>CEVAP<\/p>\n<p><strong>\u00c7ocuk Sa\u011fl\u0131\u011f\u0131 Ve Hastal\u0131klar\u0131 Uzman\u0131 Dr. Erdem Uzuno\u011flu&#8217;nun cevab\u0131: (Anne s\u00fct\u00fc ve mamay\u0131 haz\u0131rlarken kulland\u0131\u011f\u0131n\u0131z su, bebe\u011fin su ihtiyac\u0131n\u0131 kar\u015f\u0131lar, ekstra suya gerek yok.)<\/strong><\/p>\n<p style=\"text-align:center\"><img loading=\"lazy\" decoding=\"async\" alt=\"\" height=\"225\" src=\"https:\/\/www.tgrthaber.com\/mavikadin\/wp-content\/images\/ckfiles\/images\/yeni-dogan-bebege-su-verilirmi-uzman-doktorlar-cevapliyor-1.jpg\" width=\"166\" title=\"\"><\/p>\n<p>Sual:&nbsp;Bebe\u011fim 5 ayl\u0131k,&nbsp;yaln\u0131zca mama ile besleniyor. Bir t\u00fcrl\u00fc su i\u00e7meye al\u0131\u015ft\u0131ramad\u0131m, ne tavsiye edersiniz?<\/p>\n<p>CEVAP<\/p>\n<p>\u00c7ocuk Sa\u011fl\u0131\u011f\u0131 Ve Hastal\u0131klar\u0131 Uzman\u0131 Prof. Dr. Nuran G\u00fcrses&#8217;in cevab\u0131: (Tedirgin olacak bir durum yok ortada,&nbsp;sonu\u00e7ta mamay\u0131&nbsp;da su ile haz\u0131rl\u0131yorsunuz. Art\u0131k bu aylarda meyva suyu verebilirsiniz,&nbsp;havalar\u0131n s\u0131cak oldu\u011fu g\u00fcnlerde su i\u00e7irmeyi de deneyebilirsiniz.)<\/p>\n<p>Sual: 7 ayl\u0131k bebe\u011fin su ihtiyac\u0131 ne kadard\u0131r?<\/p>\n<p>CEVAP<\/p>\n<p>\u00c7ocuk Sa\u011fl\u0131\u011f\u0131 Ve Hastal\u0131klar\u0131 Uzman\u0131 Dr.&nbsp;Bar\u0131\u015f \u0130lhan&#8217;\u0131n cevab\u0131: (Yemek aralar\u0131nda 1-2 \u00e7orba ka\u015f\u0131\u011f\u0131 kadar su verebilirsiniz.)<\/p>\n<p>\u00c7ocuk Sa\u011fl\u0131\u011f\u0131 Ve Hastal\u0131klar\u0131 Uzman\u0131 Dr. Asaf G\u00fcven&#8217;in cevab\u0131: (Bebek s\u0131v\u0131 g\u0131dalarla beslenir.&nbsp;Ne kadar su istiyorsa doyana kadar verebilirsiniz.)<\/p>\n<p>Sual: 1 ya\u015f\u0131nda k\u0131z\u0131m \u00e7ok su i\u00e7meyi seviyor. En fazla ne kadar i\u00e7ebilir?<\/p>\n<p>CEVAP<\/p>\n<p><strong>\u00c7ocuk Sa\u011fl\u0131\u011f\u0131 Ve Hastal\u0131klar\u0131 Uzman\u0131 Dr. Asaf G\u00fcven&#8217;in cevab\u0131: (1, 5 litre yani 6 su barda\u011f\u0131na kadar verilebilir.)<\/strong><\/p>\n<p>Sual: 9 ayl\u0131k bebek ne kadar su i\u00e7ebilir, g\u00fcnl\u00fck miktar\u0131 ne kadar?<\/p>\n<p>CEVAP<\/p>\n<p>\u00c7ocuk Sa\u011fl\u0131\u011f\u0131 Ve Hastal\u0131klar\u0131 Uzman\u0131 Dr. Emrah Can&#8217;\u0131n cevab\u0131: (Ek g\u0131da alan bebekler kaynat\u0131lm\u0131\u015f su i\u00e7ebilirler \u00f6zel bir miktar yoktur ve genelde ihtiyaca g\u00f6re belirlenir.)<\/p>\n<p>Sual: 4.aydan sonra al\u0131\u015ft\u0131rma ama\u00e7l\u0131 bebe\u011fe az miktarda su verilebilir mi?<\/p>\n<p>CEVAP<\/p>\n<p>Beslenme Uzman\u0131 Ve Diyetisyen Nazife Balaban&#8217;\u0131n cevab\u0131: (6 ay\u0131 bitene kadar bebe\u011finize anne s\u00fct\u00fc d\u0131\u015f\u0131nda hi\u00e7 bir \u015fey vermemelisiniz.)<\/p>\n<p>Sual: Bebe\u011fim 6 ayl\u0131k,&nbsp;su ve maden suyu verebilir miyim?<\/p>\n<p>CEVAP<\/p>\n<p>\u00c7ocuk Sa\u011fl\u0131\u011f\u0131 Ve Hastal\u0131klar\u0131 Uzman\u0131 Dr. Murat Ayd\u0131n&#8217;\u0131n cevab\u0131: (Su vermeye ba\u015flay\u0131n, maden suyu da verilebilir.)<\/p>\n<p><a href=\"https:\/\/www.mavikadin.com\/6-aylik-ve-1-yasindaki-bebeklere-adacayi-verilirmi-doktor-cevapliyor\" target=\"_blank\" rel=\"noopener\"><span style=\"color:#FF0000;\"><span style=\"font-size:20px;\">Bebeklere Ada\u00e7ay\u0131 Verilirmi? Uzman Doktorlar Cevapl\u0131yor T\u0131klay\u0131n\u0131z<\/span><\/span><\/a><\/p>\n<p><span style=\"font-size:20px;\"><a href=\"https:\/\/www.mavikadin.com\/bebeklere-ceviz-hangi-ayda-ve-nasil-verilir-doktorlar-cevapliyor\" target=\"_blank\" rel=\"noopener\">Bebeklere Ceviz Ne Zaman Verilir, 6,7,8,9 Ayl\u0131k Bebe\u011fe Ceviz Verilirmi? T\u0131klay\u0131n\u0131z<\/a><\/span><\/p>\n<p><span style=\"font-size:20px;\"><a href=\"https:\/\/www.mavikadin.com\/bebeklere-domates-ne-zaman-verilir-ve-domates-bebekte-gaz-yaparmi\" target=\"_blank\" rel=\"noopener\"><span style=\"color:#FF0000;\">Bebeklere Domates Ne Zaman Verilir Ve Domates Bebekte Gaz Yaparm\u0131? T\u0131klay\u0131n\u0131z<\/span><\/a><\/span><\/p>\n<p><span style=\"font-size:20px;\"><a href=\"https:\/\/www.mavikadin.com\/bebeklere-karpuz-ve-kavun-verilirmi-uzman-doktorlar-cevapliyor\" target=\"_blank\" rel=\"noopener\">Bebeklere Karpuz Ve Kavun Verilirmi? Uzman Doktorlar Cevapl\u0131yor T\u0131klay\u0131n\u0131z<\/a><\/span><\/p>\n<p><span style=\"font-size:20px;\"><a href=\"https:\/\/www.mavikadin.com\/bildircin-yumurtasi-bebeklere-ve-cocuklara-verilirmi-nasil-verilir\" target=\"_blank\" rel=\"noopener\"><span style=\"color:#FF0000;\">B\u0131ld\u0131rc\u0131n Yumurtas\u0131 Bebeklere Ve \u00c7ocuklara Ka\u00e7 Ya\u015f\u0131nda, Nas\u0131l Verilir? T\u0131klay\u0131n\u0131z<\/span><\/a><\/span><\/p>\n<p><span style=\"font-size:20px;\"><a href=\"https:\/\/www.mavikadin.com\/brokoli-bebeklere-ne-zaman-verilir-ve-bebeklerde-gaz-yaparmi\" target=\"_blank\" rel=\"noopener\">Brokoli Bebeklere Ne Zaman Verilir Ve Bebeklerde Gaz Yaparm\u0131? T\u0131klay\u0131n\u0131z<\/a><\/span><\/p>\n<p><span style=\"font-size:20px;\"><a href=\"https:\/\/www.mavikadin.com\/bebeklere-siyah-cay-ne-zaman-verilir-bebekler-ne-zaman-cay-icebilir\" target=\"_blank\" rel=\"noopener\"><span style=\"color:#FF0000;\">Bebeklere Siyah \u00c7ay Ne Zaman Verilir, Bebekler Ne Zaman \u00c7ay \u0130\u00e7ebilir? T\u0131klay\u0131n\u0131z<\/span><\/a><\/span><\/p>\n","protected":false},"excerpt":{"rendered":"<p>(Yeni do\u011fan bebek su i\u00e7er mi? Bebeklere su ne zaman verilir?)\u00a0Bu sorular\u0131 \u00e7ocuk doktorlar\u0131na sorduk,\u00a0i\u015fte cevaplar: Su, organlar\u0131n i\u015fleyi\u015finde hayati \u00f6neme sahip en \u00f6nemli s\u0131v\u0131d\u0131r. Bebe\u011fin su dahil t\u00fcm s\u0131v\u0131 ve kat\u0131 ihtiya\u00e7lar\u0131 ilk 6 ay anne s\u00fct\u00fcnce kar\u015f\u0131lan\u0131r.&nbsp;(Yeni do\u011fan bebek su i\u00e7er mi? Bebeklere su ne zaman verilir?)&nbsp;Bu sorular\u0131 \u00e7ocuk doktorlar\u0131na sorduk,&nbsp;i\u015fte cevaplar: Sual: [&hellip;]<\/p>\n","protected":false},"author":30,"featured_media":41560,"comment_status":"closed","ping_status":"open","sticky":false,"template":"","format":"standard","meta":{"rank_math_lock_modified_date":false,"footnotes":""},"categories":[111],"tags":[4049,32382,32379,32380,32381],"class_list":["post-41561","post","type-post","status-publish","format-standard","has-post-thumbnail","hentry","category-anne-cocuk","tag-bebek-beslenmesi","tag-bebek-su-ihtiyaci","tag-bebeklerde-su","tag-bebeklere-su-ne-zaman-verilir","tag-mama-yiyen-bebekler-su"],"_links":{"self":[{"href":"https:\/\/www.tgrthaber.com\/mavikadin\/wp-json\/wp\/v2\/posts\/41561"}],"collection":[{"href":"https:\/\/www.tgrthaber.com\/mavikadin\/wp-json\/wp\/v2\/posts"}],"about":[{"href":"https:\/\/www.tgrthaber.com\/mavikadin\/wp-json\/wp\/v2\/types\/post"}],"author":[{"embeddable":true,"href":"https:\/\/www.tgrthaber.com\/mavikadin\/wp-json\/wp\/v2\/users\/30"}],"replies":[{"embeddable":true,"href":"https:\/\/www.tgrthaber.com\/mavikadin\/wp-json\/wp\/v2\/comments?post=41561"}],"version-history":[{"count":1,"href":"https:\/\/www.tgrthaber.com\/mavikadin\/wp-json\/wp\/v2\/posts\/41561\/revisions"}],"predecessor-version":[{"id":41562,"href":"https:\/\/www.tgrthaber.com\/mavikadin\/wp-json\/wp\/v2\/posts\/41561\/revisions\/41562"}],"wp:featuredmedia":[{"embeddable":true,"href":"https:\/\/www.tgrthaber.com\/mavikadin\/wp-json\/wp\/v2\/media\/41560"}],"wp:attachment":[{"href":"https:\/\/www.tgrthaber.com\/mavikadin\/wp-json\/wp\/v2\/media?parent=41561"}],"wp:term":[{"taxonomy":"category","embeddable":true,"href":"https:\/\/www.tgrthaber.com\/mavikadin\/wp-json\/wp\/v2\/categories?post=41561"},{"taxonomy":"post_tag","embeddable":true,"href":"https:\/\/www.tgrthaber.com\/mavikadin\/wp-json\/wp\/v2\/tags?post=41561"}],"curies":[{"name":"wp","href":"https:\/\/api.w.org\/{rel}","templated":true}]}}