{"id":41564,"date":"2016-09-05T03:50:40","date_gmt":"2016-09-05T00:50:40","guid":{"rendered":"https:\/\/new.mavikadin.com\/?p=41564"},"modified":"2024-09-16T10:19:47","modified_gmt":"2024-09-16T07:19:47","slug":"tarhana-ve-mercimek-bebeklerde-gaz-yaparmi-doktorlar-cevapliyor","status":"publish","type":"post","link":"https:\/\/www.tgrthaber.com\/mavikadin\/tarhana-ve-mercimek-bebeklerde-gaz-yaparmi-doktorlar-cevapliyor\/","title":{"rendered":"Tarhana Ve Mercimek Bebeklerde Gaz Yaparm\u0131? Doktorlar Cevapl\u0131yor"},"content":{"rendered":"<p>Peki bebeklere mercimek ve tarhana \u00e7orbas\u0131 ne zaman verilir, nas\u0131l yap\u0131l\u0131r, bebeklerde gaza neden olur mu?\u00a0\u00a0\u0130\u015fte doktorlar\u0131n cevaplar\u0131:\u00a0<\/p>\n<p>Uzmanlar,&nbsp;bebekleri ilk 6 ay boyunca yaln\u0131zca anne s&uuml;t&uuml; ile beslemeyi tavsiye ediyor. &Ccedil;orbalar ilk ba\u015flan\u0131lacak ek g\u0131dalardand\u0131r. <strong>Peki bebeklere mercimek ve tarhana &ccedil;orbas\u0131 ne zaman verilir, nas\u0131l yap\u0131l\u0131r, bebeklerde gaza neden olur mu?&nbsp;\u0130\u015fte doktorlar\u0131n cevaplar\u0131:&nbsp;<\/strong><\/p>\n<p>Sual: Bebe\u011fim 6 ayl\u0131k oldu. Mercimek &ccedil;orbas\u0131, tarhana &ccedil;orbas\u0131 ve yo\u011furt &ccedil;orbas\u0131 verebilir miyim?<\/p>\n<p>CEVAP<\/p>\n<p style=\"text-align: center;\"><img loading=\"lazy\" decoding=\"async\" src=\"https:\/\/www.tgrthaber.com\/mavikadin\/wp-content\/images\/ckfiles\/images\/bebeklere-mercimek-ve-tarhana-corbasi-ne-zaman-verilir-doktor-cevabi.jpg\" alt=\"\" width=\"268\" height=\"268\" title=\"\"><\/p>\n<p>&Ccedil;ocuk Sa\u011fl\u0131\u011f\u0131 Ve Hastal\u0131klar\u0131 Uzman\u0131 Dr. Murat Ayd\u0131n&#8217;\u0131n cevab\u0131:&nbsp;(Evet, art\u0131k verebilirsiniz.)<\/p>\n<p><strong>Sual: Bebe\u011fim 6 ayl\u0131k, sebze &ccedil;orbas\u0131na k\u0131rm\u0131z\u0131 mercimek eklemek i&ccedil;in hen&uuml;z erken gaz yapar diyor arkada\u015flar,&nbsp;bu do\u011fru mu?<\/strong><\/p>\n<p>CEVAP<\/p>\n<p>&Ccedil;ocuk Sa\u011fl\u0131\u011f\u0131 Ve Hastal\u0131klar\u0131 Uzman\u0131 Dr. Necmettin Bilici&#8217;nin cevab\u0131: (Gaz yapaca\u011f\u0131 i&ccedil;in hen&uuml;z erken,&nbsp;8 aydan sonra verirseniz daha uygun olur.)<\/p>\n<p>Sual: Bebe\u011fim 7 ayl\u0131k, tarhana &ccedil;orbas\u0131 verdi\u011fim g&uuml;n &ccedil;ok gaz\u0131 oldu. Tarhana gaz yaparm\u0131?<\/p>\n<p>CEVAP<\/p>\n<p>&Ccedil;ocuk Sa\u011fl\u0131\u011f\u0131 Ve Hastal\u0131klar\u0131 Uzman\u0131 Dr. S&uuml;reyya Paksoy cevab\u0131: (T&uuml;m ek besinler anne s&uuml;t&uuml;ne g&ouml;re daha fazla gaz yaparlar. T&uuml;m ek besinleri vermeye bir tatl\u0131 ka\u015f\u0131\u011f\u0131 miktarla ba\u015flay\u0131p yava\u015f yava\u015f art\u0131rmal\u0131d\u0131r.)<\/p>\n<p>Sual: Bebe\u011fim 6 ayl\u0131k 8 g&uuml;nl&uuml;k, sebze &ccedil;orbas\u0131n\u0131 &ccedil;ok seviyor. Mercimek ve tarhana &ccedil;orbas\u0131 verebilir miyim?<\/p>\n<p>CEVAP<\/p>\n<p><strong>Beslenme Uzman\u0131 Ve Diyetisyen Ezgi Sakar&#8217;\u0131n cevab\u0131:&nbsp;(Mercimek, tarhana ve di\u011fer &ccedil;orbalar\u0131 verebilirsiniz. Tarhana &ccedil;orbas\u0131na baharat, ac\u0131 katmay\u0131n. Bebek 2 ya\u015f\u0131na gelene kadar &ccedil;orbaya tuz atmay\u0131n.)<\/strong><\/p>\n<p>Sual: Bebe\u011fim 6. ay\u0131n\u0131 yeni bitirdi. Ye\u015fil mercimek &ccedil;orbas\u0131 a\u011f\u0131r gelir mi, verebilir miyim?<\/p>\n<p>CEVAP<\/p>\n<p>&Ccedil;ocuk Sa\u011fl\u0131\u011f\u0131 Ve Hastal\u0131klar\u0131 Uzman\u0131 Dr. Murat Ayd\u0131n&#8217;\u0131n cevab\u0131:&nbsp;(Evet, i&ccedil;irebilirsiniz.)<\/p>\n<p>Sual: Bebe\u011fim 11 ayl\u0131k, d&uuml;n mercimek &ccedil;orbas\u0131 i&ccedil;irdim, b&uuml;t&uuml;n gece uyumad\u0131, &ccedil;ok huysuzdu, mercimek gaz yapm\u0131\u015f olabilir mi?<\/p>\n<p>CEVAP<\/p>\n<p><strong>&Ccedil;ocuk Sa\u011fl\u0131\u011f\u0131 Ve Hastal\u0131klar\u0131 Uzman\u0131 Dr. Osman K&ouml;seli&#8217;nin cevab\u0131: (Evet, mercimek &ccedil;orbas\u0131 bebe\u011finizde gaz yapm\u0131\u015f olabilir.)<\/strong><\/p>\n<p>Sual: Bebe\u011fim 7 ayl\u0131k. Mercimek &ccedil;orbas\u0131 ve pilav, makarna gibi kendimize yapt\u0131\u011f\u0131m\u0131z yemeklerden verebilir miyiz?<\/p>\n<p>CEVAP<\/p>\n<p>&Ccedil;ocuk Sa\u011fl\u0131\u011f\u0131 Ve Hastal\u0131klar\u0131 Uzman\u0131 Dr. Murat Ayd\u0131n&#8217;\u0131n cevab\u0131: (Evet,mercimek &ccedil;orbas\u0131 verebilirsiniz. Ev yemekleri i&ccedil;in hen&uuml;z erken daha vermeyin.)<\/p>\n<p>Sual: Bebe\u011fim 7 ayl\u0131k. Tarhana &ccedil;orbas\u0131na ba\u015flayabilir miyim, tarhana bebekte alerji yapar m\u0131?<\/p>\n<p>CEVAP<\/p>\n<p><strong>&Ccedil;ocuk Sa\u011fl\u0131\u011f\u0131 Ve Hastal\u0131klar\u0131 Uzman\u0131 Dr. Erdem Uzuno\u011fu&#8217;nun cevab\u0131: (7 aydan sonra tarhana, mercimek, yayla &ccedil;orbalar\u0131na ba\u015flanabilir. Ancak inek s&uuml;t&uuml; alerjisi olanlara tarhana &ouml;nerilmez.)<\/strong><\/p>\n<h3><strong><span style=\"color: #ff8c00;\"><span style=\"font-size: 16px;\">Bebekler&nbsp;i&ccedil;in mercimek &ccedil;orbas\u0131 nas\u0131l yap\u0131l\u0131r?<\/span><\/span><\/strong><\/h3>\n<ol>\n<li>1 k&uuml;&ccedil;&uuml;k patates<\/li>\n<li>1 k&uuml;&ccedil;&uuml;k havu&ccedil;<\/li>\n<li>1 k&uuml;&ccedil;&uuml;k boy so\u011fan\u0131n yar\u0131s\u0131<\/li>\n<li>1 &ccedil;ay barda\u011f\u0131 mercimek<\/li>\n<li>2 su barda\u011f\u0131 su<\/li>\n<li>1 tatl\u0131 ka\u015f\u0131\u011f\u0131 zeytinya\u011f\u0131<\/li>\n<\/ol>\n<p>Sebzeleri k&uuml;p k&uuml;p do\u011fray\u0131n. Tencereye mercime\u011fi ve suyu koyun. K\u0131s\u0131k ate\u015fte sebzeler ve mercimek yumu\u015fayana kadar pi\u015firin. Blenderdan ge&ccedil;irin. Mercimek &ccedil;orbam\u0131z so\u011fanl\u0131 oldu\u011fu i&ccedil;in bebeklere gaz yapabilir. Mercimek &ccedil;orbas\u0131n\u0131 so\u011fans\u0131z&nbsp;da yapabilirsiniz.<\/p>\n<p><span style=\"font-size: 20px;\"><a href=\"https:\/\/www.mavikadin.com\/mercimegin-gaz-yapmamasi-icin-yapilmasi-gerekenler-nelerdir\" target=\"_blank\" rel=\"noopener\">Mercimek &Ccedil;orbas\u0131 Gaz Yaparm\u0131, Mercime\u011fin Gaz Yapmas\u0131 Nas\u0131l &Ouml;nlenir? T\u0131klay\u0131n\u0131z<\/a><\/span><\/p>\n<p><span style=\"font-size: 20px;\"><a href=\"https:\/\/www.mavikadin.com\/bebeklere-ceviz-hangi-ayda-ve-nasil-verilir-doktorlar-cevapliyor\" target=\"_blank\" rel=\"noopener\"><span style=\"color: #ff0000;\">Bebeklere Ceviz Ne Zaman Verilir, 6,7,8,9 Ayl\u0131k Bebe\u011fe Ceviz Verilirmi? T\u0131klay\u0131n\u0131z<\/span><\/a><\/span><\/p>\n<p><span style=\"font-size: 20px;\"><a href=\"https:\/\/www.mavikadin.com\/bebeklere-domates-ne-zaman-verilir-ve-domates-bebekte-gaz-yaparmi\" target=\"_blank\" rel=\"noopener\">Bebeklere Domates Ne Zaman Verilir Ve Domates Bebekte Gaz Yaparm\u0131? T\u0131klay\u0131n\u0131z<\/a><\/span><\/p>\n<p><span style=\"font-size: 20px;\"><a href=\"https:\/\/www.mavikadin.com\/bebeklere-karpuz-ve-kavun-verilirmi-uzman-doktorlar-cevapliyor\" target=\"_blank\" rel=\"noopener\"><span style=\"color: #ff0000;\">Bebeklere Karpuz Ve Kavun Verilirmi? Uzman Doktorlar Cevapl\u0131yor T\u0131klay\u0131n\u0131z<\/span><\/a><\/span><\/p>\n<p><span style=\"font-size: 20px;\"><a href=\"https:\/\/www.mavikadin.com\/bildircin-yumurtasi-bebeklere-ve-cocuklara-verilirmi-nasil-verilir\" target=\"_blank\" rel=\"noopener\">B\u0131ld\u0131rc\u0131n Yumurtas\u0131 Bebeklere Ve &Ccedil;ocuklara Ka&ccedil; Ya\u015f\u0131nda, Nas\u0131l Verilir? T\u0131klay\u0131n\u0131z<\/a><\/span><\/p>\n<p><span style=\"font-size: 20px;\"><a href=\"https:\/\/www.mavikadin.com\/bebeklere-siyah-cay-ne-zaman-verilir-bebekler-ne-zaman-cay-icebilir\" target=\"_blank\" rel=\"noopener\"><span style=\"color: #ff0000;\">Bebeklere Siyah &Ccedil;ay Ne Zaman Verilir, Bebekler Ne Zaman &Ccedil;ay \u0130&ccedil;ebilir? T\u0131klay\u0131n\u0131z<\/span><\/a><\/span><\/p>\n<p><span style=\"font-size: 20px;\"><a href=\"https:\/\/www.mavikadin.com\/anason-cayi-bebeklere-ne-kadar-ve-nasil-verilir-doktorlar-cevapliyor\" target=\"_blank\" rel=\"noopener\">Bebeklere Nane &Ccedil;ay\u0131 Ne Zaman Ve Nas\u0131l Verilir? T\u0131klay\u0131n\u0131z<\/a><\/span><\/p>\n<p><span style=\"font-size: 20px;\"><a href=\"https:\/\/www.mavikadin.com\/anason-cayi-bebeklere-ne-kadar-ve-nasil-verilir-doktorlar-cevapliyor\" target=\"_blank\" rel=\"noopener\"><span style=\"color: #ff0000;\">Bebeklere Anason &Ccedil;ay\u0131 Verilirmi, Ne Zaman Ve Nas\u0131l Verilir? T\u0131klay\u0131n\u0131z<\/span><\/a><\/span><\/p>\n","protected":false},"excerpt":{"rendered":"<p>Peki bebeklere mercimek ve tarhana \u00e7orbas\u0131 ne zaman verilir, nas\u0131l yap\u0131l\u0131r, bebeklerde gaza neden olur mu?\u00a0\u00a0\u0130\u015fte doktorlar\u0131n cevaplar\u0131:\u00a0 Uzmanlar,&nbsp;bebekleri ilk 6 ay boyunca yaln\u0131zca anne s&uuml;t&uuml; ile beslemeyi tavsiye ediyor. &Ccedil;orbalar ilk ba\u015flan\u0131lacak ek g\u0131dalardand\u0131r. Peki bebeklere mercimek ve tarhana &ccedil;orbas\u0131 ne zaman verilir, nas\u0131l yap\u0131l\u0131r, bebeklerde gaza neden olur mu?&nbsp;\u0130\u015fte doktorlar\u0131n cevaplar\u0131:&nbsp; Sual: Bebe\u011fim [&hellip;]<\/p>\n","protected":false},"author":30,"featured_media":41563,"comment_status":"closed","ping_status":"open","sticky":false,"template":"","format":"standard","meta":{"rank_math_lock_modified_date":false,"footnotes":""},"categories":[111],"tags":[4049,32384,32383,31716,287],"class_list":["post-41564","post","type-post","status-publish","format-standard","has-post-thumbnail","hentry","category-anne-cocuk","tag-bebek-beslenmesi","tag-bebek-mercimek-corbasi","tag-bebek-tarhana-corbasi","tag-bebeklerde-gaz","tag-ek-gida"],"_links":{"self":[{"href":"https:\/\/www.tgrthaber.com\/mavikadin\/wp-json\/wp\/v2\/posts\/41564"}],"collection":[{"href":"https:\/\/www.tgrthaber.com\/mavikadin\/wp-json\/wp\/v2\/posts"}],"about":[{"href":"https:\/\/www.tgrthaber.com\/mavikadin\/wp-json\/wp\/v2\/types\/post"}],"author":[{"embeddable":true,"href":"https:\/\/www.tgrthaber.com\/mavikadin\/wp-json\/wp\/v2\/users\/30"}],"replies":[{"embeddable":true,"href":"https:\/\/www.tgrthaber.com\/mavikadin\/wp-json\/wp\/v2\/comments?post=41564"}],"version-history":[{"count":1,"href":"https:\/\/www.tgrthaber.com\/mavikadin\/wp-json\/wp\/v2\/posts\/41564\/revisions"}],"predecessor-version":[{"id":41565,"href":"https:\/\/www.tgrthaber.com\/mavikadin\/wp-json\/wp\/v2\/posts\/41564\/revisions\/41565"}],"wp:featuredmedia":[{"embeddable":true,"href":"https:\/\/www.tgrthaber.com\/mavikadin\/wp-json\/wp\/v2\/media\/41563"}],"wp:attachment":[{"href":"https:\/\/www.tgrthaber.com\/mavikadin\/wp-json\/wp\/v2\/media?parent=41564"}],"wp:term":[{"taxonomy":"category","embeddable":true,"href":"https:\/\/www.tgrthaber.com\/mavikadin\/wp-json\/wp\/v2\/categories?post=41564"},{"taxonomy":"post_tag","embeddable":true,"href":"https:\/\/www.tgrthaber.com\/mavikadin\/wp-json\/wp\/v2\/tags?post=41564"}],"curies":[{"name":"wp","href":"https:\/\/api.w.org\/{rel}","templated":true}]}}