{"id":41573,"date":"2016-09-06T03:59:00","date_gmt":"2016-09-06T00:59:00","guid":{"rendered":"https:\/\/new.mavikadin.com\/?p=41573"},"modified":"2024-09-16T10:19:58","modified_gmt":"2024-09-16T07:19:58","slug":"cocugumun-sesi-kisildi-cocuklarda-ses-kisikligina-ne-iyi-gelir","status":"publish","type":"post","link":"https:\/\/www.tgrthaber.com\/mavikadin\/cocugumun-sesi-kisildi-cocuklarda-ses-kisikligina-ne-iyi-gelir\/","title":{"rendered":"\u00c7ocu\u011fumun Sesi K\u0131s\u0131ld\u0131, \u00c7ocuklarda Ses K\u0131s\u0131kl\u0131\u011f\u0131na Ne \u0130yi Gelir?"},"content":{"rendered":"<p>Kulak Burun Bo\u011faz Uzman\u0131 Opr. Dr. \u00dcmit Hardal, \u00e7ocuklarda ses k\u0131s\u0131kl\u0131\u011f\u0131 ile ilgili bize \u015fu bilgileri veriyor:\u00a0(Ses k\u0131s\u0131kl\u0131\u011f\u0131 sesteki anormal de\u011fi\u015fikliklerden<\/p>\n<p>Kulak Burun Bo\u011faz Uzman\u0131 Opr. Dr. &Uuml;mit Hardal, &ccedil;ocuklarda ses k\u0131s\u0131kl\u0131\u011f\u0131 ile ilgili bize \u015fu bilgileri veriyor:&nbsp;(Ses k\u0131s\u0131kl\u0131\u011f\u0131 sesteki anormal de\u011fi\u015fikliklerden biridir ve genellikle ses tellerinde meydana gelen bozukluklar ile birlikte ortaya &ccedil;\u0131kar. Akut ses k\u0131s\u0131lmas\u0131 g\u0131rtlaktaki iltihaplanmayla, kronik ses k\u0131s\u0131kl\u0131klar\u0131 ise fonksiyonel sorunlardan kaynakl\u0131 g&ouml;r&uuml;l&uuml;r.&nbsp;<\/p>\n<p><span style=\"color: #ff8c00;\"><strong><span style=\"font-size: 16px;\">&Ccedil;ocuklarda ses k\u0131s\u0131kl\u0131\u011f\u0131 neden olur?<\/span><\/strong><\/span><\/p>\n<p>&Ccedil;ocuklarda sesin k&ouml;t&uuml; \u015fekilde kullan\u0131lmas\u0131,&nbsp;ses k\u0131s\u0131kl\u0131\u011f\u0131n\u0131n en &ouml;nemli nedenlerindendir. <strong>&Ccedil;ocuklar\u0131n &ccedil;ok konu\u015fmas\u0131, s\u0131k s\u0131k ba\u011f\u0131rmas\u0131 &ccedil;ocuklarda ge&ccedil;ici olarak ses k\u0131s\u0131kl\u0131\u011f\u0131na yol a&ccedil;abilir.<\/strong><\/p>\n<p>G\u0131rtlak refl&uuml;s&uuml; de &ccedil;ocuklarda&nbsp;ses k\u0131s\u0131kl\u0131\u011f\u0131 yapabilir. &Ccedil;ocu\u011funuz normalin &uuml;st&uuml;nde bo\u011faz\u0131n\u0131 temizleme ve &ouml;ks&uuml;rme ihtiyac\u0131 duyuyorsa akla &ccedil;ocukta g\u0131rtlak refl&uuml;s&uuml; olma ihtimali gelmelidir.<\/p>\n<p><strong>&Ccedil;ocuklardaki ses k\u0131s\u0131kl\u0131\u011f\u0131n\u0131n en s\u0131k kar\u015f\u0131la\u015f\u0131lan nedenlerinden biri de viral enfeksiyonlard\u0131r. So\u011fuk alg\u0131nl\u0131\u011f\u0131 ya\u015fayan &ccedil;ocu\u011fun sesi k\u0131s\u0131labilir.<\/strong><\/p>\n<p>&Ccedil;ocu\u011funuzun&nbsp;ses telinde nod&uuml;l, polip ve kist olmas\u0131 da&nbsp;sesinin k\u0131s\u0131k duyulmas\u0131na yol a&ccedil;abilir. Nod&uuml;ller, ses telleri &uuml;zerinde olu\u015fan nas\u0131r\u0131ms\u0131 yap\u0131lard\u0131r. Polipler, nod&uuml;llere g&ouml;re i&ccedil;i s\u0131v\u0131 dolu bir yap\u0131ya sahiptir. Kistler ise deri taraf\u0131ndan sarmalanm\u0131\u015f s\u0131v\u0131 dolu keselerdir.<\/p>\n<p><strong>&Ccedil;ocuklardaki ses k\u0131s\u0131kl\u0131\u011f\u0131n\u0131n di\u011fer nedenleri ise; larenjit, akci\u011fer hastal\u0131klar\u0131, alerji, ergenli\u011fe ge&ccedil;i\u015fte erkek &ccedil;ocuklar\u0131n sesinde g&ouml;r&uuml;len mutasyonel falsetto (puberfoni), sigara veya kimyasal gaza maruz kalma ve psikolojik sorunlard\u0131r.<\/strong><\/p>\n<p>Sual:&nbsp;&Ccedil;ocu\u011fumda ses k\u0131s\u0131kl\u0131\u011f\u0131 var, ne zaman doktora g&ouml;t&uuml;rmeliyim?<\/p>\n<p>CEVAP<\/p>\n<p>&Ccedil;ocu\u011funuzdaki ses k\u0131s\u0131kl\u0131\u011f\u0131 1 haftadan uzun s&uuml;r&uuml;p ge&ccedil;mediyse vakit kaybetmeden bir hekime ba\u015fvurmal\u0131d\u0131r.)&nbsp;&nbsp;<\/p>\n<p><strong><span style=\"color: #ff8c00;\"><span style=\"font-size: 16px;\">&Ccedil;ocuklardaki ses k\u0131s\u0131kl\u0131\u011f\u0131n\u0131n di\u011fer nedenleri<\/span><\/span><\/strong><\/p>\n<div>\n<div>\n<ol>\n<li>Bakteriyel enfeksiyonlar<\/li>\n<li>Down sendromu gibi genetik bozukluklar<\/li>\n<li>Alerjik rinit<\/li>\n<li>Ses tellerindeki iyi huylu yahut k&ouml;t&uuml; huylu t&uuml;m&ouml;rler<\/li>\n<li>Metabolizmayla ilgili sorunlar<\/li>\n<li>&Ouml;zofagus mide i&ccedil;eri\u011finin yetersizli\u011fi<\/li>\n<li>G\u0131rtlak b&ouml;lgesine al\u0131nan darbe<\/li>\n<li>Mantar enfeksiyonlar\u0131<\/li>\n<li>Ses tellerinin a\u015f\u0131r\u0131 kullan\u0131m\u0131<\/li>\n<li>&Ouml;ks&uuml;r&uuml;k<\/li>\n<li>Uzun s&uuml;re a\u011flama<\/li>\n<li>Krup hastal\u0131\u011f\u0131<\/li>\n<li>Larenjit<\/li>\n<li>Larenks kanseri<\/li>\n<li>Yemek borusu kanseri<\/li>\n<li>Guatr<\/li>\n<li>Difteri<\/li>\n<li>Trioid kanseri<\/li>\n<li>Hashimato hastal\u0131\u011f\u0131<\/li>\n<li>G\u0131da alerjisi<\/li>\n<li>Hipotiroidi<\/li>\n<li>Als hastal\u0131\u011f\u0131<\/li>\n<li>Akci\u011fer kanseri<\/li>\n<\/ol>\n<p><strong><span style=\"color: #ff8c00;\"><span style=\"font-size: 16px;\">&Ccedil;ocuklarda ses k\u0131s\u0131kl\u0131\u011f\u0131 nas\u0131l ge&ccedil;er?<\/span><\/span><\/strong><\/p>\n<p>&Ccedil;ocu\u011funuzda ses k\u0131s\u0131kl\u0131\u011f\u0131 meydana geldiyse ve bir m&uuml;ddet ge&ccedil;miyorsa ilk yapman\u0131z gereken \u015fey &ccedil;ocuk doktoruna ba\u015fvurup bu durumun neden kaynakland\u0131\u011f\u0131n\u0131 te\u015fhis ettirmek olmal\u0131d\u0131r.<\/p>\n<\/div>\n<\/div>\n<p>\u015eayet &ccedil;ocuktaki ses k\u0131s\u0131kl\u0131\u011f\u0131,&nbsp;alerji, so\u011fuk alg\u0131nl\u0131\u011f\u0131, larenjit gibi sa\u011fl\u0131k sorunlar\u0131ndan kaynaklan\u0131yorsa bu hastal\u0131klar\u0131n tedavisiyle &ccedil;ocu\u011funuzdaki ses k\u0131s\u0131kl\u0131\u011f\u0131 da ge&ccedil;ecektir.<\/p>\n<p>Ses k\u0131s\u0131kl\u0131\u011f\u0131,&nbsp;ba\u011f\u0131rmaktan, a\u011flamaktan dolay\u0131 meydana geldiyse ses tellerinin birka&ccedil; g&uuml;n dinlenmesi sesin normale d&ouml;nmesini sa\u011flayacakt\u0131r.<\/p>\n<p>Odada buhar makinesi kullanmak da &ccedil;ocu\u011fun solunum sistemini rahatlat\u0131p ses k\u0131s\u0131lmas\u0131n\u0131n tedavi s&uuml;recini h\u0131zland\u0131racakt\u0131r.<\/p>\n<p>&Ccedil;ocu\u011funuza g&uuml;nde toplam 4-5 bardak&nbsp;su i&ccedil;irerek g\u0131rtlak, ses yolunun nemli kalmas\u0131n\u0131 sa\u011flayabilir ve ses k\u0131s\u0131kl\u0131\u011f\u0131n\u0131n tedavisine olumlu katk\u0131da bulunabilirsiniz.<\/p>\n","protected":false},"excerpt":{"rendered":"<p>Kulak Burun Bo\u011faz Uzman\u0131 Opr. Dr. \u00dcmit Hardal, \u00e7ocuklarda ses k\u0131s\u0131kl\u0131\u011f\u0131 ile ilgili bize \u015fu bilgileri veriyor:\u00a0(Ses k\u0131s\u0131kl\u0131\u011f\u0131 sesteki anormal de\u011fi\u015fikliklerden Kulak Burun Bo\u011faz Uzman\u0131 Opr. Dr. &Uuml;mit Hardal, &ccedil;ocuklarda ses k\u0131s\u0131kl\u0131\u011f\u0131 ile ilgili bize \u015fu bilgileri veriyor:&nbsp;(Ses k\u0131s\u0131kl\u0131\u011f\u0131 sesteki anormal de\u011fi\u015fikliklerden biridir ve genellikle ses tellerinde meydana gelen bozukluklar ile birlikte ortaya &ccedil;\u0131kar. Akut [&hellip;]<\/p>\n","protected":false},"author":30,"featured_media":41572,"comment_status":"closed","ping_status":"open","sticky":false,"template":"","format":"standard","meta":{"rank_math_lock_modified_date":false,"footnotes":""},"categories":[111],"tags":[26843,32394,32393,32395,32396],"class_list":["post-41573","post","type-post","status-publish","format-standard","has-post-thumbnail","hentry","category-anne-cocuk","tag-cocuk-sagligi","tag-cocuk-ses-kisikligi","tag-cocuklarda-ses-kisikligi","tag-ses-kisikligi-nedenleri","tag-ses-kisikligi-tedavisi"],"_links":{"self":[{"href":"https:\/\/www.tgrthaber.com\/mavikadin\/wp-json\/wp\/v2\/posts\/41573"}],"collection":[{"href":"https:\/\/www.tgrthaber.com\/mavikadin\/wp-json\/wp\/v2\/posts"}],"about":[{"href":"https:\/\/www.tgrthaber.com\/mavikadin\/wp-json\/wp\/v2\/types\/post"}],"author":[{"embeddable":true,"href":"https:\/\/www.tgrthaber.com\/mavikadin\/wp-json\/wp\/v2\/users\/30"}],"replies":[{"embeddable":true,"href":"https:\/\/www.tgrthaber.com\/mavikadin\/wp-json\/wp\/v2\/comments?post=41573"}],"version-history":[{"count":1,"href":"https:\/\/www.tgrthaber.com\/mavikadin\/wp-json\/wp\/v2\/posts\/41573\/revisions"}],"predecessor-version":[{"id":41574,"href":"https:\/\/www.tgrthaber.com\/mavikadin\/wp-json\/wp\/v2\/posts\/41573\/revisions\/41574"}],"wp:featuredmedia":[{"embeddable":true,"href":"https:\/\/www.tgrthaber.com\/mavikadin\/wp-json\/wp\/v2\/media\/41572"}],"wp:attachment":[{"href":"https:\/\/www.tgrthaber.com\/mavikadin\/wp-json\/wp\/v2\/media?parent=41573"}],"wp:term":[{"taxonomy":"category","embeddable":true,"href":"https:\/\/www.tgrthaber.com\/mavikadin\/wp-json\/wp\/v2\/categories?post=41573"},{"taxonomy":"post_tag","embeddable":true,"href":"https:\/\/www.tgrthaber.com\/mavikadin\/wp-json\/wp\/v2\/tags?post=41573"}],"curies":[{"name":"wp","href":"https:\/\/api.w.org\/{rel}","templated":true}]}}