{"id":41609,"date":"2016-09-18T04:22:22","date_gmt":"2016-09-18T01:22:22","guid":{"rendered":"https:\/\/new.mavikadin.com\/?p=41609"},"modified":"2024-09-16T10:20:37","modified_gmt":"2024-09-16T07:20:37","slug":"gebelikte-ikinmak-bebege-zarar-verirmi-uzman-doktorlar-cevapliyor","status":"publish","type":"post","link":"https:\/\/www.tgrthaber.com\/mavikadin\/gebelikte-ikinmak-bebege-zarar-verirmi-uzman-doktorlar-cevapliyor\/","title":{"rendered":"Gebelikte Ik\u0131nmak Bebe\u011fe Zarar Verirmi? Uzman Doktorlar Cevapl\u0131yor"},"content":{"rendered":"<p>Amerikan Gebelik Derne\u011fine g\u00f6re kab\u0131zl\u0131k,\u00a0hamile\u00a0kad\u0131nlar\u0131n yakla\u015f\u0131k yar\u0131s\u0131n\u0131 etkileyen bir sa\u011fl\u0131k sorunudur. <\/p>\n<p>Amerikan Gebelik Derne\u011fine g\u00f6re kab\u0131zl\u0131k,&nbsp;hamile&nbsp;kad\u0131nlar\u0131n yakla\u015f\u0131k yar\u0131s\u0131n\u0131 etkileyen bir sa\u011fl\u0131k sorunudur. Hamilelikteki hareketsiz ya\u015fam, az s\u0131v\u0131 t\u00fcketimi, stres hali, prenatal vitaminlerdeki demir ve lif oran\u0131,&nbsp;d\u00fc\u015f\u00fck g\u0131dalarla beslenme,gebelikte kab\u0131zl\u0131\u011fa neden olan en \u00f6nemli fakt\u00f6rlerdendir.&nbsp;Mayo Klinik uzman doktorlar\u0131na g\u00f6re,&nbsp;gebelikte progesteron gibi baz\u0131 hormonlar\u0131n fazla salg\u0131lanmas\u0131 da sindirim sistemi kaslar\u0131n\u0131 gev\u015fetip, g\u0131dalar\u0131n i\u015flenmesini yava\u015flat\u0131p kab\u0131zl\u0131k yapabilir. Yine Mayo Klinik doktorlar\u0131,&nbsp;haftada 3&#8217;den az d\u0131\u015fk\u0131lama yapmay\u0131 gebelikte kab\u0131zl\u0131k olarak tan\u0131ml\u0131yor.<\/p>\n<p>Sert d\u0131\u015fk\u0131lar\u0131n an\u00fcsten \u00e7\u0131k\u0131\u015f\u0131 zordur ve bu durum gebe kad\u0131nlarda \u0131k\u0131nmaya neden olabilir.<strong> Kad\u0131n Hastal\u0131klar\u0131 ve Do\u011fum Uzman\u0131 Op. Dr. Erkut Harmanc\u0131lar&#8217;\u0131n hamilelikte kab\u0131zl\u0131k ve \u0131k\u0131nmak bebe\u011fe zarar verir mi? sorusuna&nbsp;cevab\u0131 \u015f\u00f6yledir:<\/strong>&nbsp;(Hay\u0131r, bebe\u011fe zarar vermez fakat kronik kab\u0131zl\u0131k ve kronik \u00f6ks\u00fcr\u00fck gibi durumlar kar\u0131n i\u00e7i bas\u0131n\u00e7 artt\u0131\u011f\u0131 i\u00e7in erken do\u011frum riskini biraz art\u0131rabilir.)<\/p>\n<p>Sual:&nbsp;30 ya\u015f\u0131nday\u0131m, 9 haftal\u0131k hamileyim,<strong>&nbsp;hamileli\u011fin&nbsp;ba\u015f\u0131ndan beri kab\u0131zl\u0131k ya\u015f\u0131yorum, bu nedenle s\u0131k s\u0131k \u0131k\u0131n\u0131yorum, \u0131k\u0131n\u0131rken kas\u0131\u011f\u0131ma a\u011fr\u0131 giriyor. Bu durum d\u00fc\u015f\u00fc\u011f\u00fc tetikler mi?<\/strong><\/p>\n<p>CEVAP<\/p>\n<p><strong>Kad\u0131n Do\u011fum Uzman\u0131 Op. Dr. H. Ye\u015fim Yer\u00e7ok&#8217;un cevab\u0131:&nbsp;(Ik\u0131nmak d\u00fc\u015f\u00fck riskini art\u0131rabilir, kas\u0131lmalar\u0131 tetikleyebilir. Doktorunuzla mutlaka g\u00f6r\u00fc\u015f\u00fcp durumdan haber edin.)<\/strong><\/p>\n<p>Sual: 11 haftal\u0131k gebeyim, kab\u0131zl\u0131k sorunum var. Lavaboda \u0131k\u0131nd\u0131m az miktarda kan geldi. Ik\u0131nmak gebelikte bebe\u011fe zarar verir mi?<\/p>\n<p>CEVAP<\/p>\n<p>Kad\u0131n Do\u011fum Uzman\u0131&nbsp; Op. Dr. Seval Ta\u015fdemir&#8217;in cevab\u0131:&nbsp;(Kab\u0131zl\u0131\u011f\u0131 gidermek i\u00e7in do\u011fru beslenmelisiniz. Ik\u0131nmak,&nbsp;makat b\u00f6lgesine zarar verebilir, fakat gebeli\u011fe zarar vermez.)<\/p>\n<p>\nSual: 25 haftal\u0131k hamileyim. Kab\u0131zl\u0131k sorunu ya\u015f\u0131yorum, bebe\u011fim bundan zarar g\u00f6r\u00fcr m\u00fc?<br \/>\nCEVAP<br \/>\nKad\u0131n Do\u011fum Uzman\u0131&nbsp;&nbsp;Op. Dr. Seval Ta\u015fdemir&#8217;in cevab\u0131:&nbsp;(Gebelikte kab\u0131zl\u0131k \u00e7ekiyorsan\u0131z \u0131k\u0131nmamal\u0131s\u0131n\u0131z s\u0131v\u0131 beslenmeye \u00f6zen g\u00f6sterin gerekiyor ise ila\u00e7 kullan\u0131labilir.)<br \/>\n&nbsp;<\/p>\n<p>Gebelikte b\u00fcy\u00fck abdest yaparken \u0131k\u0131nmak, s\u0131k s\u0131k kab\u0131zl\u0131k ya\u015famak,&nbsp;rektal kanama ve hemoroide yol a\u00e7abilir. Hemoroid,&nbsp;rektal dokudaki \u015fi\u015f ve iltihapl\u0131 damarlard\u0131r. Hemoroidin belirtileri,&nbsp;makat b\u00f6lgesinde a\u011fr\u0131, ka\u015f\u0131nt\u0131 ve k\u00fc\u00e7\u00fck k\u00fc\u00e7\u00fck memelerdir.<\/p>\n<p>Gebelikte kab\u0131zl\u0131k bebe\u011fe zarar verir mi?<\/p>\n<p>Sual: 10 haftal\u0131k hamileyim, kab\u0131zl\u0131k \u00e7ekiyorum, gebelikte kab\u0131zl\u0131k bebe\u011fe zarar verir mi?<\/p>\n<p>CEVAP<\/p>\n<p>Op. Dr. Haluk Erkur&#8217;un cevab\u0131: (Kab\u0131zl\u0131k,&nbsp;dolayl\u0131 olarak idrar yolu enfeksiyonu riskini art\u0131raca\u011f\u0131 i\u00e7in dolayl\u0131 olarak etkili olabilir.&nbsp;Doktorunuza dan\u0131\u015farak, sabahlar\u0131&nbsp;a\u00e7 kar\u0131na&nbsp;Dubhalac \u015furuptan 1,5 \u00f6l\u00e7ek i\u00e7in. Tuvalete \u00e7\u0131k\u0131\u015f saatleriniz hep ayn\u0131 olsun.)<\/p>\n<p><span style=\"font-size:20px;\"><a href=\"https:\/\/www.mavikadin.com\/gebelikte-hapsirmak-tehlikelimi-uzman-doktor-cevapliyor\" target=\"_blank\" rel=\"noopener\">Hamilelikte Hap\u015f\u0131rmak Bebe\u011fe Zarar verirmi? Uzman Doktor Cevapl\u0131yor T\u0131klay\u0131n\u0131z<\/a><\/span><\/p>\n<p><span style=\"font-size:20px;\"><a href=\"https:\/\/www.mavikadin.com\/hamilelerde-oksuruk-bebege-zarar-verirmi-doktorlar-cevapliyor\" target=\"_blank\" rel=\"noopener\"><span style=\"color:#FF0000;\">Hamilelikte \u00d6ks\u00fcr\u00fck Bebe\u011fe Zarar Verirmi? Doktorlar Cevapl\u0131yor T\u0131klay\u0131n\u0131z<\/span><\/a><\/span><\/p>\n<p><span style=\"font-size:20px;\"><a href=\"https:\/\/www.mavikadin.com\/hamilelikte-istahsizlik-neden-olur-nasil-gecer\" target=\"_blank\" rel=\"noopener\">Hamilelikte \u0130\u015ftahs\u0131zl\u0131k Neden Olur, Nas\u0131l Ge\u00e7er? T\u0131klay\u0131n\u0131z<\/a><\/span><\/p>\n<p><span style=\"font-size:20px;\"><a href=\"https:\/\/www.mavikadin.com\/hamilelikte-el-ayak-yanmasi-neden-olur-nasil-gecer\" target=\"_blank\" rel=\"noopener\"><span style=\"color:#FF0000;\">Hamilelikte Ayak Yanmas\u0131 &#8211; Nedenleri Ve Tedavisi T\u0131klay\u0131n\u0131z<\/span><\/a><\/span><\/p>\n<p><span style=\"font-size:20px;\"><a href=\"https:\/\/www.mavikadin.com\/hamileler-kosabilir-mi-ve-kosu-bandi-kullanabilir-mi\" target=\"_blank\" rel=\"noopener\">Hamilelikte Ko\u015fmak Ve Ko\u015fu Band\u0131 Kullanmak G\u00fcvenli midir? T\u0131klay\u0131n\u0131z<\/a><\/span><\/p>\n<p><span style=\"font-size:20px;\"><a href=\"https:\/\/www.mavikadin.com\/hamilelikte-bebegin-gelisimi-icin-neler-yemeli\" target=\"_blank\" rel=\"noopener\"><span style=\"color:#FF0000;\">Hamileyken Bebe\u011fe Kilo Ald\u0131ran Yiyecekler Nelerdir? T\u0131klay\u0131n\u0131z<\/span><\/a><\/span><\/p>\n<p><span style=\"font-size:20px;\"><a href=\"https:\/\/www.mavikadin.com\/hamilelerde-nabiz-kac-olmali-gebelikte-normal-nabiz-sayisi\" target=\"_blank\" rel=\"noopener\">Hamilelikte Nab\u0131z Ka\u00e7 Olmal\u0131? Hamilelikte Normal Nab\u0131z De\u011ferleri T\u0131klay\u0131n\u0131z<\/a><\/span><\/p>\n","protected":false},"excerpt":{"rendered":"<p>Amerikan Gebelik Derne\u011fine g\u00f6re kab\u0131zl\u0131k,\u00a0hamile\u00a0kad\u0131nlar\u0131n yakla\u015f\u0131k yar\u0131s\u0131n\u0131 etkileyen bir sa\u011fl\u0131k sorunudur. Amerikan Gebelik Derne\u011fine g\u00f6re kab\u0131zl\u0131k,&nbsp;hamile&nbsp;kad\u0131nlar\u0131n yakla\u015f\u0131k yar\u0131s\u0131n\u0131 etkileyen bir sa\u011fl\u0131k sorunudur. Hamilelikteki hareketsiz ya\u015fam, az s\u0131v\u0131 t\u00fcketimi, stres hali, prenatal vitaminlerdeki demir ve lif oran\u0131,&nbsp;d\u00fc\u015f\u00fck g\u0131dalarla beslenme,gebelikte kab\u0131zl\u0131\u011fa neden olan en \u00f6nemli fakt\u00f6rlerdendir.&nbsp;Mayo Klinik uzman doktorlar\u0131na g\u00f6re,&nbsp;gebelikte progesteron gibi baz\u0131 hormonlar\u0131n fazla salg\u0131lanmas\u0131 da [&hellip;]<\/p>\n","protected":false},"author":30,"featured_media":41608,"comment_status":"closed","ping_status":"open","sticky":false,"template":"","format":"standard","meta":{"rank_math_lock_modified_date":false,"footnotes":""},"categories":[111],"tags":[32223,32428,32427,32430,32429],"class_list":["post-41609","post","type-post","status-publish","format-standard","has-post-thumbnail","hentry","category-anne-cocuk","tag-gebelik-sagligi","tag-gebelikte-ikinmak","tag-gebelikte-kabizlik","tag-hamilelikte-ikinmak","tag-hamilelikte-kabizlik"],"_links":{"self":[{"href":"https:\/\/www.tgrthaber.com\/mavikadin\/wp-json\/wp\/v2\/posts\/41609"}],"collection":[{"href":"https:\/\/www.tgrthaber.com\/mavikadin\/wp-json\/wp\/v2\/posts"}],"about":[{"href":"https:\/\/www.tgrthaber.com\/mavikadin\/wp-json\/wp\/v2\/types\/post"}],"author":[{"embeddable":true,"href":"https:\/\/www.tgrthaber.com\/mavikadin\/wp-json\/wp\/v2\/users\/30"}],"replies":[{"embeddable":true,"href":"https:\/\/www.tgrthaber.com\/mavikadin\/wp-json\/wp\/v2\/comments?post=41609"}],"version-history":[{"count":1,"href":"https:\/\/www.tgrthaber.com\/mavikadin\/wp-json\/wp\/v2\/posts\/41609\/revisions"}],"predecessor-version":[{"id":41610,"href":"https:\/\/www.tgrthaber.com\/mavikadin\/wp-json\/wp\/v2\/posts\/41609\/revisions\/41610"}],"wp:featuredmedia":[{"embeddable":true,"href":"https:\/\/www.tgrthaber.com\/mavikadin\/wp-json\/wp\/v2\/media\/41608"}],"wp:attachment":[{"href":"https:\/\/www.tgrthaber.com\/mavikadin\/wp-json\/wp\/v2\/media?parent=41609"}],"wp:term":[{"taxonomy":"category","embeddable":true,"href":"https:\/\/www.tgrthaber.com\/mavikadin\/wp-json\/wp\/v2\/categories?post=41609"},{"taxonomy":"post_tag","embeddable":true,"href":"https:\/\/www.tgrthaber.com\/mavikadin\/wp-json\/wp\/v2\/tags?post=41609"}],"curies":[{"name":"wp","href":"https:\/\/api.w.org\/{rel}","templated":true}]}}