{"id":41621,"date":"2016-09-20T03:11:37","date_gmt":"2016-09-20T00:11:37","guid":{"rendered":"https:\/\/new.mavikadin.com\/?p=41621"},"modified":"2024-09-16T10:20:50","modified_gmt":"2024-09-16T07:20:50","slug":"bebeklere-kusburnu-verilirmi-doktorlar-cevapliyor","status":"publish","type":"post","link":"https:\/\/www.tgrthaber.com\/mavikadin\/bebeklere-kusburnu-verilirmi-doktorlar-cevapliyor\/","title":{"rendered":"Bebeklere Ku\u015fburnu Verilirmi? Doktorlar Cevapl\u0131yor"},"content":{"rendered":"<p>Bebek sahibi annelerin en \u00e7ok merak ettikleri hususlardan biri de,\u00a0bebeklere hangi yiyeceklerin yasak oldu\u011fudur. Bebe\u011finize ku\u015fburnu \u00e7ay\u0131 yahut ku\u015fburnu re\u00e7eli<\/p>\n<p>Bebek sahibi annelerin en \u00e7ok merak ettikleri hususlardan biri de,&nbsp;bebeklere hangi yiyeceklerin yasak oldu\u011fudur. <strong>Bebe\u011finize ku\u015fburnu \u00e7ay\u0131 yahut ku\u015fburnu re\u00e7eli vermek istiyor fakat g\u00fcvenilir olup olmad\u0131\u011f\u0131ndan&nbsp;emin de\u011filseniz, bu&nbsp;yaz\u0131m\u0131z\u0131 dikkatle okuman\u0131z\u0131 tavsiye ederiz<\/strong>! Ama \u00f6nce size biraz ku\u015fburnu \u00e7ay\u0131 hakk\u0131nda bilgi verelim. Ku\u015fburnu \u00e7ay\u0131,&nbsp;C vitamini ve antioksidan etkisinden sorumlu olan flavonoidler bak\u0131m\u0131ndan zengindir. Antioksidanlar, kalp hastal\u0131\u011f\u0131, artrit ve kanser gibi oksidasyon ile ilgili hastal\u0131klar\u0131n \u00f6nlenmesinde ve tedavisinde yard\u0131mc\u0131 olur. Ayr\u0131ca erken ya\u015flanmada&nbsp;rol oynayan serbest radikallerin neden oldu\u011fu zarar\u0131 da engeller.<\/p>\n<p>Ku\u015fburnunda bulunan C Vitamini, v\u00fccudunuzun kan damar\u0131, tendon, ba\u011fdoku ve k\u0131k\u0131rdak yapmas\u0131 i\u00e7in hayati bir protein olan kolajen \u00fcretiminden sorumludur. C vitamini ayr\u0131ca kemikleri ve di\u015fleri sa\u011fl\u0131kl\u0131 tutmaya yard\u0131mc\u0131 olur. Antioksidan \u00f6zelli\u011fi ile serbest radikallerin zararl\u0131 etkilerini n\u00f6tralize eder. Maryland \u00dcniversitesi T\u0131p Merkezi,serbest radikallerin \u00e7e\u015fitli kronik hastal\u0131klar\u0131n geli\u015fimine neden olabilece\u011fini bildirmi\u015ftir.<\/p>\n<p>A\u015fa\u011f\u0131da uzmanlar\u0131n&nbsp;da bildirdi\u011fi \u00fczere bebeklere ku\u015fburnu \u00e7ay\u0131 verilebilir. Fakat siz yine&nbsp;de bebe\u011finize ku\u015fburnu vermeden \u00f6nce mutlaka doktorunuza dan\u0131\u015f\u0131n.<\/p>\n<p>Sual: Ku\u015fburnu \u00e7ay\u0131 bebeklere verilirmi?<\/p>\n<p>CEVAP<\/p>\n<p>\u00c7ocuk Sa\u011fl\u0131\u011f\u0131 ve Hastal\u0131klar\u0131 Uzman\u0131 Dr. Murat Ayd\u0131n&#8217;\u0131n cevab\u0131: (Evet verebilirsiniz.)<\/p>\n<p>Sual: K\u0131z\u0131m 10.5 ayl\u0131k,&nbsp;ku\u015fburnu \u00e7ay\u0131 verebilir miyim?<\/p>\n<p>CEVAP<\/p>\n<p>\u00c7ocuk Sa\u011fl\u0131\u011f\u0131 ve Hastal\u0131klar\u0131 Uzman\u0131 Bar\u0131\u015f \u0130lhan&#8217;\u0131n cevab\u0131: (Evet verebilirsiniz.)<\/p>\n<p>\nSual: 16 ayl\u0131k o\u011fluma \u0131hlamur, papatya,&nbsp;ku\u015fburnu ve hib\u00fcsk\u00fcs gibi bitkisel kar\u0131\u015f\u0131mdan olu\u015fan \u00e7ay veriyorum, mahsuru var m\u0131?<\/p>\n<p>CEVAP<\/p>\n<p>\u00c7ocuk Sa\u011fl\u0131\u011f\u0131 ve Hastal\u0131klar\u0131 Uzman\u0131 Dr. Halit \u00d6zkaya&#8217;n\u0131n cevab\u0131: (Hay\u0131r, bir mahzuru yok,&nbsp;verilebilir.)<\/p>\n<p>Sual:&nbsp;6 ay 22 gunluk bebe\u011fimin kahvalt\u0131s\u0131na ev yap\u0131m\u0131 ku\u015fburnu re\u00e7eli koyabilirmiyim?<\/p>\n<p>CEVAP<\/p>\n<p>\u00c7ocuk Sa\u011fl\u0131\u011f\u0131 ve Hastal\u0131klar\u0131 Uzman\u0131&nbsp;Dr. Murat Ayd\u0131n&#8217;\u0131n cevab\u0131: (Ku\u015fburnu re\u00e7elini az miktarda ba\u015flay\u0131n, alerji olmazsa artt\u0131rarak verebilirsiniz.)<\/p>\n<p>Sual: Bebe\u011fim 8.ay\u0131na yeni girdi. Taze toplanm\u0131\u015f ku\u015fburnunu kaynat\u0131p bebe\u011fime \u0131l\u0131k \u0131l\u0131k i\u00e7irebilir miyim?<\/p>\n<p>CEVAP<\/p>\n<p>\u00c7ocuk Sa\u011fl\u0131\u011f\u0131 ve Hastal\u0131klar\u0131 Uzman\u0131 Dr. Faruk Demir\u2019in cevab\u0131: (Evet, mahzuru yok,&nbsp;verebilirsiniz.)<\/p>\n<p>Not: Bu cevaplar soru soran \u015fah\u0131slara m\u00fcnhas\u0131rd\u0131r. Doktorunuza dan\u0131\u015fmadan hi\u00e7bir ilac\u0131 ve yiyece\u011fi, i\u00e7ece\u011fi bebe\u011finize, \u00e7ocu\u011funuza asla vermeyin.<\/p>\n<p><a href=\"https:\/\/www.mavikadin.com\/bebeklere-ceviz-hangi-ayda-ve-nasil-verilir-doktorlar-cevapliyor\" style=\"font-size: 20px;\" target=\"_blank\" rel=\"noopener\">Bebeklere Ceviz Ne Zaman Verilir, 6,7,8,9 Ayl\u0131k Bebe\u011fe Ceviz Verilirmi? T\u0131klay\u0131n\u0131z<\/a><\/p>\n<p><span style=\"font-size:20px;\"><a href=\"https:\/\/www.mavikadin.com\/bebeklere-domates-ne-zaman-verilir-ve-domates-bebekte-gaz-yaparmi\" target=\"_blank\" rel=\"noopener\"><span style=\"color:#FF0000;\">Bebeklere Domates Ne Zaman Verilir Ve Domates Bebekte Gaz Yaparm\u0131? T\u0131klay\u0131n\u0131z<\/span><\/a><\/span><\/p>\n<p><span style=\"font-size:20px;\"><a href=\"https:\/\/www.mavikadin.com\/6-aylik-ve-1-yasindaki-bebeklere-adacayi-verilirmi-doktor-cevapliyor\" target=\"_blank\" rel=\"noopener\">Bebeklere Ada\u00e7ay\u0131 Verilirmi? Uzman Doktorlar Cevapl\u0131yor T\u0131klay\u0131n\u0131z<\/a><\/span><\/p>\n<p><span style=\"font-size:20px;\"><a href=\"https:\/\/www.mavikadin.com\/bildircin-yumurtasi-bebeklere-ve-cocuklara-verilirmi-nasil-verilir\" target=\"_blank\" rel=\"noopener\"><span style=\"color:#FF0000;\">B\u0131ld\u0131rc\u0131n Yumurtas\u0131 Bebeklere Ve \u00c7ocuklara Ka\u00e7 Ya\u015f\u0131nda, Nas\u0131l Verilir? T\u0131klay\u0131n\u0131z<\/span><\/a><\/span><\/p>\n<p><span style=\"font-size:20px;\"><a href=\"https:\/\/www.mavikadin.com\/brokoli-bebeklere-ne-zaman-verilir-ve-bebeklerde-gaz-yaparmi\" target=\"_blank\" rel=\"noopener\">Brokoli Bebeklere Ne Zaman Verilir Ve Bebeklerde Gaz Yaparm\u0131? T\u0131klay\u0131n\u0131z<\/a><\/span><\/p>\n","protected":false},"excerpt":{"rendered":"<p>Bebek sahibi annelerin en \u00e7ok merak ettikleri hususlardan biri de,\u00a0bebeklere hangi yiyeceklerin yasak oldu\u011fudur. Bebe\u011finize ku\u015fburnu \u00e7ay\u0131 yahut ku\u015fburnu re\u00e7eli Bebek sahibi annelerin en \u00e7ok merak ettikleri hususlardan biri de,&nbsp;bebeklere hangi yiyeceklerin yasak oldu\u011fudur. Bebe\u011finize ku\u015fburnu \u00e7ay\u0131 yahut ku\u015fburnu re\u00e7eli vermek istiyor fakat g\u00fcvenilir olup olmad\u0131\u011f\u0131ndan&nbsp;emin de\u011filseniz, bu&nbsp;yaz\u0131m\u0131z\u0131 dikkatle okuman\u0131z\u0131 tavsiye ederiz! Ama \u00f6nce size [&hellip;]<\/p>\n","protected":false},"author":30,"featured_media":41620,"comment_status":"closed","ping_status":"open","sticky":false,"template":"","format":"standard","meta":{"rank_math_lock_modified_date":false,"footnotes":""},"categories":[111],"tags":[4049,5881,32436,287,32437],"class_list":["post-41621","post","type-post","status-publish","format-standard","has-post-thumbnail","hentry","category-anne-cocuk","tag-bebek-beslenmesi","tag-bebek-sagligi","tag-bebeklerde-kusburnu","tag-ek-gida","tag-kusburnu-cayi-bebeklere"],"_links":{"self":[{"href":"https:\/\/www.tgrthaber.com\/mavikadin\/wp-json\/wp\/v2\/posts\/41621"}],"collection":[{"href":"https:\/\/www.tgrthaber.com\/mavikadin\/wp-json\/wp\/v2\/posts"}],"about":[{"href":"https:\/\/www.tgrthaber.com\/mavikadin\/wp-json\/wp\/v2\/types\/post"}],"author":[{"embeddable":true,"href":"https:\/\/www.tgrthaber.com\/mavikadin\/wp-json\/wp\/v2\/users\/30"}],"replies":[{"embeddable":true,"href":"https:\/\/www.tgrthaber.com\/mavikadin\/wp-json\/wp\/v2\/comments?post=41621"}],"version-history":[{"count":1,"href":"https:\/\/www.tgrthaber.com\/mavikadin\/wp-json\/wp\/v2\/posts\/41621\/revisions"}],"predecessor-version":[{"id":41622,"href":"https:\/\/www.tgrthaber.com\/mavikadin\/wp-json\/wp\/v2\/posts\/41621\/revisions\/41622"}],"wp:featuredmedia":[{"embeddable":true,"href":"https:\/\/www.tgrthaber.com\/mavikadin\/wp-json\/wp\/v2\/media\/41620"}],"wp:attachment":[{"href":"https:\/\/www.tgrthaber.com\/mavikadin\/wp-json\/wp\/v2\/media?parent=41621"}],"wp:term":[{"taxonomy":"category","embeddable":true,"href":"https:\/\/www.tgrthaber.com\/mavikadin\/wp-json\/wp\/v2\/categories?post=41621"},{"taxonomy":"post_tag","embeddable":true,"href":"https:\/\/www.tgrthaber.com\/mavikadin\/wp-json\/wp\/v2\/tags?post=41621"}],"curies":[{"name":"wp","href":"https:\/\/api.w.org\/{rel}","templated":true}]}}