{"id":41651,"date":"2016-09-24T04:44:27","date_gmt":"2016-09-24T01:44:27","guid":{"rendered":"https:\/\/new.mavikadin.com\/?p=41651"},"modified":"2024-09-16T10:21:23","modified_gmt":"2024-09-16T07:21:23","slug":"bebegimin-goz-kapagi-sisti-ne-yapmaliyim-doktorlar-cevapliyor","status":"publish","type":"post","link":"https:\/\/www.tgrthaber.com\/mavikadin\/bebegimin-goz-kapagi-sisti-ne-yapmaliyim-doktorlar-cevapliyor\/","title":{"rendered":"Bebe\u011fimin G\u00f6z Kapa\u011f\u0131 \u015ei\u015fti, Ne Yapmal\u0131y\u0131m? Doktorlar Cevapl\u0131yor"},"content":{"rendered":"<p>G\u00f6z Hastal\u0131klar\u0131 Uzman\u0131 Do\u00e7. Dr. Zeki Tun\u00e7,\u00a0(Bebeklerde g\u00f6zlerde ve g\u00f6z kapa\u011f\u0131nda \u015fi\u015fme neden olur, nas\u0131l ge\u00e7er?)\u00a0konusu hakk\u0131nda bize \u015fu bilgileri veriyor:<\/p>\n<p>Alerji, g\u00f6zya\u015f\u0131 t\u0131kan\u0131kl\u0131\u011f\u0131, g\u00f6z iltihab\u0131, \u00fcst solunum yolu hastal\u0131klar\u0131 gibi durumlardan dolay\u0131 bebekte g\u00f6zlerde ve g\u00f6z kapa\u011f\u0131nda \u015fi\u015fme meydana gelebilir. G\u00f6z Hastal\u0131klar\u0131 Uzman\u0131 Do\u00e7. Dr. Zeki Tun\u00e7,&nbsp;<strong>(Bebeklerde g\u00f6zlerde ve g\u00f6z kapa\u011f\u0131nda \u015fi\u015fme neden olur, nas\u0131l ge\u00e7er?)<\/strong>&nbsp;konusu hakk\u0131nda bize \u015fu bilgileri veriyor:<\/p>\n<p>(Bebe\u011finizin g\u00f6z\u00fc \u015fi\u015ftiyse,&nbsp;\u00f6ncelikle g\u00f6zle ilgili nedenler akla gelmelidir. G\u00f6zdeki iltihap, g\u00f6z kanal\u0131ndaki t\u0131kan\u0131kl\u0131k ve g\u00f6zya\u015f\u0131&nbsp;bezindeki herhangi bir hastal\u0131k,bebe\u011fin g\u00f6z\u00fcnde yahut g\u00f6z kapa\u011f\u0131nda \u015fi\u015fmeye yol a\u00e7abilir.<\/p>\n<p>Bebe\u011finizin g\u00f6z\u00fcnde \u015fi\u015fme sorunuyla kar\u015f\u0131la\u015ft\u0131\u011f\u0131n\u0131zda g\u00f6z doktoruna ba\u015fvurmal\u0131d\u0131r. Bebe\u011fin g\u00f6z\u00fcndeki \u015fi\u015fme yukar\u0131daki nedenlerden kaynaklanm\u0131yorsa,&nbsp;mutlaka en k\u0131sa s\u00fcrede \u00e7ocuk doktoruna&nbsp;ba\u015fvurulmas\u0131&nbsp;gerekir. <strong>Bebekteki b\u00f6brek yetmezli\u011fi, protein eksikli\u011fi gibi durumlar da bebekte g\u00f6z \u015fi\u015fmesi yapabilir.<\/strong><\/p>\n<p>Bebekteki g\u00f6z\u00fcn \u015fi\u015fmesi ve k\u0131zar\u0131kl\u0131\u011f\u0131n en s\u0131k rastlanan nedeni,&nbsp;g\u00f6z\u00fc \u00e7evreleyen i\u00e7 dokunun enfeksiyon kapmas\u0131d\u0131r. G\u00f6z doktorunun re\u00e7ete edece\u011fi antibiyotikli damla ile bu sorun tedavi edilebilir. Gecikmeden tedavi ger\u00e7ekle\u015ftirilmelidir yoksa bu durum g\u00f6zya\u015f\u0131 kanal\u0131n\u0131n t\u0131kanmas\u0131na sebep olabilir.)<\/p>\n<p>\u00c7ocuk Sa\u011fl\u0131\u011f\u0131 Hastal\u0131klar\u0131 Uzman\u0131 Dr. Halit \u00d6zkaya,&nbsp;bebeklerdeki g\u00f6z \u015fi\u015fmesinin genelikle bebe\u011fin burnunun t\u0131kanmas\u0131&nbsp;sonucu ortaya \u00e7\u0131kabilece\u011fini bildiriyor ve s\u00f6zlerine \u015f\u00f6yle devam ediyor:&nbsp;(<strong>Bebekler \u00fcst solunum yolu enfeksiyonu ge\u00e7irdiklerinde, veya herhangi bir \u015feye kar\u015f\u0131 alerji&nbsp;duymalar\u0131&nbsp;s\u00f6z konusuysa, g\u00f6zlerinde \u015fi\u015fme fark edilebilir. Ayr\u0131ca bebekte b\u00f6brek hastal\u0131\u011f\u0131na ba\u011fl\u0131 olarak her iki g\u00f6z kapa\u011f\u0131nda \u015fi\u015flik g\u00f6zlemlenebilir. \u0130drar tahlili ile durum te\u015fhis edilebilir.)<\/strong><\/p>\n<p><span style=\"color:#FF8C00;\"><span style=\"font-size:16px;\"><strong>Bebeklerde g\u00f6zlerdeki \u015fi\u015fmenin di\u011fer nedenleri<\/strong><\/span><\/span><\/p>\n<p>Yeti\u015fkinlerde oldu\u011fu gibi bebeklerde de yemeklerin \u00e7ok tuzlu yenilmesi bebe\u011fin g\u00f6z\u00fcnde \u015fi\u015fli\u011fe neden olabilir. Bebe\u011finizin yemeklerinde doktorunuzun onaylad\u0131\u011f\u0131ndan daha fazla tuz kullanmamal\u0131s\u0131n\u0131z.<\/p>\n<p>Bebe\u011finiz uykusunu yetersiz ald\u0131\u011f\u0131nda da g\u00f6zlerinde \u015fi\u015flikler meydana gelebilir. Bebe\u011fin g\u00fcn i\u00e7erisinde yeterli s\u00fcrede uyumas\u0131na \u00f6zen g\u00f6sterip bu sorun a\u015f\u0131labilir.<\/p>\n<p>Bebe\u011fin uyuma pozisyonu da g\u00f6z \u015fi\u015fmesine neden olan fakt\u00f6rlerdendir. Y\u00fcz \u00fcst\u00fc uyumak hem yeti\u015fkinlerde hem de bebeklerde g\u00f6z b\u00f6lgesinde \u015fi\u015fme yapabilmektedir. Bu duruma mahal vermemek i\u00e7in bebekleri y\u00fcz\u00fckoyun yat\u0131rmamal\u0131,&nbsp;sa\u011f yana yatmas\u0131 sa\u011flanmal\u0131d\u0131r.<\/p>\n<ol>\n<li>Alerji (\u00e7ilek, polen, ku\u015f t\u00fcy\u00fc, toz, g\u00fcne\u015f alerjisi vb)<\/li>\n<li>K\u0131zam\u0131k<\/li>\n<li>Su \u00e7i\u00e7e\u011fi<\/li>\n<li>Kalp hastal\u0131\u011f\u0131<\/li>\n<li>B\u00f6brek hastal\u0131\u011f\u0131<\/li>\n<li>Graves hastal\u0131\u011f\u0131<\/li>\n<li>Tozlu ortam<\/li>\n<li>Sigara duman\u0131na maruz kalma<\/li>\n<li>Bebeklerin pelu\u015f veya t\u00fcyl\u00fc oyuncaklar\u0131 g\u00f6zleriyle temas ettirmesi<\/li>\n<li>G\u00f6ze al\u0131nan darbe<\/li>\n<li>Kirpik dibi iltihab\u0131<\/li>\n<\/ol>\n<p><span style=\"color:#FF8C00;\"><strong><span style=\"font-size:16px;\">Bebeklerde g\u00f6z&nbsp;kapa\u011f\u0131&nbsp;ve g\u00f6z \u015fi\u015fmesi nas\u0131l ge\u00e7er?<\/span><\/strong><\/span><\/p>\n<div>\n<div>\n<div id=\"gmail-:1yi\">\n<div id=\"gmail-:1z9\">\n<div>\n<div>\n<p>Bebe\u011finizde g\u00f6z \u015fi\u015fmesi ile kar\u015f\u0131la\u015ft\u0131\u011f\u0131n\u0131zda vakit kaybetmeden g\u00f6z doktoruna gitmelidir. Doktor te\u015fhise g\u00f6re gerekli tedaviyi uygulayacakt\u0131r.<\/p>\n<p><span style=\"font-size:20px;\"><a href=\"https:\/\/www.mavikadin.com\/bebeklere-gaz-yapmayan-mama-markalari-neledir\" target=\"_blank\" rel=\"noopener\">Bebeklerde Gaz Yapmayan Mama Markalar\u0131 \u0130\u00e7in T\u0131klay\u0131n\u0131z<\/a><\/span><\/p>\n<p><span style=\"font-size:20px;\"><a href=\"https:\/\/www.mavikadin.com\/bebekler-icin-uyku-surubu-uyku-damlasi-uyku-ilaci-markalari-nelerdir\" target=\"_blank\" rel=\"noopener\"><span style=\"color:#FF0000;\">Bebekler \u0130\u00e7in Uyku \u015eurubu, Uyku Damlas\u0131, Uyku \u0130lac\u0131 Markalar\u0131 Nelerdir? T\u0131klay\u0131n\u0131z<\/span><\/a><\/span><\/p>\n<p><span style=\"font-size:20px;\"><a href=\"https:\/\/www.mavikadin.com\/bebeklerde-cocuklarda-goz-cevresi-kizarikligi-nedenleri-ve-tedavisi\" target=\"_blank\" rel=\"noopener\">Bebeklerde, \u00c7ocuklarda G\u00f6z \u00c7evresi K\u0131zar\u0131kl\u0131\u011f\u0131 Nedenleri Ve Tedavisi T\u0131klay\u0131n\u0131z<\/a><\/span><\/p>\n<p><span style=\"font-size:20px;\"><a href=\"https:\/\/www.mavikadin.com\/bebegimin-gozu-sulaniyor-bebeklerde-goz-yasarmasi-akintisi-tedavisi\" target=\"_blank\" rel=\"noopener\"><span style=\"color:#FF0000;\">Bebeklerde G\u00f6z Sulanmas\u0131 Neden Olur, Nas\u0131l Ge\u00e7er? Doktor Cevapl\u0131yor T\u0131klay\u0131n\u0131z<\/span><\/a><\/span><\/p>\n<p><span style=\"font-size:20px;\"><a href=\"https:\/\/www.mavikadin.com\/bebeklerde-kan-ilaci-kabizlik-ishal-ve-dislerde-leke-yapar-mi\" target=\"_blank\" rel=\"noopener\">Bebeklerde Kan \u0130lac\u0131 Kullan\u0131m\u0131 ( Doktorlar Bilgi Veriyor) T\u0131klay\u0131n\u0131z<\/a><\/span><\/p>\n<\/div>\n<\/div>\n<\/div>\n<\/div>\n<\/div>\n<\/div>\n","protected":false},"excerpt":{"rendered":"<p>G\u00f6z Hastal\u0131klar\u0131 Uzman\u0131 Do\u00e7. Dr. Zeki Tun\u00e7,\u00a0(Bebeklerde g\u00f6zlerde ve g\u00f6z kapa\u011f\u0131nda \u015fi\u015fme neden olur, nas\u0131l ge\u00e7er?)\u00a0konusu hakk\u0131nda bize \u015fu bilgileri veriyor: Alerji, g\u00f6zya\u015f\u0131 t\u0131kan\u0131kl\u0131\u011f\u0131, g\u00f6z iltihab\u0131, \u00fcst solunum yolu hastal\u0131klar\u0131 gibi durumlardan dolay\u0131 bebekte g\u00f6zlerde ve g\u00f6z kapa\u011f\u0131nda \u015fi\u015fme meydana gelebilir. G\u00f6z Hastal\u0131klar\u0131 Uzman\u0131 Do\u00e7. Dr. Zeki Tun\u00e7,&nbsp;(Bebeklerde g\u00f6zlerde ve g\u00f6z kapa\u011f\u0131nda \u015fi\u015fme neden olur, [&hellip;]<\/p>\n","protected":false},"author":30,"featured_media":41650,"comment_status":"closed","ping_status":"open","sticky":false,"template":"","format":"standard","meta":{"rank_math_lock_modified_date":false,"footnotes":""},"categories":[111],"tags":[32072,32464,32459,32463,12251],"class_list":["post-41651","post","type-post","status-publish","format-standard","has-post-thumbnail","hentry","category-anne-cocuk","tag-bebek-alerji","tag-bebek-goz-kapagi-sisligi","tag-bebek-goz-sagligi","tag-bebek-goz-sismesi","tag-cocuk-doktoru"],"_links":{"self":[{"href":"https:\/\/www.tgrthaber.com\/mavikadin\/wp-json\/wp\/v2\/posts\/41651"}],"collection":[{"href":"https:\/\/www.tgrthaber.com\/mavikadin\/wp-json\/wp\/v2\/posts"}],"about":[{"href":"https:\/\/www.tgrthaber.com\/mavikadin\/wp-json\/wp\/v2\/types\/post"}],"author":[{"embeddable":true,"href":"https:\/\/www.tgrthaber.com\/mavikadin\/wp-json\/wp\/v2\/users\/30"}],"replies":[{"embeddable":true,"href":"https:\/\/www.tgrthaber.com\/mavikadin\/wp-json\/wp\/v2\/comments?post=41651"}],"version-history":[{"count":1,"href":"https:\/\/www.tgrthaber.com\/mavikadin\/wp-json\/wp\/v2\/posts\/41651\/revisions"}],"predecessor-version":[{"id":41652,"href":"https:\/\/www.tgrthaber.com\/mavikadin\/wp-json\/wp\/v2\/posts\/41651\/revisions\/41652"}],"wp:featuredmedia":[{"embeddable":true,"href":"https:\/\/www.tgrthaber.com\/mavikadin\/wp-json\/wp\/v2\/media\/41650"}],"wp:attachment":[{"href":"https:\/\/www.tgrthaber.com\/mavikadin\/wp-json\/wp\/v2\/media?parent=41651"}],"wp:term":[{"taxonomy":"category","embeddable":true,"href":"https:\/\/www.tgrthaber.com\/mavikadin\/wp-json\/wp\/v2\/categories?post=41651"},{"taxonomy":"post_tag","embeddable":true,"href":"https:\/\/www.tgrthaber.com\/mavikadin\/wp-json\/wp\/v2\/tags?post=41651"}],"curies":[{"name":"wp","href":"https:\/\/api.w.org\/{rel}","templated":true}]}}