{"id":41669,"date":"2016-09-28T03:56:13","date_gmt":"2016-09-28T00:56:13","guid":{"rendered":"https:\/\/new.mavikadin.com\/?p=41669"},"modified":"2024-09-16T10:21:45","modified_gmt":"2024-09-16T07:21:45","slug":"hamileler-agda-epilasyon-aleti-ve-igneli-epilasyon-kullanabilir-mi","status":"publish","type":"post","link":"https:\/\/www.tgrthaber.com\/mavikadin\/hamileler-agda-epilasyon-aleti-ve-igneli-epilasyon-kullanabilir-mi\/","title":{"rendered":"Hamileler A\u011fda, Epilasyon Aleti Ve \u0130\u011fneli Epilasyon Kullanabilir mi?"},"content":{"rendered":"<p>Peki\u00a0(Hamile kad\u0131nlar istenmeyen t\u00fcylerden kurtulmak i\u00e7in t\u00fcy d\u00f6k\u00fcc\u00fc krem, a\u011fda, i\u011fneli epilasyon, epilasyon aleti gibi y\u00f6ntemleri kullanabilir mi?)<\/p>\n<p>Gebelikte hormonlar\u0131n salg\u0131lanmas\u0131nda art\u0131\u015fla birlikte gebe kad\u0131nlarda istenmeyen t&uuml;ylerde de art\u0131\u015f g&ouml;zlemlenmektedir. Peki&nbsp;<strong>(Hamile kad\u0131nlar istenmeyen t&uuml;ylerden kurtulmak i&ccedil;in t&uuml;y d&ouml;k&uuml;c&uuml; krem, a\u011fda, i\u011fneli epilasyon, epilasyon aleti gibi y&ouml;ntemleri kullanabilir mi?)&nbsp;<\/strong>Bu suali doktorlara sorduk,&nbsp;i\u015fte cevaplar:<\/p>\n<p>Sual:&nbsp;Hamilelikte t&uuml;y d&ouml;k&uuml;c&uuml; krem kullanmak zararl\u0131 m\u0131?<\/p>\n<p>CEVAP<\/p>\n<p><strong>Dermatoloji Uzman\u0131 Dr. Ahmet G&uuml;nay&#8217;\u0131n cevab\u0131: (Ben zararl\u0131 olaca\u011f\u0131n\u0131 d&uuml;\u015f&uuml;n&uuml;yorum &ccedil;&uuml;nk&uuml; t&uuml;y d&ouml;k&uuml;c&uuml; kremlerin herhangi bir t\u0131bbi onay\u0131 yoktur. <\/strong>\u0130&ccedil;inde ne i&ccedil;erdiklerini bilmiyoruz. Bu y&uuml;zden bu t&uuml;r \u015feylerin s&uuml;r&uuml;lmesini do\u011fru bulmuyorum. &Ccedil;&uuml;nk&uuml; cilt taraf\u0131ndan emilip bebe\u011fe zarar verme durumu s&ouml;z konusu olabilir. \u015eahsen gebelikte t&uuml;y d&ouml;k&uuml;c&uuml; kremlerin kullan\u0131lmamas\u0131 gerekti\u011fi g&ouml;r&uuml;\u015f&uuml;ndeyim. Gebelik d&ouml;neminde jilet veya makineyle t&uuml;yler al\u0131nabilir.)<\/p>\n<p>Kad\u0131n Hastal\u0131klar\u0131 ve Do\u011fum Uzman\u0131 Op. Dr. &Ouml;znur G&ouml;k&ccedil;en&#8217;in cevab\u0131: <strong>(T&uuml;y d&ouml;k&uuml;c&uuml; kremler i&ccedil;eriklerindeki kimyasal maddeler nedeniyle cilt taraf\u0131ndan emildi\u011finden bebe\u011fe zarar verebilir. <\/strong>Bu nedenle gebelikte t&uuml;y d&ouml;k&uuml;c&uuml; kremlerin kullan\u0131lmas\u0131n\u0131n tercih edilmemesi gerekir.)<\/p>\n<p>Sual: Hamileyim, a\u011fda yapt\u0131rabilir miyim? Epilasyonla v&uuml;cut k\u0131llar\u0131m\u0131 alabilir miyim?<\/p>\n<p>CEVAP<\/p>\n<p>Kad\u0131n Hastal\u0131klar\u0131 ve Do\u011fum Uzman\u0131 Op. Dr. &Ouml;znur G&ouml;k&ccedil;en&#8217;in cevab\u0131:&nbsp;(A\u011fda, istenmeyen t&uuml;ylerden kurtulmak i&ccedil;in en s\u0131k tercih edilen y&ouml;ntemlerdendir. <strong>Hamilelikte a\u011fda yapt\u0131rman\u0131n anne aday\u0131na ve bebe\u011fe herhangi bir zarar\u0131 da bulunmamaktad\u0131r. Yaln\u0131z hamilelikte a\u011fda yaparken hijyene azami dikkat etmelidir.<\/strong><\/p>\n<p>Ciltte iltihap, tahri\u015f ve yaraya neden olabilece\u011finden gebelik d&ouml;neminde epilasyondan uzak durulmas\u0131nda fayda vard\u0131r. Ayr\u0131ca gebeli\u011fin 3. trimester denilen son &uuml;&ccedil; ay\u0131nda g&ouml;bek, kar\u0131n ve g&ouml;\u011f&uuml;s b&ouml;lgesine epilasyon uygulanmas\u0131n\u0131 tavsiye etmemekteyiz. Bunun nedeni, bebekte ve annede a\u011fr\u0131 e\u015fiklerinin aktive edilmesi ihtimalidir. Bu uyaranlar nedeniyle erken do\u011fumla bile kar\u015f\u0131la\u015fmak s&ouml;z konusudur. Gebelik d&ouml;neminde hamile kad\u0131nlar\u0131n teni di\u011fer zamanlara nazaran daha ince, hassas ve kuru bir hal almaktad\u0131r. &Ouml;zellikle anne aday\u0131n\u0131n v&uuml;cudu epilasyona reaksiyon g&ouml;steriyorsa,&nbsp;epilasyondan uzak durulmas\u0131 en do\u011frusu olacakt\u0131r.)<\/p>\n<p>Sual: Hamilelikte s\u0131r a\u011fda yapt\u0131rabilir miyim?<\/p>\n<p>CEVAP<\/p>\n<p>Kad\u0131n Hastal\u0131klar\u0131 ve Do\u011fum Uzman\u0131 Op. Dr. &Ouml;znur G&ouml;k&ccedil;en&#8217;in cevab\u0131:&nbsp;(Hamilelik d&ouml;neminde baz\u0131 hamile kad\u0131nlarda v&uuml;cut t&uuml;ylerinde art\u0131\u015f ile kar\u015f\u0131la\u015fabilmekteyiz. Bu durumda anne aday\u0131n\u0131n akl\u0131na do\u011fal olarak istenmeyen t&uuml;ylerden kurtulma y&ouml;ntemlerinin gebelikte kullan\u0131m\u0131n\u0131n g&uuml;venli olup&nbsp;olmad\u0131\u011f\u0131&nbsp;akla gelmektedir. Akla gelen bu sorunun cevab\u0131 ise&nbsp;\u015fudur:<strong> Hem klasik a\u011fda, hem de sir a\u011fda, hamilelik s&uuml;resince g&uuml;venle uygulanabilir.)<\/strong><\/p>\n<p><strong>Sual: Hamileyim epilasyon aleti kullanabilir miyim?<\/strong><\/p>\n<p>CEVAP<\/p>\n<p>Kad\u0131n Hastal\u0131klar\u0131 ve Do\u011fum Uzman\u0131 Op. Dr. &Ouml;znur G&ouml;k&ccedil;en&#8217;in cevab\u0131: (Evet kullanabilirsiniz. <strong>Gebelikte epilasyon aleti kullan\u0131m\u0131n\u0131n hamileler &uuml;zerinde herhangi bir yan etkisi bulunmamaktad\u0131r, g&uuml;venle kullan\u0131labilir.<\/strong><\/p>\n<p>Ancak gebeli\u011fin son 3 ay\u0131nda epilasyon yaparken dikkat etmek gerekir.&nbsp;Epilasyon a\u011fr\u0131ya neden olduysa erken do\u011fum riski meydana gelebilir. Bu nedenle gebelikte kar\u0131n b&ouml;lgesine, g&ouml;\u011f&uuml;slere ve g&ouml;be\u011fe epilasyon yap\u0131lmamas\u0131 &ouml;nerilmektedir.)<\/p>\n<p><span style=\"font-size: 20px;\"><a href=\"https:\/\/www.mavikadin.com\/emziren-anneler-ve-hamileler-lazer-epilasyon-yaptirabilir-mi\" target=\"_blank\" rel=\"noopener\">&nbsp;Hamilelikte Lazer Epilasyon Yap\u0131l\u0131rm\u0131? Doktor Cevapl\u0131yor T\u0131klay\u0131n\u0131z<\/a><\/span><\/p>\n<p><span style=\"font-size: 20px;\"><a href=\"https:\/\/www.mavikadin.com\/hamilelikte-bebegin-gelisimi-icin-neler-yemeli\" target=\"_blank\" rel=\"noopener\">Hamilelikte Bebe\u011fin Geli\u015fimi \u0130&ccedil;in Neler Yemeli? T\u0131klay\u0131n\u0131z<\/a><\/span><\/p>\n<p><span style=\"font-size: 20px;\"><a href=\"https:\/\/www.mavikadin.com\/hamilelikte-karin-kasilmasinin-nedenleri-ve-gecmesi-icin-oneriler\" target=\"_blank\" rel=\"noopener\"><span style=\"color: #ff0000;\">Hamilelikte Kar\u0131n Sertle\u015fmesi Neden Olur, Nas\u0131l Ge&ccedil;er? T\u0131klay\u0131n\u0131z<\/span><\/a><\/span><\/p>\n","protected":false},"excerpt":{"rendered":"<p>Peki\u00a0(Hamile kad\u0131nlar istenmeyen t\u00fcylerden kurtulmak i\u00e7in t\u00fcy d\u00f6k\u00fcc\u00fc krem, a\u011fda, i\u011fneli epilasyon, epilasyon aleti gibi y\u00f6ntemleri kullanabilir mi?) Gebelikte hormonlar\u0131n salg\u0131lanmas\u0131nda art\u0131\u015fla birlikte gebe kad\u0131nlarda istenmeyen t&uuml;ylerde de art\u0131\u015f g&ouml;zlemlenmektedir. Peki&nbsp;(Hamile kad\u0131nlar istenmeyen t&uuml;ylerden kurtulmak i&ccedil;in t&uuml;y d&ouml;k&uuml;c&uuml; krem, a\u011fda, i\u011fneli epilasyon, epilasyon aleti gibi y&ouml;ntemleri kullanabilir mi?)&nbsp;Bu suali doktorlara sorduk,&nbsp;i\u015fte cevaplar: Sual:&nbsp;Hamilelikte t&uuml;y d&ouml;k&uuml;c&uuml; [&hellip;]<\/p>\n","protected":false},"author":30,"featured_media":41668,"comment_status":"closed","ping_status":"open","sticky":false,"template":"","format":"standard","meta":{"rank_math_lock_modified_date":false,"footnotes":""},"categories":[111],"tags":[32483,32481,32482,32485,32484],"class_list":["post-41669","post","type-post","status-publish","format-standard","has-post-thumbnail","hentry","category-anne-cocuk","tag-gebelikte-tuy-alma","tag-hamilelikte-agda","tag-hamilelikte-epilasyon","tag-hamilelikte-epilasyon-yontemleri","tag-hamilelikte-kil-temizleme"],"_links":{"self":[{"href":"https:\/\/www.tgrthaber.com\/mavikadin\/wp-json\/wp\/v2\/posts\/41669"}],"collection":[{"href":"https:\/\/www.tgrthaber.com\/mavikadin\/wp-json\/wp\/v2\/posts"}],"about":[{"href":"https:\/\/www.tgrthaber.com\/mavikadin\/wp-json\/wp\/v2\/types\/post"}],"author":[{"embeddable":true,"href":"https:\/\/www.tgrthaber.com\/mavikadin\/wp-json\/wp\/v2\/users\/30"}],"replies":[{"embeddable":true,"href":"https:\/\/www.tgrthaber.com\/mavikadin\/wp-json\/wp\/v2\/comments?post=41669"}],"version-history":[{"count":1,"href":"https:\/\/www.tgrthaber.com\/mavikadin\/wp-json\/wp\/v2\/posts\/41669\/revisions"}],"predecessor-version":[{"id":41670,"href":"https:\/\/www.tgrthaber.com\/mavikadin\/wp-json\/wp\/v2\/posts\/41669\/revisions\/41670"}],"wp:featuredmedia":[{"embeddable":true,"href":"https:\/\/www.tgrthaber.com\/mavikadin\/wp-json\/wp\/v2\/media\/41668"}],"wp:attachment":[{"href":"https:\/\/www.tgrthaber.com\/mavikadin\/wp-json\/wp\/v2\/media?parent=41669"}],"wp:term":[{"taxonomy":"category","embeddable":true,"href":"https:\/\/www.tgrthaber.com\/mavikadin\/wp-json\/wp\/v2\/categories?post=41669"},{"taxonomy":"post_tag","embeddable":true,"href":"https:\/\/www.tgrthaber.com\/mavikadin\/wp-json\/wp\/v2\/tags?post=41669"}],"curies":[{"name":"wp","href":"https:\/\/api.w.org\/{rel}","templated":true}]}}