{"id":41678,"date":"2016-10-01T05:36:48","date_gmt":"2016-10-01T02:36:48","guid":{"rendered":"https:\/\/new.mavikadin.com\/?p=41678"},"modified":"2024-09-16T10:21:54","modified_gmt":"2024-09-16T07:21:54","slug":"mikrosefali-nedir-nasil-teshis-ve-tedavi-edilir","status":"publish","type":"post","link":"https:\/\/www.tgrthaber.com\/mavikadin\/mikrosefali-nedir-nasil-teshis-ve-tedavi-edilir\/","title":{"rendered":"Mikrosefali Nedir, Nas\u0131l Te\u015fhis Ve Tedavi Edilir?"},"content":{"rendered":"<p>Mikrosefali, bebe\u011fin kafas\u0131n\u0131n ayn\u0131 ya\u015f ve cinsiyetteki di\u011fer \u00e7ocuklar\u0131n kafalar\u0131ndan belirgin \u015fekilde daha k\u00fc\u00e7\u00fck oldu\u011fu nadir g\u00f6r\u00fclen n\u00f6rolojik bir durumdur.<\/p>\n<p><strong>Mikrosefali, bebe\u011fin kafas\u0131n\u0131n ayn\u0131 ya\u015f ve cinsiyetteki di\u011fer \u00e7ocuklar\u0131n kafalar\u0131ndan belirgin \u015fekilde daha k\u00fc\u00e7\u00fck oldu\u011fu nadir g\u00f6r\u00fclen n\u00f6rolojik bir durumdur. <\/strong>Mikrosefali genellikle anne karn\u0131nda anormal geli\u015fmekte olan beynin sonucudur veya do\u011fumdan sonra gerekti\u011fi gibi b\u00fcy\u00fcyemeyen beyinle birlikte ortaya \u00e7\u0131kar. Mikrosefali, genetik ve \u00e7evresel fakt\u00f6rler gibi \u00e7e\u015fitli nedenlerden kaynaklanabilir. Mikrosefalili \u00e7ocuklar\u0131n b\u00fcy\u00fck bir k\u0131sm\u0131nda geli\u015fimsel sorunlar mevcuttur. Mikrosefallinin tedavisi i\u00e7in maalesef herhangi bir y\u00f6ntem yoktur.<\/p>\n<p><span style=\"color:#FF8C00;\"><strong><span style=\"font-size:16px;\">Mikrosefali te\u015fhisi<\/span><\/strong><\/span><\/p>\n<p>Normalde sa\u011fl\u0131kl\u0131 bir gebelikte anne karn\u0131ndaki bebe\u011fin beyni geli\u015fip b\u00fcy\u00fcd\u00fck\u00e7e ba\u015f\u0131 da b\u00fcy\u00fcr. Ancak mikrosefallili&nbsp;bebeklerin&nbsp;beyni,gebelik d\u00f6neminde olmas\u0131 gerekti\u011fi gibi geli\u015femez yahut do\u011fumdan sonra beyin geli\u015fimleri durur.<strong> Mikrosefali,&nbsp;gebeli\u011fin 4.,5. ve 6. ay\u0131n\u0131n sonuna do\u011fru yahut 7.,8. ve 9. ay\u0131n ba\u015flar\u0131nda yap\u0131lan ultrason muayenesi ile tespit edilebilir.<\/strong><\/p>\n<p><strong>Normalde do\u011fumdan hemen sonra \u00f6l\u00e7\u00fcld\u00fc\u011f\u00fcnde bebe\u011fin ba\u015f\u0131n\u0131n yakla\u015f\u0131k 35 cm civar\u0131nda olmas\u0131 beklenir. <\/strong>\u0130zleyen ilk iki ayda haftada 0.5 cm; iki ile alt\u0131 ay aras\u0131 ise haftada 0.25 cm b\u00fcy\u00fcy\u00fcp b\u00fcy\u00fcmedi\u011fi takip edilir. \u0130lk \u00fc\u00e7 aydaki ortalama toplam kafa \u00e7evresi b\u00fcy\u00fcmesi 5 cm iken, bu ikinci \u00fc\u00e7 ayda 4 cm ve \u00fc\u00e7\u00fcnc\u00fc \u00fc\u00e7 ayda 2 cm kadard\u0131r. Dokuz ay ile bir ya\u015f aras\u0131nda ise ba\u015f \u00e7evresi 1 cm kadar artmas\u0131 beklenir.<\/p>\n<p><span style=\"color:#FF8C00;\"><strong><span style=\"font-size:16px;\">Mikrosefali nedenleri<\/span><\/strong><\/span><\/p>\n<p><strong>Mikrosefali genellikle rahimde (konjenital) ya da bebeklik d\u00f6neminde olu\u015fabilen anormal beyin geli\u015fiminin sonucudur. Mikrosefali genetik olabilir.<\/strong> Mikrosefalinin di\u011fer nedenleri \u015funlard\u0131r:<\/p>\n<p><span style=\"color:#0000FF;\"><strong>Kraniyosinostoz<\/strong><\/span><\/p>\n<p>Bebeklerde kafatas\u0131ndaki kemiklerin erken kapanmas\u0131yla ortaya \u00e7\u0131kan bir hastal\u0131kt\u0131r. Kemikler beyine bas\u0131n\u00e7 uygularsa,&nbsp;birle\u015fik kafatas\u0131n\u0131nkemiklerini ay\u0131rmak i\u00e7in cerrahi uygulanabilir. Beyinde di\u011fer herhangi bir problem yoksa bu ameliyat sayesinde kafatas\u0131 normale d\u00f6nd\u00fcr\u00fcl\u00fcp, beyin b\u00fcy\u00fcme ve geli\u015fme i\u00e7in yeterli alana kavu\u015fur.<\/p>\n<p><span style=\"color:#0000FF;\"><strong>Kromozom&nbsp;anomalileri&nbsp;<\/strong><\/span><\/p>\n<p>Down sendromu ve di\u011fer benzer durumlar mikrosefaliye neden olabilir.<\/p>\n<p><strong><span style=\"color:#0000FF;\">Serebral anoksi<\/span><\/strong><\/p>\n<p>Anne karn\u0131ndaki fetal beyine giden oksijenin azalmas\u0131yla ortaya \u00e7\u0131kar. Do\u011fum s\u0131ras\u0131nda yahut anne karn\u0131nda bebe\u011fin ya\u015fad\u0131\u011f\u0131 \u00e7e\u015fitli komplikasyonlar serebral anoksi olu\u015fumunu tetikleyebilir.<\/p>\n<p><span style=\"color:#0000FF;\"><strong>Fetal enfeksiyonlar<\/strong><\/span><\/p>\n<p>Gebelik s\u0131ras\u0131nda fetusun ge\u00e7irdi\u011fi enfeksiyonlar da bebeklerde mikrosefaliye yol a\u00e7abilir. Bu enfeksiyonlar aras\u0131nda toksoplazma, sitomegalovir\u00fcs, k\u0131zam\u0131k\u00e7\u0131k (rubella) ve su\u00e7i\u00e7e\u011fi yer al\u0131r.<\/p>\n<p><span style=\"color:#0000FF;\"><strong>Kimyasal maddelere maruz kalma<\/strong><\/span><\/p>\n<p>Anne karn\u0131ndaki bebe\u011fin uyu\u015fturucu, alkol ya da belirli miktarda toksik kimyasallara maruz kalmas\u0131 da bebe\u011fin kafas\u0131n\u0131n anormal geli\u015fimine neden olabilir. Bu gibi durumlardan herhangi biri bebe\u011fin beyin anormallikleri riskini art\u0131r\u0131r.<\/p>\n<p><span style=\"color:#0000FF;\"><strong>K\u00f6t\u00fc beslenme<\/strong><\/span><\/p>\n<p>Hamilelikte yetersiz beslenme de bebe\u011fin geli\u015fimini olumsuz etkileyip mikrosefaliye sebep olabilir.<\/p>\n<p><span style=\"color:#0000FF;\"><strong>Kontrols\u00fcz fenilketon\u00fcri<\/strong><\/span><\/p>\n<p>PKU olarak da bilinen fenilketon\u00fcri,&nbsp;kal\u0131tsal bir metabolik hastal\u0131kt\u0131r. Bu hastal\u0131kla do\u011fan \u00e7ocuklar proteinli g\u0131dalarda bulunan fenilalanin isimli bir amino asiti metabolize edemezler. Fenilketon\u00fcri de bebeklerde mikrosefaliye yol a\u00e7abilir.<\/p>\n<p><span style=\"color:#FF8C00;\"><strong><span style=\"font-size:16px;\">Mikrosefalli ile birlikte g\u00f6r\u00fclebilen sa\u011fl\u0131k sorunlar\u0131 ve belirtileri<\/span><\/strong><\/span><\/p>\n<p>Mikrosefalili baz\u0131 \u00e7ocuklar\u0131n kafalar\u0131n\u0131n boyutu akranlar\u0131ndan belirgin bir \u015fekilde k\u00fc\u00e7\u00fck olmas\u0131na ra\u011fmen, geli\u015fim ve zekalar\u0131 normaldir. Ancak mikrosefalinin \u015fiddetine ve nedenine ba\u011fl\u0131 olarak mikrosefalli olan bebeklerde \u015fu komplikasyonlar ortaya \u00e7\u0131kabilir;<\/p>\n<ol>\n<li>Konu\u015fma ve hareketlerde geli\u015fim gerili\u011fi<\/li>\n<li>Koordinasyon ve dengede durmakta g\u00fc\u00e7l\u00fck<\/li>\n<li>C\u00fccelik yahut boy k\u0131sal\u0131\u011f\u0131<\/li>\n<li>Hiperaktivite<\/li>\n<li>Zeka gerili\u011fi<\/li>\n<li>N\u00f6betler<\/li>\n<li>Y\u00fczde anormallikler<\/li>\n<li>G\u00f6rme ve i\u015fitme problemleri<\/li>\n<li>Yutmada zorlanma gibi beslenme sorunlar\u0131<\/li>\n<\/ol>\n<p>\n<span style=\"color:#FF8C00;\"><span style=\"font-size:16px;\"><strong>Mikrosefali tedavisi<\/strong><\/span><\/span><\/p>\n<p>Mikrosefalinin kesin belli bir tedavisi yoktur. Kraniosinostozlar durumunda cerrahi operasyon uygulanabilir. Ayr\u0131ca mikrosefali ile birlikte g\u00f6r\u00fclen n\u00f6rolojik problemler tedavi edilerek \u00e7ocu\u011fun hayat kalitesi art\u0131rmaya \u00e7al\u0131\u015f\u0131labilir.<\/p>\n<p><span style=\"font-size:20px;\"><a href=\"https:\/\/www.mavikadin.com\/bebek-dusurme-yollari-kesin-dusuk-yaptirici-bitkiler-bitki-caylari\" target=\"_blank\" rel=\"noopener\">D\u00fc\u015f\u00fck Yapt\u0131ran Bitkiler Nelerdir, \u00c7ocuk D\u00fc\u015f\u00fcrmek \u0130\u00e7in Ne Yapmal\u0131? T\u0131klay\u0131n\u0131z<\/a><\/span><\/p>\n<p><span style=\"font-size:20px;\"><a href=\"https:\/\/www.mavikadin.com\/erken-adet-olmak-icin-ne-yapmali-adet-olmak-istiyorum-ne-yapmaliyim\" target=\"_blank\" rel=\"noopener\"><span style=\"color:#FF0000;\">Adet Olmak \u0130\u00e7in Ne Yapmal\u0131? Hemen Adet Olmak \u0130\u00e7in 10 Pratik Y\u00f6ntem T\u0131klay\u0131n\u0131z<\/span><\/a><\/span><\/p>\n<p><span style=\"font-size:20px;\"><a href=\"https:\/\/www.mavikadin.com\/adet-olmak-icin-adet-getirici-hap-igne-ilaclar-ve-fiyatlari-listesi\" target=\"_blank\" rel=\"noopener\">Adet S\u00f6kt\u00fcr\u00fcc\u00fc \u0130la\u00e7, \u0130\u011fne, Hap \u0130simleri Ve Fiyatlar\u0131 Listesi T\u0131klay\u0131n\u0131z<\/a><\/span><\/p>\n<p><span style=\"font-size:20px;\"><a href=\"https:\/\/www.mavikadin.com\/adet-sokturucu-yiyecekler-ve-adet-sokturucu-caylar-sifali-bitkiler\" target=\"_blank\" rel=\"noopener\"><span style=\"color:#FF0000;\">Adet S\u00f6kt\u00fcr\u00fcc\u00fc Bitkiler Ve Adet Getirici Bitki \u00c7aylar\u0131 Listesi T\u0131klay\u0131n\u0131z<\/span><\/a><\/span><\/p>\n","protected":false},"excerpt":{"rendered":"<p>Mikrosefali, bebe\u011fin kafas\u0131n\u0131n ayn\u0131 ya\u015f ve cinsiyetteki di\u011fer \u00e7ocuklar\u0131n kafalar\u0131ndan belirgin \u015fekilde daha k\u00fc\u00e7\u00fck oldu\u011fu nadir g\u00f6r\u00fclen n\u00f6rolojik bir durumdur. Mikrosefali, bebe\u011fin kafas\u0131n\u0131n ayn\u0131 ya\u015f ve cinsiyetteki di\u011fer \u00e7ocuklar\u0131n kafalar\u0131ndan belirgin \u015fekilde daha k\u00fc\u00e7\u00fck oldu\u011fu nadir g\u00f6r\u00fclen n\u00f6rolojik bir durumdur. Mikrosefali genellikle anne karn\u0131nda anormal geli\u015fmekte olan beynin sonucudur veya do\u011fumdan sonra gerekti\u011fi gibi b\u00fcy\u00fcyemeyen [&hellip;]<\/p>\n","protected":false},"author":30,"featured_media":41677,"comment_status":"closed","ping_status":"open","sticky":false,"template":"","format":"standard","meta":{"rank_math_lock_modified_date":false,"footnotes":""},"categories":[111],"tags":[5881,32489,32490,32492,32491],"class_list":["post-41678","post","type-post","status-publish","format-standard","has-post-thumbnail","hentry","category-anne-cocuk","tag-bebek-sagligi","tag-mikrosefali","tag-mikrosefali-nedenleri","tag-mikrosefali-tedavisi","tag-mikrosefali-teshisi"],"_links":{"self":[{"href":"https:\/\/www.tgrthaber.com\/mavikadin\/wp-json\/wp\/v2\/posts\/41678"}],"collection":[{"href":"https:\/\/www.tgrthaber.com\/mavikadin\/wp-json\/wp\/v2\/posts"}],"about":[{"href":"https:\/\/www.tgrthaber.com\/mavikadin\/wp-json\/wp\/v2\/types\/post"}],"author":[{"embeddable":true,"href":"https:\/\/www.tgrthaber.com\/mavikadin\/wp-json\/wp\/v2\/users\/30"}],"replies":[{"embeddable":true,"href":"https:\/\/www.tgrthaber.com\/mavikadin\/wp-json\/wp\/v2\/comments?post=41678"}],"version-history":[{"count":1,"href":"https:\/\/www.tgrthaber.com\/mavikadin\/wp-json\/wp\/v2\/posts\/41678\/revisions"}],"predecessor-version":[{"id":41679,"href":"https:\/\/www.tgrthaber.com\/mavikadin\/wp-json\/wp\/v2\/posts\/41678\/revisions\/41679"}],"wp:featuredmedia":[{"embeddable":true,"href":"https:\/\/www.tgrthaber.com\/mavikadin\/wp-json\/wp\/v2\/media\/41677"}],"wp:attachment":[{"href":"https:\/\/www.tgrthaber.com\/mavikadin\/wp-json\/wp\/v2\/media?parent=41678"}],"wp:term":[{"taxonomy":"category","embeddable":true,"href":"https:\/\/www.tgrthaber.com\/mavikadin\/wp-json\/wp\/v2\/categories?post=41678"},{"taxonomy":"post_tag","embeddable":true,"href":"https:\/\/www.tgrthaber.com\/mavikadin\/wp-json\/wp\/v2\/tags?post=41678"}],"curies":[{"name":"wp","href":"https:\/\/api.w.org\/{rel}","templated":true}]}}