{"id":41735,"date":"2016-10-10T04:44:51","date_gmt":"2016-10-10T01:44:51","guid":{"rendered":"https:\/\/new.mavikadin.com\/?p=41735"},"modified":"2024-09-16T10:22:52","modified_gmt":"2024-09-16T07:22:52","slug":"makrosefali-bebegin-kafasinin-buyuk-olmasi-nedenleri-ve-tedavisi","status":"publish","type":"post","link":"https:\/\/www.tgrthaber.com\/mavikadin\/makrosefali-bebegin-kafasinin-buyuk-olmasi-nedenleri-ve-tedavisi\/","title":{"rendered":"Makrosefali (Bebe\u011fin Kafas\u0131n\u0131n B\u00fcy\u00fck Olmas\u0131) Nedenleri Ve Tedavisi"},"content":{"rendered":"<p>Makrosefali,\u00a0bebe\u011fin kafas\u0131n\u0131n normalden daha b\u00fcy\u00fck olmas\u0131 durumudur. \u00c7ocu\u011fun ba\u015f \u00e7evresi,\u00a0benzer \u0131rklardan ve\u00a0ayn\u0131\u00a0ya\u015flardaki \u00e7ocuklar\u0131n standart sapmas\u0131ndan<\/p>\n<p><strong>Makrosefali,&nbsp;bebe\u011fin kafas\u0131n\u0131n normalden daha b\u00fcy\u00fck olmas\u0131 durumudur. \u00c7ocu\u011fun ba\u015f \u00e7evresi,&nbsp;benzer \u0131rklardan ve&nbsp;ayn\u0131&nbsp;ya\u015flardaki \u00e7ocuklar\u0131n kafa \u00e7evresinden&nbsp;2 standart sapma aral\u0131\u011f\u0131 b\u00fcy\u00fckse makrosefali&nbsp;tan\u0131s\u0131 koyulur. <\/strong>The National Institute of Neurological Disorders and Stroke (N\u00f6rolojik Bozukluklar ve \u0130nme Ulusal Enstit\u00fcs\u00fc)&#8217;ne g\u00f6re, mikrosefalinin aksine, makrosefalisi olan bebeklerin b\u00fcy\u00fck bir beyni vard\u0131r ve zihinsel geli\u015fiminin normal olmas\u0131 daha muhtemeldir. Fakat makrosefalinin baz\u0131 \u00e7e\u015fitleri zihinsel problemlere yol a\u00e7abilir.<\/p>\n<p>Makrosefali&nbsp;ayr\u0131ca beyin ve kafatas\u0131nda s\u0131v\u0131 birikmesiyle de ortaya \u00e7\u0131kar. Her iki durum&nbsp;da artan&nbsp;hacmi&nbsp;kar\u015f\u0131lamak i\u00e7in kafay\u0131 daha da b\u00fcy\u00fcmeye zorlar. Bu durumda s\u0131v\u0131 bo\u015falt\u0131m\u0131 i\u00e7in cerrahi operasyon uygulanabilir.<\/p>\n<p><strong><span style=\"color:#FF8C00;\"><span style=\"font-size:16px;\">Makrosefali&nbsp;nedenleri<\/span><\/span><\/strong><\/p>\n<ol>\n<li>Anne karn\u0131nda ge\u00e7irilen enfeksiyonlar<\/li>\n<li>Uyu\u015fturucu ba\u011f\u0131ml\u0131l\u0131\u011f\u0131<\/li>\n<li>Genetik<\/li>\n<li>Hirosefali (kafan\u0131n su toplamas\u0131)<\/li>\n<li>Beyin kanamas\u0131<\/li>\n<li>Metabolik hastal\u0131klar<\/li>\n<li>\u00d6zel baz\u0131 sendromlar<\/li>\n<li>Kafa i\u00e7i yer kaplayan lezyonlar<\/li>\n<li>Subdural s\u0131v\u0131 toplanmas\u0131<\/li>\n<li>N\u00f6rofibromatozis tip 1<\/li>\n<li>Achondroplasia<\/li>\n<li>Hipokondroplazi<\/li>\n<li>Tanatoforik displazi<\/li>\n<li>Tuberoz skleroz kompleksi<\/li>\n<li>Metabolik depo hastal\u0131klar\u0131, \u00f6rne\u011fin mukopolisakkeridoz<\/li>\n<li>Alexander hastal\u0131\u011f\u0131<\/li>\n<li>Greig sendromu<\/li>\n<li>Gorlin-Goltz sendromu<\/li>\n<li>Canavan hastal\u0131\u011f\u0131 3<\/li>\n<li>Cranio-serebello kalp (CCC) sendromu<\/li>\n<li>Sotos sendromu<\/li>\n<li>Bannayan-Riley-Ruvalcaba sendromu (BRRS) 1<\/li>\n<\/ol>\n<p><iframe loading=\"lazy\" frameborder=\"0\" height=\"380\" src=\"https:\/\/www.mavikadin.com\/ivideo.php?vid=102\" width=\"99%\"><\/iframe><\/p>\n<p><span style=\"color:#FF8C00;\"><strong><span style=\"font-size:16px;\">Makrosefali&nbsp;belirtileri<\/span><\/strong><\/span><\/p>\n<ol>\n<li>Ba\u015f\u0131n\u0131 tutamama<\/li>\n<li>Huzursuzluk<\/li>\n<li>Desteksiz oturamama<\/li>\n<\/ol>\n<p><strong><span style=\"color:#FF8C00;\"><span style=\"font-size:16px;\">Bebe\u011fin kafas\u0131n\u0131n b\u00fcy\u00fck olmas\u0131 normal do\u011fuma engel mi?<\/span><\/span><\/strong><\/p>\n<p>Makrosefali&nbsp;olan bebek do\u011furacak annelere pek \u00e7ok hekim,&nbsp;sezaryen ile do\u011fum yapmay\u0131 \u00f6nerir. \u00c7\u00fcnk\u00fc bebe\u011fin ba\u015f\u0131 \u00e7o\u011fu zaman rahim a\u011fz\u0131n\u0131 kapatacak kadar b\u00fcy\u00fck olur. Hatta bebe\u011fin kafas\u0131n\u0131n rahim a\u011fz\u0131ndan daha b\u00fcy\u00fck oldu\u011fu durumlar da ya\u015fanabilir. Bu durumda normal do\u011fum yapmak bebe\u011fin sa\u011fl\u0131\u011f\u0131n\u0131 hatta hayat\u0131n\u0131 riske atmak demektir. Do\u011fumun g\u00fc\u00e7le\u015fmesi de normal do\u011fumun tercih edilmemesi nedenlerindendir. Doktorunuz do\u011fum \u015fekliniz konusunda en sa\u011fl\u0131kl\u0131 karar\u0131 verecektir.<\/p>\n<p><span style=\"color:#FF8C00;\"><strong><span style=\"font-size:16px;\">Makrosefalinin tedavisi:<\/span><\/strong><\/span><\/p>\n<p>Makrosefali&nbsp;tedavisi g\u00fcn\u00fcm\u00fczde m\u00fcmk\u00fcn olmamakla birlikte gen terapisi y\u00f6ntemi deneme a\u015famas\u0131ndad\u0131r.<\/p>\n<p>Sual: Bebe\u011fimin kafas\u0131 4 hafta \u00f6nde gidiyor. Herhangi bir soruna neden olur mu?<\/p>\n<p>CEVAP<\/p>\n<p><strong>\u00c7ocuk Sa\u011fl\u0131\u011f\u0131 Ve Hastal\u0131klar\u0131 Uzman\u0131 Dr. Kutlug\u00fcl Y\u00fcksel&#8217;in cevab\u0131: (Beyin yap\u0131s\u0131 normalse, hidrosefali vs yoksa bebe\u011fin kafa yap\u0131s\u0131 geneti\u011fine uygun olarak \u015fekilleniyor demektir. Doktorunuza dan\u0131\u015f\u0131n.)<\/strong><\/p>\n<p>Sual: Doktora gittim, ultrasonda bebe\u011fin kafas\u0131n\u0131n 28 haftal\u0131k v\u00fccudunun ise 26 haftal\u0131k g\u00f6z\u00fckt\u00fc\u011f\u00fcn\u00fc s\u00f6yledi, \u00e7ok korkuyorum ne yapay\u0131m?<\/p>\n<p>CEVAP<\/p>\n<p>Prof. Dr. \u0130smail Fahri \u00d6\u00e7er\u2019in cevab\u0131:&nbsp;(<strong>E\u015finizin veya birinci derece akrabalar\u0131n\u0131zdan birinin kafas\u0131 normalin \u00fcst s\u0131n\u0131r\u0131nda ise bebe\u011finizin kafas\u0131n\u0131n haftas\u0131na g\u00f6re b\u00fcy\u00fck olmas\u0131 normaldir.<\/strong> \u00d6zellikle ventrik\u00fcl olarak adland\u0131rd\u0131\u011f\u0131m\u0131z kafa i\u00e7i bo\u015fluklarda ve b\u00fcy\u00fck sarn\u0131\u00e7 (cisterna magna) dedi\u011fimiz beyincik ard\u0131 b\u00f6l\u00fcmde normalden fazla s\u0131v\u0131 toplanmas\u0131 s\u00f6z konusu de\u011fil ise endi\u015felenmenize gerek yok.)<\/p>\n<p><span style=\"font-size:20px;\"><a href=\"https:\/\/www.mavikadin.com\/bebek-dusurme-yollari-kesin-dusuk-yaptirici-bitkiler-bitki-caylari\" target=\"_blank\" rel=\"noopener\">D\u00fc\u015f\u00fck Yapt\u0131ran Bitkiler Nelerdir, \u00c7ocuk D\u00fc\u015f\u00fcrmek \u0130\u00e7in Ne Yapmal\u0131? T\u0131klay\u0131n\u0131z<\/a><\/span><\/p>\n<p><span style=\"font-size:20px;\"><a href=\"https:\/\/www.mavikadin.com\/hamilelikte-bebegin-gelisimi-icin-neler-yemeli\" target=\"_blank\" rel=\"noopener\"><span style=\"color:#FF0000;\">Hamilelikte Bebe\u011fin Geli\u015fimi \u0130\u00e7in Neler Yemeli? T\u0131klay\u0131n\u0131z<\/span><\/a><\/span><\/p>\n<p><span style=\"font-size:20px;\"><a href=\"https:\/\/www.mavikadin.com\/erken-adet-olmak-icin-ne-yapmali-adet-olmak-istiyorum-ne-yapmaliyim\" target=\"_blank\" rel=\"noopener\">Adet Olmak \u0130\u00e7in Ne Yapmal\u0131? Hemen Adet Olmak \u0130\u00e7in 10 Pratik Y\u00f6ntem T\u0131klay\u0131n\u0131z<\/a><\/span><\/p>\n<p><span style=\"font-size:20px;\"><a href=\"https:\/\/www.mavikadin.com\/adet-olmak-icin-adet-getirici-hap-igne-ilaclar-ve-fiyatlari-listesi\" target=\"_blank\" rel=\"noopener\"><span style=\"color:#FF0000;\">Adet S\u00f6kt\u00fcr\u00fcc\u00fc \u0130la\u00e7, \u0130\u011fne, Hap \u0130simleri Ve Fiyatlar\u0131 Listesi T\u0131klay\u0131n\u0131z<\/span><\/a><\/span><\/p>\n<p><span style=\"font-size:20px;\"><a href=\"https:\/\/www.mavikadin.com\/adet-sokturucu-yiyecekler-ve-adet-sokturucu-caylar-sifali-bitkiler\" target=\"_blank\" rel=\"noopener\">Adet S\u00f6kt\u00fcr\u00fcc\u00fc Bitkiler Ve Adet Getirici Bitki \u00c7aylar\u0131 Listesi T\u0131klay\u0131n\u0131z<\/a><\/span><\/p>\n","protected":false},"excerpt":{"rendered":"<p>Makrosefali,\u00a0bebe\u011fin kafas\u0131n\u0131n normalden daha b\u00fcy\u00fck olmas\u0131 durumudur. \u00c7ocu\u011fun ba\u015f \u00e7evresi,\u00a0benzer \u0131rklardan ve\u00a0ayn\u0131\u00a0ya\u015flardaki \u00e7ocuklar\u0131n standart sapmas\u0131ndan Makrosefali,&nbsp;bebe\u011fin kafas\u0131n\u0131n normalden daha b\u00fcy\u00fck olmas\u0131 durumudur. \u00c7ocu\u011fun ba\u015f \u00e7evresi,&nbsp;benzer \u0131rklardan ve&nbsp;ayn\u0131&nbsp;ya\u015flardaki \u00e7ocuklar\u0131n kafa \u00e7evresinden&nbsp;2 standart sapma aral\u0131\u011f\u0131 b\u00fcy\u00fckse makrosefali&nbsp;tan\u0131s\u0131 koyulur. The National Institute of Neurological Disorders and Stroke (N\u00f6rolojik Bozukluklar ve \u0130nme Ulusal Enstit\u00fcs\u00fc)&#8217;ne g\u00f6re, mikrosefalinin aksine, makrosefalisi olan [&hellip;]<\/p>\n","protected":false},"author":30,"featured_media":41734,"comment_status":"closed","ping_status":"open","sticky":false,"template":"","format":"standard","meta":{"rank_math_lock_modified_date":false,"footnotes":""},"categories":[111],"tags":[5881,32533,32532,32534,32535],"class_list":["post-41735","post","type-post","status-publish","format-standard","has-post-thumbnail","hentry","category-anne-cocuk","tag-bebek-sagligi","tag-bebeklerde-kafa-buyuklugu","tag-makrosefali","tag-makrosefali-nedenleri","tag-makrosefali-tedavisi"],"_links":{"self":[{"href":"https:\/\/www.tgrthaber.com\/mavikadin\/wp-json\/wp\/v2\/posts\/41735"}],"collection":[{"href":"https:\/\/www.tgrthaber.com\/mavikadin\/wp-json\/wp\/v2\/posts"}],"about":[{"href":"https:\/\/www.tgrthaber.com\/mavikadin\/wp-json\/wp\/v2\/types\/post"}],"author":[{"embeddable":true,"href":"https:\/\/www.tgrthaber.com\/mavikadin\/wp-json\/wp\/v2\/users\/30"}],"replies":[{"embeddable":true,"href":"https:\/\/www.tgrthaber.com\/mavikadin\/wp-json\/wp\/v2\/comments?post=41735"}],"version-history":[{"count":1,"href":"https:\/\/www.tgrthaber.com\/mavikadin\/wp-json\/wp\/v2\/posts\/41735\/revisions"}],"predecessor-version":[{"id":41736,"href":"https:\/\/www.tgrthaber.com\/mavikadin\/wp-json\/wp\/v2\/posts\/41735\/revisions\/41736"}],"wp:featuredmedia":[{"embeddable":true,"href":"https:\/\/www.tgrthaber.com\/mavikadin\/wp-json\/wp\/v2\/media\/41734"}],"wp:attachment":[{"href":"https:\/\/www.tgrthaber.com\/mavikadin\/wp-json\/wp\/v2\/media?parent=41735"}],"wp:term":[{"taxonomy":"category","embeddable":true,"href":"https:\/\/www.tgrthaber.com\/mavikadin\/wp-json\/wp\/v2\/categories?post=41735"},{"taxonomy":"post_tag","embeddable":true,"href":"https:\/\/www.tgrthaber.com\/mavikadin\/wp-json\/wp\/v2\/tags?post=41735"}],"curies":[{"name":"wp","href":"https:\/\/api.w.org\/{rel}","templated":true}]}}