{"id":41765,"date":"2016-10-15T03:50:44","date_gmt":"2016-10-15T00:50:44","guid":{"rendered":"https:\/\/new.mavikadin.com\/?p=41765"},"modified":"2024-09-16T10:23:27","modified_gmt":"2024-09-16T07:23:27","slug":"hamileyim-bebegim-asagida-hamilelikte-karnin-asagida-olmasi","status":"publish","type":"post","link":"https:\/\/www.tgrthaber.com\/mavikadin\/hamileyim-bebegim-asagida-hamilelikte-karnin-asagida-olmasi\/","title":{"rendered":"Hamileyim Bebe\u011fim A\u015fa\u011f\u0131da, Hamilelikte Karn\u0131n A\u015fa\u011f\u0131da Olmas\u0131"},"content":{"rendered":"<p>(Hamileyim, bebe\u011fim a\u015fa\u011f\u0131da, acaba erken do\u011fuma neden olur mu?)\u00a0diye\u00a0kara kara d\u00fc\u015f\u00fcn\u00fcyor, endi\u015fe ediyor musunuz?<\/p>\n<p><strong>(Hamileyim, bebe\u011fim a\u015fa\u011f\u0131da, acaba erken do\u011fuma neden olur mu?)&nbsp;diye&nbsp;kara kara d\u00fc\u015f\u00fcn\u00fcyor, endi\u015fe ediyor musunuz?&nbsp;<\/strong>Bu durumu doktorlara sorduk, a\u015fa\u011f\u0131da cevaplar\u0131 yay\u0131mlad\u0131k. \u00d6ncelikle \u015funu bildirelim ki,&nbsp;bebe\u011finizin a\u015fa\u011f\u0131da oldu\u011funu&nbsp;fark ederseniz, doktorunuza bildirin. Kad\u0131n do\u011fum uzman\u0131 gerekli tahlilleri yap\u0131p,&nbsp;erken do\u011fum riski olup olmad\u0131\u011f\u0131n\u0131 tespit edecektir.<\/p>\n<p>Sual: 34 haftal\u0131k hamileyim. Doktor,&nbsp;bebe\u011fin a\u015fa\u011f\u0131da oldu\u011funu s\u00f6yledi. Bebe\u011fim hareket etti\u011finde \u00e7ok a\u015fa\u011f\u0131da oldu\u011funu hissediyorum.&nbsp;Gebelikte bebe\u011fin a\u015fa\u011f\u0131da olmas\u0131,&nbsp;erken do\u011fum riskine neden olur mu?&nbsp;Memlekete gitmeyi d\u00fc\u015f\u00fcn\u00fcyorum, bu durumum seyahat etmeme engel olur mu?<\/p>\n<p>CEVAP<\/p>\n<p>Kad\u0131n Hastal\u0131klar\u0131 Ve Do\u011fum Uzman\u0131 Dr. Ye\u015fim Yer\u00e7ok&#8217;un cevab\u0131: (<strong>Kad\u0131n do\u011fum uzman\u0131na ba\u015fvurup servikal uzunlu\u011funuzu \u00f6l\u00e7t\u00fcrmelisiniz. B\u00f6ylece erken do\u011fum a\u00e7\u0131s\u0131ndan riskli olup olmad\u0131\u011f\u0131n\u0131za doktorunuz karar verecektir.<\/strong>Seyahat konusunu da&nbsp;yine&nbsp;doktorunuz&nbsp;durumunuza g\u00f6re de\u011ferlendirecektir.)<\/p>\n<p>Sual: 13 haftal\u0131k hamileyim. Kad\u0131n do\u011fum uzman\u0131,&nbsp;bebe\u011fin anne karn\u0131nda a\u015fa\u011f\u0131da oldu\u011funu&nbsp;s\u00f6yledi. Ayr\u0131ca bu durumun herhangi bir soruna yol a\u00e7mayaca\u011f\u0131n\u0131 da bildirdi. \u00c7ok endi\u015feliyim, bebe\u011fin a\u015fa\u011f\u0131da olmas\u0131 d\u00fc\u015f\u00fc\u011fe neden olur mu?<\/p>\n<p>CEVAP<\/p>\n<p>Kad\u0131n Hastal\u0131klar\u0131 Ve Do\u011fum Uzman\u0131 Dr. Erol Tamveger&#8217;in cevab\u0131: <strong>(Rahim a\u011fz\u0131 uzunlu\u011funuz 3 cm&#8217;den uzun ise,&nbsp;adet sanc\u0131s\u0131 gibi a\u011fr\u0131lar\u0131n\u0131z, kanaman\u0131z yok ise,&nbsp;genellikle endi\u015fe edecek bir sorun yoktur. <\/strong>Ba\u015fka doktora da ba\u015fvurup,&nbsp;rahim a\u011fz\u0131 uzunlu\u011funu \u00f6l\u00e7t\u00fcr\u00fcp d\u00fc\u015f\u00fck riski olup olmad\u0131\u011f\u0131n\u0131 tespit ettirebilirsiniz.)<\/p>\n<p>Sual: 17 haftal\u0131k hamileyim. Doktorum,&nbsp;bebe\u011fin a\u015fa\u011f\u0131da dedi. Kas\u0131klar\u0131m ve dizlerim a\u011fr\u0131yor. Bu a\u011fr\u0131lar bebe\u011fin a\u015fa\u011f\u0131da olmas\u0131ndan m\u0131 kaynaklan\u0131yor?&nbsp;Bir de,&nbsp;bebe\u011fin yukar\u0131 \u00e7\u0131kmas\u0131 m\u00fcmk\u00fcn m\u00fc ?<\/p>\n<p>CEVAP<\/p>\n<p>Kad\u0131n Hastal\u0131klar\u0131 Ve Do\u011fum Uzman\u0131 Dr. Seval Ta\u015fdemir&#8217;in cevab\u0131: (Gebelik boyunca bebek b\u00fcy\u00fcrken,&nbsp;i\u00e7erideki organlar\u0131 yer de\u011fi\u015ftirmeye zorlar. Ba\u011f\u0131rsak hareketleri ve idrar ak\u0131\u015f\u0131 g\u00fc\u00e7le\u015fir. <strong>Rahimin b\u00fcy\u00fcmesiyle beraber bebek de yukar\u0131ya \u00e7\u0131kar.<\/strong> D\u00fc\u015f\u00fck tehlikesini ekarte etmek gerekir.)<\/p>\n<p>Sual: 16 haftal\u0131k gebeyim. Bebe\u011fimin ba\u015f\u0131 a\u015fa\u011f\u0131da, \u00e7\u0131k\u0131\u015f y\u00f6n\u00fcn\u00fc bulmu\u015f vaziyetde duruyor. D\u00fc\u015f\u00fck riski var m\u0131, bebe\u011fim normale d\u00f6ner mi?<\/p>\n<p>CEVAP<\/p>\n<p><strong>Kad\u0131n Hastal\u0131klar\u0131 Ve Do\u011fum Uzman\u0131 Dr. Seval Ta\u015fdemir&#8217;in cevab\u0131: (Bebe\u011fin duru\u015f \u015feklinin bu haftalarda \u00f6nemi yoktur, bol su i\u00e7in.)<\/strong><\/p>\n<p>Sual: 20 haftal\u0131k gebeyim. Ultrasonda bebe\u011fin ba\u015f\u0131n\u0131n \u00e7ok a\u015fa\u011f\u0131da oldu\u011fu g\u00f6z\u00fckt\u00fc. D\u00fc\u015f\u00fc\u011fe neden olur mu?<\/p>\n<p>CEVAP<\/p>\n<p>Kad\u0131n Hastal\u0131klar\u0131 Ve Do\u011fum Uzman\u0131 Dr. Kutlug\u00fcl Y\u00fcksel&#8217;in cevab\u0131: (Bebe\u011fin ba\u015f\u0131n\u0131n a\u015fa\u011f\u0131da olmas\u0131n\u0131n bir \u00f6nemi yoktur; bebek hareketleri ile bu haftalarda s\u00fcrekli ba\u015f\u0131n yeri de\u011fi\u015fir. <strong>Ancak rahim a\u011fz\u0131 servikin uzunlu\u011fu ve yap\u0131s\u0131 ile servikal kanal\u0131n a\u00e7\u0131kl\u0131\u011f\u0131 kontrol edilmeli,&nbsp;d\u00fc\u015f\u00fck riski olas\u0131l\u0131\u011f\u0131na kar\u015f\u0131 servikal yetersizlik var m\u0131 de\u011ferlendirilmelidir.)<\/strong><\/p>\n<p><span style=\"font-size:20px;\"><a href=\"https:\/\/www.mavikadin.com\/hamilelikte-bebegin-gelisimi-icin-neler-yemeli\" target=\"_blank\" rel=\"noopener\">Hamilelikte Bebe\u011fin Geli\u015fimi \u0130\u00e7in Neler Yemeli? T\u0131klay\u0131n\u0131z<\/a><\/span><\/p>\n<p><span style=\"font-size:20px;\"><a href=\"https:\/\/www.mavikadin.com\/hamilelikte-istahsizlik-neden-olur-nasil-gecer\" target=\"_blank\" rel=\"noopener\"><span style=\"color:#FF0000;\">Hamilelikte \u0130\u015ftahs\u0131zl\u0131k Neden Olur, Nas\u0131l Ge\u00e7er? T\u0131klay\u0131n\u0131z<\/span><\/a><\/span><\/p>\n<p><span style=\"font-size:20px;\"><a href=\"https:\/\/www.mavikadin.com\/hamilelikte-el-ayak-yanmasi-neden-olur-nasil-gecer\" target=\"_blank\" rel=\"noopener\">Hamilelikte El Ayak Yanmas\u0131 Neden Olur, Nas\u0131l Ge\u00e7er?<\/a><\/span><\/p>\n<p><span style=\"font-size:20px;\"><a href=\"https:\/\/www.mavikadin.com\/hamilelerde-tansiyon-dusuklugu-neden-olur-nasil-gecer\" target=\"_blank\" rel=\"noopener\"><span style=\"color:#FF0000;\">Gebelikte Tansiyon D\u00fc\u015f\u00fckl\u00fc\u011f\u00fc &#8211; Nedenleri, Belirtileri Ve Tedavisi T\u0131klay\u0131n\u0131z<\/span><\/a><\/span><\/p>\n<p><span style=\"font-size:20px;\"><a href=\"https:\/\/www.mavikadin.com\/hamileler-hangi-agri-kesiciyi-kullanabilir-doktorlar-cevapliyor\" target=\"_blank\" rel=\"noopener\">Hamilelikte Minoset &nbsp;Veya Parol Kullan\u0131l\u0131rm\u0131? Doktorlar Cevapl\u0131yor T\u0131klay\u0131n\u0131z<\/a><\/span><\/p>\n","protected":false},"excerpt":{"rendered":"<p>(Hamileyim, bebe\u011fim a\u015fa\u011f\u0131da, acaba erken do\u011fuma neden olur mu?)\u00a0diye\u00a0kara kara d\u00fc\u015f\u00fcn\u00fcyor, endi\u015fe ediyor musunuz? (Hamileyim, bebe\u011fim a\u015fa\u011f\u0131da, acaba erken do\u011fuma neden olur mu?)&nbsp;diye&nbsp;kara kara d\u00fc\u015f\u00fcn\u00fcyor, endi\u015fe ediyor musunuz?&nbsp;Bu durumu doktorlara sorduk, a\u015fa\u011f\u0131da cevaplar\u0131 yay\u0131mlad\u0131k. \u00d6ncelikle \u015funu bildirelim ki,&nbsp;bebe\u011finizin a\u015fa\u011f\u0131da oldu\u011funu&nbsp;fark ederseniz, doktorunuza bildirin. Kad\u0131n do\u011fum uzman\u0131 gerekli tahlilleri yap\u0131p,&nbsp;erken do\u011fum riski olup olmad\u0131\u011f\u0131n\u0131 tespit edecektir. [&hellip;]<\/p>\n","protected":false},"author":30,"featured_media":41764,"comment_status":"closed","ping_status":"open","sticky":false,"template":"","format":"standard","meta":{"rank_math_lock_modified_date":false,"footnotes":""},"categories":[111],"tags":[32704,32561,33163,33162,33164],"class_list":["post-41765","post","type-post","status-publish","format-standard","has-post-thumbnail","hentry","category-anne-cocuk","tag-dusuk-riski","tag-erken-dogum-riski","tag-gebelikte-bebek-pozisyonu","tag-hamilelikte-bebek-asagida","tag-rahim-agzi-uzunlugu"],"_links":{"self":[{"href":"https:\/\/www.tgrthaber.com\/mavikadin\/wp-json\/wp\/v2\/posts\/41765"}],"collection":[{"href":"https:\/\/www.tgrthaber.com\/mavikadin\/wp-json\/wp\/v2\/posts"}],"about":[{"href":"https:\/\/www.tgrthaber.com\/mavikadin\/wp-json\/wp\/v2\/types\/post"}],"author":[{"embeddable":true,"href":"https:\/\/www.tgrthaber.com\/mavikadin\/wp-json\/wp\/v2\/users\/30"}],"replies":[{"embeddable":true,"href":"https:\/\/www.tgrthaber.com\/mavikadin\/wp-json\/wp\/v2\/comments?post=41765"}],"version-history":[{"count":1,"href":"https:\/\/www.tgrthaber.com\/mavikadin\/wp-json\/wp\/v2\/posts\/41765\/revisions"}],"predecessor-version":[{"id":41766,"href":"https:\/\/www.tgrthaber.com\/mavikadin\/wp-json\/wp\/v2\/posts\/41765\/revisions\/41766"}],"wp:featuredmedia":[{"embeddable":true,"href":"https:\/\/www.tgrthaber.com\/mavikadin\/wp-json\/wp\/v2\/media\/41764"}],"wp:attachment":[{"href":"https:\/\/www.tgrthaber.com\/mavikadin\/wp-json\/wp\/v2\/media?parent=41765"}],"wp:term":[{"taxonomy":"category","embeddable":true,"href":"https:\/\/www.tgrthaber.com\/mavikadin\/wp-json\/wp\/v2\/categories?post=41765"},{"taxonomy":"post_tag","embeddable":true,"href":"https:\/\/www.tgrthaber.com\/mavikadin\/wp-json\/wp\/v2\/tags?post=41765"}],"curies":[{"name":"wp","href":"https:\/\/api.w.org\/{rel}","templated":true}]}}