{"id":41915,"date":"2016-11-22T20:43:49","date_gmt":"2016-11-22T17:43:49","guid":{"rendered":"https:\/\/new.mavikadin.com\/?p=41915"},"modified":"2024-09-16T10:25:52","modified_gmt":"2024-09-16T07:25:52","slug":"bebegimin-kakasi-sumuksu-neden-oldu-nasil-gecer","status":"publish","type":"post","link":"https:\/\/www.tgrthaber.com\/mavikadin\/bebegimin-kakasi-sumuksu-neden-oldu-nasil-gecer\/","title":{"rendered":"Bebe\u011fimin Kakas\u0131 S\u00fcm\u00fcks\u00fc, Neden Oldu, Nas\u0131l Ge\u00e7er?"},"content":{"rendered":"<p>Bebe\u011fin kakas\u0131nda mukus olmas\u0131, kakan\u0131n s\u00fcm\u00fcks\u00fc olu\u015fu anne-babalar i\u00e7in endi\u015fe verici bir durumdur. Bebe\u011fin d\u0131\u015fk\u0131s\u0131nda, ishalinde mukus g\u00f6r\u00fclmesi<\/p>\n<p>Bebe\u011fin kakas\u0131nda mukus olmas\u0131, kakan\u0131n s\u00fcm\u00fcks\u00fc olu\u015fu anne-babalar i\u00e7in endi\u015fe verici bir durumdur. Bebe\u011fin d\u0131\u015fk\u0131s\u0131nda, ishalinde mukus g\u00f6r\u00fclmesi,&nbsp;enfeksiyondan ba\u011f\u0131rsak d\u00fc\u011f\u00fcmlenmesine kadar pek \u00e7ok nedenden kaynaklanabilir.&nbsp;<\/p>\n<p><span style=\"color:#FF8C00;\"><u><span style=\"font-size:16px;\"><strong>Bebek d\u0131\u015fk\u0131s\u0131nda mukus ve bebe\u011fin kakas\u0131n\u0131n s\u00fcm\u00fcks\u00fc olma nedenleri<\/strong><\/span><\/u><\/span><\/p>\n<p>Bebe\u011fin d\u0131\u015fk\u0131s\u0131n\u0131n rengini, yo\u011funlu\u011funu, \u015feklini, k\u0131vam\u0131n\u0131 etkileyen bir\u00e7ok fakt\u00f6r vard\u0131r. Bu fakt\u00f6rler,&nbsp;hem emziren annenin hem de bebe\u011fin ald\u0131\u011f\u0131 yiyecekleri de i\u00e7erir. Bebe\u011fin d\u0131\u015fk\u0131s\u0131nda mukus g\u00f6r\u00fclmesi, d\u0131\u015fk\u0131n\u0131n s\u00fcm\u00fcks\u00fc olmas\u0131,&nbsp;genellikle uzmanlar taraf\u0131ndan endi\u015fe kayna\u011f\u0131 olarak kabul edilmez. Uzmanlara g\u00f6re, bebek d\u0131\u015fk\u0131s\u0131nda bir miktar mukus bulunmas\u0131 normaldir.<\/p>\n<ol>\n<li>Kistik fibrozlu bebeklerde bu durum&nbsp;d\u0131\u015fk\u0131da mukusa yol a\u00e7abilir. Bu bebeklerde akci\u011ferlerde ve ba\u011f\u0131rsaklarda mukus birikimi g\u00f6zlenir. Ba\u011f\u0131rsaklarda biriken mukus k\u00f6t\u00fc kokulu ve ya\u011fl\u0131 bir bi\u00e7imde d\u0131\u015fk\u0131yla d\u0131\u015far\u0131 at\u0131l\u0131r.<\/li>\n<li>Bebe\u011fin d\u0131\u015fk\u0131s\u0131 ye\u015filse ve s\u00fcm\u00fcks\u00fcl\u00fck ile mukus i\u00e7eriyorsa, bu durum baz\u0131 bula\u015f\u0131c\u0131 enfeksiyonlara ba\u011fl\u0131 meydana gelmi\u015f olabilir. Di\u015f \u00e7\u0131karma da d\u0131\u015fk\u0131da mukusun bir ba\u015fka nedenidir. Bebekler di\u015f \u00e7\u0131kar\u0131rken a\u015f\u0131r\u0131 miktarda salya salg\u0131larlar. A\u015f\u0131r\u0131 salya, ba\u011f\u0131rsaklar\u0131 tahri\u015f edip d\u0131\u015fk\u0131da mukus, s\u00fcm\u00fcks\u00fc k\u0131vam olu\u015fumuna yol a\u00e7ar.<\/li>\n<li>Besin alerjisi,&nbsp;bebe\u011fin d\u0131\u015fk\u0131s\u0131 i\u00e7inde mukus, s\u00fcm\u00fcks\u00fcl\u00fck ve kan olu\u015fmas\u0131na neden olabilir. Emzirmeyle beslenen bebeklerde bile annenin t\u00fcketti\u011fi g\u0131dan\u0131n sebep olabilece\u011fi g\u0131da alerjileri ile kar\u015f\u0131la\u015f\u0131labilir.<\/li>\n<li>Ba\u011f\u0131rsak enfeksiyonlar\u0131 (bula\u015f\u0131c\u0131 ve bakteriyel),&nbsp;bebe\u011fin d\u0131\u015fk\u0131s\u0131nda s\u00fcm\u00fcks\u00fc k\u0131vam, mukus ve kan i\u00e7in potansiyel nedenler aras\u0131ndad\u0131r. Baz\u0131 durumlarda d\u0131\u015fk\u0131da mukus, muz gibi meyvelerin t\u00fcketilmesinden bile kaynaklanabilir.&nbsp;<\/li>\n<li>Di\u015f ka\u015f\u0131y\u0131c\u0131lar bebeklerde enfeksiyonlara neden olabilecek \u00e7ok yayg\u0131n bir fakt\u00f6rd\u00fcr. Enfeksiyon da bebe\u011fin kakas\u0131nda mukusa, s\u00fcm\u00fcks\u00fcl\u00fc\u011fe yol a\u00e7abilir.<\/li>\n<li>Bebe\u011fin kakas\u0131nda mukus ve s\u00fcm\u00fcks\u00fc k\u0131vam\u0131n g\u00f6r\u00fclmesinin en ciddi nedenlerinden biri de ba\u011f\u0131rsak t\u0131kan\u0131kl\u0131\u011f\u0131d\u0131r. Bebekte ba\u011f\u0131rsak t\u0131kan\u0131kl\u0131\u011f\u0131nda bebe\u011fin kakas\u0131 j\u00f6le k\u0131vam\u0131ndad\u0131r. Bebekte a\u011fr\u0131 hissi duyma, kusma ve kakas\u0131nda kan ile mukus gibi belirtiler g\u00f6r\u00fcl\u00fcr, derhal t\u0131bbi m\u00fcdahale gerektirir.<\/li>\n<\/ol>\n<p><span style=\"color:#FF8C00;\"><u><span style=\"font-size:16px;\"><strong>Bebeklerde d\u0131\u015fk\u0131da mukusa ve s\u00fcm\u00fcks\u00fcl\u00fc\u011fe yol a\u00e7an di\u011fer nedenler<\/strong><\/span><\/u><\/span><\/p>\n<ol>\n<li>Ba\u011f\u0131rsak enfeksiyonu<\/li>\n<li>Crohn hastal\u0131\u011f\u0131<\/li>\n<li>Divertik\u00fclit<\/li>\n<li>\u00c7\u00f6lyak hastal\u0131\u011f\u0131<\/li>\n<li>Sindirim sistemi hastal\u0131klar\u0131<\/li>\n<li>\u0130rritabl Ba\u011f\u0131rsak Sendromu (IBS)<\/li>\n<\/ol>\n<p>K\u0131sacas\u0131, ate\u015f, a\u011fr\u0131 ve d\u0131\u015fk\u0131 renginde de\u011fi\u015fiklikler gibi ba\u015fka belirtiler olmaks\u0131z\u0131n bebe\u011fin d\u0131\u015fk\u0131s\u0131nda mukus durumu devam etmiyorsa endi\u015fe edilmemelidir. Bununla birlikte, durumu analiz etmenin en iyi yolu \u00e7ocu\u011fun doktoruna dan\u0131\u015fmakt\u0131r. Mukus k\u0131rm\u0131z\u0131 ise derhal doktora ba\u015fvurulmas\u0131 gerekir. Mukusun k\u0131rm\u0131z\u0131 renkte olmas\u0131 \u00e7e\u015fitli nedenlerden kaynaklanabilir, bunlar\u0131n baz\u0131lar\u0131 ciddi olabilir.<\/p>\n<p><span style=\"color:#FF8C00;\"><span style=\"font-size:16px;\"><u><strong>Bebeklerde d\u0131\u015fk\u0131da mukus, s\u00fcm\u00fcks\u00fcl\u00fck nas\u0131l ge\u00e7er?<\/strong><\/u><\/span><\/span><\/p>\n<p>Bebe\u011finizdeki mukus, s\u00fcm\u00fcks\u00fc k\u0131vam,&nbsp;bir s\u00fcredir ge\u00e7miyorsa en k\u0131sa s\u00fcrede evlad\u0131n\u0131z\u0131 \u00e7ocuk doktoruna g\u00f6t\u00fcr\u00fcn. Doktor yapaca\u011f\u0131 gaita&nbsp;testiyle bu durumun neden kaynakland\u0131\u011f\u0131n\u0131 tespit edecektir. Bebe\u011fin d\u0131\u015fk\u0131s\u0131ndaki mukus, s\u00fcm\u00fcks\u00fcl\u00fck enfeksiyon kaynakl\u0131ysa,&nbsp;doktor antibiyotik tedavisi uygulayacakt\u0131r. Bazen de bebeklerde d\u0131\u015fk\u0131da mukusun varl\u0131\u011f\u0131 herhangi bir tedavi almadan kendili\u011finden ge\u00e7ebilir, bazen de altta yatan neden g\u00f6re tedavi gerektirebilir. Ba\u011f\u0131rsak d\u00fc\u011f\u00fcmlenmesi acil ameliyatla tedavi edilirken, di\u015f \u00e7\u0131karma veya bula\u015f\u0131c\u0131 enfeksiyon nedeniyle olu\u015fan d\u0131\u015fk\u0131da mukus ise kendili\u011finden ge\u00e7ecektir. Bebe\u011finizin d\u0131\u015fk\u0131s\u0131nda mukus,s\u00fcm\u00fcks\u00fcl\u00fck tespit ederseniz, hemen panik yapmay\u0131n. Ancak mukus ile birlikte bebe\u011fin d\u0131\u015fk\u0131s\u0131nda kan varsa, derhal t\u0131bbi yard\u0131m al\u0131n. Bebek sa\u011fl\u0131kl\u0131ysa, bir iki g\u00fcn bekleyin ve durum devam ederse \u00e7ocuk doktorunuza ba\u015fvurun.<\/p>\n<p><span style=\"font-size:20px;\"><a href=\"https:\/\/www.mavikadin.com\/bebekler-icin-uyku-surubu-uyku-damlasi-uyku-ilaci-markalari-nelerdir\" target=\"_blank\" rel=\"noopener\">Bebekler \u0130\u00e7in Uyku \u015eurubu, Uyku Damlas\u0131, Uyku \u0130lac\u0131 Markalar\u0131 Nelerdir T\u0131klay\u0131n\u0131z<\/a><\/span><\/p>\n<p><span style=\"font-size:20px;\"><a href=\"https:\/\/www.mavikadin.com\/bebek-gazi-ilaci-ve-gaz-damlasi-markalari-doktorlar-bilgi-veriyor\" target=\"_blank\" rel=\"noopener\"><span style=\"color:#FF0000;\">Bebekler \u0130\u00e7in Gaz Giderici \u0130la\u00e7lar Nelerdir? Doktorlar Cevapl\u0131yor T\u0131klay\u0131n\u0131z<\/span><\/a><\/span><\/p>\n<p><span style=\"font-size:20px;\"><a href=\"https:\/\/www.mavikadin.com\/bebeklerde-dis-cikarma-agrisi-nasil-gecer-17-uzman-onerisi\" target=\"_blank\" rel=\"noopener\">Bebeklerde Di\u015f A\u011fr\u0131s\u0131na Ne \u0130yi Gelir? 17 Pratik Y\u00f6ntem T\u0131klay\u0131n\u0131z<\/a><\/span><\/p>\n","protected":false},"excerpt":{"rendered":"<p>Bebe\u011fin kakas\u0131nda mukus olmas\u0131, kakan\u0131n s\u00fcm\u00fcks\u00fc olu\u015fu anne-babalar i\u00e7in endi\u015fe verici bir durumdur. Bebe\u011fin d\u0131\u015fk\u0131s\u0131nda, ishalinde mukus g\u00f6r\u00fclmesi Bebe\u011fin kakas\u0131nda mukus olmas\u0131, kakan\u0131n s\u00fcm\u00fcks\u00fc olu\u015fu anne-babalar i\u00e7in endi\u015fe verici bir durumdur. Bebe\u011fin d\u0131\u015fk\u0131s\u0131nda, ishalinde mukus g\u00f6r\u00fclmesi,&nbsp;enfeksiyondan ba\u011f\u0131rsak d\u00fc\u011f\u00fcmlenmesine kadar pek \u00e7ok nedenden kaynaklanabilir.&nbsp; Bebek d\u0131\u015fk\u0131s\u0131nda mukus ve bebe\u011fin kakas\u0131n\u0131n s\u00fcm\u00fcks\u00fc olma nedenleri Bebe\u011fin d\u0131\u015fk\u0131s\u0131n\u0131n rengini, [&hellip;]<\/p>\n","protected":false},"author":30,"featured_media":41914,"comment_status":"closed","ping_status":"open","sticky":false,"template":"","format":"standard","meta":{"rank_math_lock_modified_date":false,"footnotes":""},"categories":[111],"tags":[32718,5881,32720,32721,32719],"class_list":["post-41915","post","type-post","status-publish","format-standard","has-post-thumbnail","hentry","category-anne-cocuk","tag-bebek-kakasi","tag-bebek-sagligi","tag-bebeklerde-mukus","tag-kaka-rengi","tag-sumuksu-kaka"],"_links":{"self":[{"href":"https:\/\/www.tgrthaber.com\/mavikadin\/wp-json\/wp\/v2\/posts\/41915"}],"collection":[{"href":"https:\/\/www.tgrthaber.com\/mavikadin\/wp-json\/wp\/v2\/posts"}],"about":[{"href":"https:\/\/www.tgrthaber.com\/mavikadin\/wp-json\/wp\/v2\/types\/post"}],"author":[{"embeddable":true,"href":"https:\/\/www.tgrthaber.com\/mavikadin\/wp-json\/wp\/v2\/users\/30"}],"replies":[{"embeddable":true,"href":"https:\/\/www.tgrthaber.com\/mavikadin\/wp-json\/wp\/v2\/comments?post=41915"}],"version-history":[{"count":1,"href":"https:\/\/www.tgrthaber.com\/mavikadin\/wp-json\/wp\/v2\/posts\/41915\/revisions"}],"predecessor-version":[{"id":41916,"href":"https:\/\/www.tgrthaber.com\/mavikadin\/wp-json\/wp\/v2\/posts\/41915\/revisions\/41916"}],"wp:featuredmedia":[{"embeddable":true,"href":"https:\/\/www.tgrthaber.com\/mavikadin\/wp-json\/wp\/v2\/media\/41914"}],"wp:attachment":[{"href":"https:\/\/www.tgrthaber.com\/mavikadin\/wp-json\/wp\/v2\/media?parent=41915"}],"wp:term":[{"taxonomy":"category","embeddable":true,"href":"https:\/\/www.tgrthaber.com\/mavikadin\/wp-json\/wp\/v2\/categories?post=41915"},{"taxonomy":"post_tag","embeddable":true,"href":"https:\/\/www.tgrthaber.com\/mavikadin\/wp-json\/wp\/v2\/tags?post=41915"}],"curies":[{"name":"wp","href":"https:\/\/api.w.org\/{rel}","templated":true}]}}