{"id":41918,"date":"2016-11-23T21:46:29","date_gmt":"2016-11-23T18:46:29","guid":{"rendered":"https:\/\/new.mavikadin.com\/?p=41918"},"modified":"2024-09-16T10:25:54","modified_gmt":"2024-09-16T07:25:54","slug":"gebelikte-dudakta-genital-bolgede-ucuk-neden-cikar-nasil-gecer","status":"publish","type":"post","link":"https:\/\/www.tgrthaber.com\/mavikadin\/gebelikte-dudakta-genital-bolgede-ucuk-neden-cikar-nasil-gecer\/","title":{"rendered":"Gebelikte Dudakta, Genital B\u00f6lgede U\u00e7uk Neden \u00c7\u0131kar, Nas\u0131l Ge\u00e7er?"},"content":{"rendered":"<p>U\u00e7uk,\u00a0hamilelikte s\u0131kl\u0131kla g\u00f6r\u00fclen sa\u011fl\u0131k sorunlar\u0131ndand\u0131r. Gebelikte u\u00e7uk, a\u011f\u0131z \u00e7evresinde, dudaklarda veya genital b\u00f6lgede meydana gelebilir. <\/p>\n<p>U\u00e7uk,&nbsp;hamilelikte s\u0131kl\u0131kla g\u00f6r\u00fclen sa\u011fl\u0131k sorunlar\u0131ndand\u0131r. Gebelikte u\u00e7uk, a\u011f\u0131z \u00e7evresinde, dudaklarda veya genital b\u00f6lgede meydana gelebilir. Kad\u0131n Hastal\u0131klar\u0131 ve Do\u011fum Uzman\u0131 Opr. Dr. Yaren Tuba Bekta\u015f, hamilelikte hormonlardaki de\u011fi\u015fimin, yetersiz ve sa\u011fl\u0131ks\u0131z beslenmenin, ba\u011f\u0131\u015f\u0131kl\u0131k sisteminin zay\u0131flamas\u0131n\u0131n,&nbsp;gebelikte u\u00e7uk olu\u015fma riskini art\u0131rd\u0131\u011f\u0131n\u0131 bildirdi. Dr. Bekta\u015f,&nbsp;ayr\u0131ca gebelikte ya\u015fanan psikolojik dalgalanmalar\u0131n, u\u00e7uklu ki\u015fiyle temas, tokala\u015fma ve ki\u015fisel e\u015fyalar\u0131 ortak kullanman\u0131n da u\u00e7u\u011fu tetikleyen fakt\u00f6rler aras\u0131nda yer ald\u0131\u011f\u0131na dikkat \u00e7ekti. Dr. Bekta\u015f, ayr\u0131ca gebelikte u\u00e7uk i\u00e7in kullan\u0131lacak ila\u00e7lar\u0131n mutlaka doktor kontrol\u00fcnde kullan\u0131lmas\u0131 gerekti\u011fi bilgisini de s\u00f6zlerine ekledi. &nbsp;<\/p>\n<p>Dr. Bekta\u015f,&nbsp;hamilelikte u\u00e7ukla ilgili bize \u015fu bilgileri verdi:<\/p>\n<p><span style=\"color:#FF8C00;\"><span style=\"font-size:16px;\"><strong><u>Hamilelikte u\u00e7uk belirtileri<\/u><\/strong><\/span><\/span><\/p>\n<p>(Gebelikte u\u00e7uk,&nbsp;a\u011f\u0131z, burun ve y\u00fcz \u00e7evresinde olu\u015fan k\u0131rm\u0131z\u0131 renkte, kabar\u0131k, a\u011fr\u0131l\u0131 ve yanma hissi verebilen su dolu kabarc\u0131klar \u015feklinde belirti verir.<\/p>\n<p>Gebelerde genital b\u00f6lgede u\u00e7uk ise idrar yaparken yanma, idrar s\u0131kl\u0131\u011f\u0131nda art\u0131\u015f, u\u00e7uklu b\u00f6lgede a\u011fr\u0131, lenf bezlerinde \u015fi\u015fme, vajinal ak\u0131nt\u0131, halsizlik ve ate\u015fe yol a\u00e7abilir.<\/p>\n<p><span style=\"color:#FF8C00;\"><span style=\"font-size:16px;\"><strong><u>Hamilelikte u\u00e7uk bebe\u011fe zarar verir mi?<\/u><\/strong><\/span><\/span><\/p>\n<p>Gebelikte ya\u015fan\u0131lan u\u00e7u\u011fun bebe\u011fe zarar\u0131 olup olmad\u0131\u011f\u0131 hususunda elimizde kesin bilimsel bir veri yoktur.&nbsp;Ancak hamileli\u011fin ilk 3 ay\u0131nda u\u00e7uk hastal\u0131\u011f\u0131na yakalanan anne adaylar\u0131,&nbsp;bebe\u011fe enfeksiyon bula\u015fma riskine kar\u015f\u0131 mutlaka tarama testlerinden ge\u00e7irilmelidir. Herpes vir\u00fcs\u00fcn\u00fc daha \u00f6nce alm\u0131\u015f ve ba\u011f\u0131\u015f\u0131kl\u0131k kazanm\u0131\u015f kad\u0131nlar\u0131n hamileliklerinde bu tehlike daha az g\u00f6r\u00fcl\u00fcr.&nbsp;Fakat gebelikle birlikte bu vir\u00fcsle ilk defa tan\u0131\u015fan anne adaylar\u0131nda bu durum farkl\u0131l\u0131klar g\u00f6sterebilir. Baz\u0131 vakalarda gebeli\u011fin sonland\u0131r\u0131lmas\u0131 dahi gerekebilir.)<\/p>\n<p><span style=\"color:#FF8C00;\"><span style=\"font-size:16px;\"><strong><u>Hamilelikte u\u00e7uk nas\u0131l ge\u00e7er?<\/u><\/strong><\/span><\/span><\/p>\n<p>\u0130\u015fte&nbsp;bu \u00f6nemli soruya&nbsp;kad\u0131n do\u011fum uzman\u0131 doktorlar\u0131n verdikleri cevaplar\u0131:<\/p>\n<p>Sual: 7 haftal\u0131k hamileyim, duda\u011f\u0131m\u0131n kenar\u0131nda u\u00e7uk \u00e7\u0131kt\u0131. Bu durumun bebe\u011fime bir zarar\u0131 olur mu?<\/p>\n<p>CEVAP<\/p>\n<p>Kad\u0131n Do\u011fum Uzman\u0131 Do\u00e7. Dr. Muammer Do\u011fan&#8217;\u0131n cevab\u0131: (Herpes-u\u00e7uk 1 vir\u00fcs\u00fc ile olan bu lezyon gebelikte herhangi bir soruna neden olmaz.)<\/p>\n<p>Sual: 28 haftal\u0131k hamileyim, duda\u011f\u0131mda u\u00e7uk \u00e7\u0131kt\u0131,&nbsp;ne yapay\u0131m?<\/p>\n<p>CEVAP<\/p>\n<p><strong>Kad\u0131n Hastal\u0131klar\u0131 ve Do\u011fum Uzman\u0131 Dr. Aynur \u015eendemir&#8217;in cevab\u0131: (Doktorunuzun onay verdi\u011fi u\u00e7uk kremini kullanabilece\u011finiz gibi, buz ve\/veya sar\u0131msa\u011f\u0131 kesip suyunu s\u0131k\u0131p u\u00e7u\u011fa&nbsp;s\u00fcrmek,&nbsp;yahut sar\u0131msa\u011f\u0131 ortadan kesip sulu k\u0131sm\u0131n\u0131 u\u00e7uk \u00fczerinde gezdirmek de u\u00e7u\u011fun ge\u00e7mesi i\u00e7in etkili olacakt\u0131r.)<\/strong><\/p>\n<p>Sual: 2 ayl\u0131k hamileyim ve genital u\u00e7uk hastas\u0131y\u0131m. Ge\u00e7mesi i\u00e7in hangi tedaviyi uygulayabilirim, u\u00e7uk kremi kullanabilir miyim?<\/p>\n<p>CEVAP<\/p>\n<p><strong>Kad\u0131n Hastal\u0131klar\u0131 ve Do\u011fum Uzman\u0131 Dr. Derin K\u00f6sebay&#8217;\u0131n cevab\u0131:(Gebelik d\u00f6neminde u\u00e7uk tekrar \u00e7\u0131karsa mutlaka doktorunuzla g\u00f6r\u00fc\u015f\u00fcn. Doktor uygunbulursa u\u00e7uklar\u0131 elektrokoterle yakabilir veya u\u00e7uk kremi re\u00e7ete edebilir.)<\/strong><\/p>\n<p>Sual: 5 haftal\u0131k hamileyim,&nbsp;yakla\u015f\u0131k 3 haftad\u0131r dilimde s\u00fcrekli u\u00e7uk \u00e7\u0131k\u0131yor. Tam ge\u00e7ti derken tekrar \u00e7\u0131k\u0131yor.&nbsp;Acaba ne kullanabilirim?<\/p>\n<p>CEVAP<\/p>\n<p>Kad\u0131n Hastal\u0131klar\u0131 ve Do\u011fum Uzman\u0131&nbsp;Dr. Erkan Akan&#8217;\u0131n cevab\u0131: (Gebe oldu\u011funuz&nbsp;i\u00e7in&nbsp;sadece karbonatl\u0131 su ile gargara yapman\u0131z yeterli olur.)<\/p>\n<p><span style=\"font-size:20px;\"><a href=\"https:\/\/www.mavikadin.com\/hamilelikte-nar-suyu-ve-narin-faydalari-nelerdir\" target=\"_blank\" rel=\"noopener\">Hamilelikte Nar Yemek Ve Gebe \u0130le Bebe\u011fe Faydalar\u0131 T\u0131klay\u0131n\u0131z<\/a><\/span><\/p>\n<p><span style=\"font-size:20px;\"><a href=\"https:\/\/www.mavikadin.com\/hamileler-mandalina-yiyebilirmi-hamilelikte-mandalina-zararli-mi\" target=\"_blank\" rel=\"noopener\"><span style=\"color:#FF0000;\">Hamilelikte Mandalinan\u0131n Gebeye Ve Bebe\u011fe Faydalar\u0131 Nelerdir? T\u0131klay\u0131n\u0131z<\/span><\/a><\/span><\/p>\n<p><span style=\"font-size:20px;\"><a href=\"https:\/\/www.mavikadin.com\/hamileler-mandalina-yiyebilirmi-hamilelikte-mandalina-zararli-mi\" target=\"_blank\" rel=\"noopener\">Hamilelikte Ayva Yemenin Gebeye Ve Bebe\u011fe 10 Faydas\u0131<\/a><a href=\"https:\/\/www.mavikadin.com\/hamilelikte-ayva-ne-zaman-yenmeli-ayva-yemek-gamze-yapar-mi\" target=\"_blank\" rel=\"noopener\">&nbsp;T\u0131klay\u0131n\u0131z<\/a><\/span><\/p>\n<p><span style=\"font-size:20px;\"><a href=\"https:\/\/www.mavikadin.com\/hamilelikte-bebegin-gelisimi-icin-neler-yemeli\" target=\"_blank\" rel=\"noopener\"><span style=\"color:#FF0000;\">Hamileyken Bebe\u011fe Kilo Ald\u0131ran Yiyecekler Nelerdir? T\u0131klay\u0131n\u0131z<\/span><\/a><\/span><\/p>\n","protected":false},"excerpt":{"rendered":"<p>U\u00e7uk,\u00a0hamilelikte s\u0131kl\u0131kla g\u00f6r\u00fclen sa\u011fl\u0131k sorunlar\u0131ndand\u0131r. Gebelikte u\u00e7uk, a\u011f\u0131z \u00e7evresinde, dudaklarda veya genital b\u00f6lgede meydana gelebilir. U\u00e7uk,&nbsp;hamilelikte s\u0131kl\u0131kla g\u00f6r\u00fclen sa\u011fl\u0131k sorunlar\u0131ndand\u0131r. Gebelikte u\u00e7uk, a\u011f\u0131z \u00e7evresinde, dudaklarda veya genital b\u00f6lgede meydana gelebilir. Kad\u0131n Hastal\u0131klar\u0131 ve Do\u011fum Uzman\u0131 Opr. Dr. Yaren Tuba Bekta\u015f, hamilelikte hormonlardaki de\u011fi\u015fimin, yetersiz ve sa\u011fl\u0131ks\u0131z beslenmenin, ba\u011f\u0131\u015f\u0131kl\u0131k sisteminin zay\u0131flamas\u0131n\u0131n,&nbsp;gebelikte u\u00e7uk olu\u015fma riskini art\u0131rd\u0131\u011f\u0131n\u0131 bildirdi. [&hellip;]<\/p>\n","protected":false},"author":30,"featured_media":41917,"comment_status":"closed","ping_status":"open","sticky":false,"template":"","format":"standard","meta":{"rank_math_lock_modified_date":false,"footnotes":""},"categories":[111],"tags":[32725,32722,32724,32317,32723],"class_list":["post-41918","post","type-post","status-publish","format-standard","has-post-thumbnail","hentry","category-anne-cocuk","tag-dudak-ucugu","tag-gebelikte-ucuk","tag-genital-ucuk","tag-hamilelikte-saglik","tag-hamilelikte-ucuk"],"_links":{"self":[{"href":"https:\/\/www.tgrthaber.com\/mavikadin\/wp-json\/wp\/v2\/posts\/41918"}],"collection":[{"href":"https:\/\/www.tgrthaber.com\/mavikadin\/wp-json\/wp\/v2\/posts"}],"about":[{"href":"https:\/\/www.tgrthaber.com\/mavikadin\/wp-json\/wp\/v2\/types\/post"}],"author":[{"embeddable":true,"href":"https:\/\/www.tgrthaber.com\/mavikadin\/wp-json\/wp\/v2\/users\/30"}],"replies":[{"embeddable":true,"href":"https:\/\/www.tgrthaber.com\/mavikadin\/wp-json\/wp\/v2\/comments?post=41918"}],"version-history":[{"count":1,"href":"https:\/\/www.tgrthaber.com\/mavikadin\/wp-json\/wp\/v2\/posts\/41918\/revisions"}],"predecessor-version":[{"id":41919,"href":"https:\/\/www.tgrthaber.com\/mavikadin\/wp-json\/wp\/v2\/posts\/41918\/revisions\/41919"}],"wp:featuredmedia":[{"embeddable":true,"href":"https:\/\/www.tgrthaber.com\/mavikadin\/wp-json\/wp\/v2\/media\/41917"}],"wp:attachment":[{"href":"https:\/\/www.tgrthaber.com\/mavikadin\/wp-json\/wp\/v2\/media?parent=41918"}],"wp:term":[{"taxonomy":"category","embeddable":true,"href":"https:\/\/www.tgrthaber.com\/mavikadin\/wp-json\/wp\/v2\/categories?post=41918"},{"taxonomy":"post_tag","embeddable":true,"href":"https:\/\/www.tgrthaber.com\/mavikadin\/wp-json\/wp\/v2\/tags?post=41918"}],"curies":[{"name":"wp","href":"https:\/\/api.w.org\/{rel}","templated":true}]}}