{"id":41933,"date":"2016-11-27T01:05:10","date_gmt":"2016-11-26T22:05:10","guid":{"rendered":"https:\/\/new.mavikadin.com\/?p=41933"},"modified":"2024-09-16T10:26:11","modified_gmt":"2024-09-16T07:26:11","slug":"hamileyim-diskim-siyah-oldu-ne-yapayim","status":"publish","type":"post","link":"https:\/\/www.tgrthaber.com\/mavikadin\/hamileyim-diskim-siyah-oldu-ne-yapayim\/","title":{"rendered":"Hamileyim D\u0131\u015fk\u0131m Siyah Oldu, Ne Yapay\u0131m?"},"content":{"rendered":"<p>Gebelik, sindirim sistemi de dahil olmak \u00fczere gebe kad\u0131n\u0131n v\u00fccudundaki hemen hemen her sistemde bir\u00e7ok de\u011fi\u015fikli\u011fe yol a\u00e7ar. Hamilelikte d\u0131\u015fk\u0131n\u0131n siyah olmas\u0131, <\/p>\n<p>Gebelik, sindirim sistemi de dahil olmak \u00fczere gebe kad\u0131n\u0131n v\u00fccudundaki hemen hemen her sistemde bir\u00e7ok de\u011fi\u015fikli\u011fe yol a\u00e7ar. Hamilelikte d\u0131\u015fk\u0131n\u0131n siyah olmas\u0131, koyula\u015fmas\u0131 da gebelerde s\u0131k kar\u015f\u0131la\u015f\u0131lan durumlardand\u0131r. \u0130\u015fte bu durumun nedenleri:<\/p>\n<p><span style=\"color:#FF8C00;\"><span style=\"font-size:16px;\"><strong><u>Demir ilac\u0131 kullan\u0131m\u0131<\/u><\/strong><\/span><\/span><\/p>\n<p>Kans\u0131zl\u0131k veya d\u00fc\u015f\u00fck k\u0131rm\u0131z\u0131 kan h\u00fccre say\u0131s\u0131, hamilelerde s\u0131k rastlan\u0131lan sa\u011fl\u0131k sorunlar\u0131ndand\u0131r. Doktorlar hamile kad\u0131n\u0131n bu eksikli\u011fini gidermek i\u00e7in gebelikte kullan\u0131m\u0131 g\u00fcvenli olan demir takviyeleri re\u00e7ete ederler. Baz\u0131 demir t\u00fcrleri v\u00fccut taraf\u0131ndan kolayca sindirilemez. Beslenme Uzman\u0131 Dr. Marilyn Glenville, demir s\u00fclfat\u0131n ve demirli glukonat i\u00e7eren haplar\u0131n kab\u0131zl\u0131\u011fa ve d\u0131\u015fk\u0131n\u0131n siyahla\u015fmas\u0131na neden oldu\u011funu bildiriyor. Demir ila\u00e7lar\u0131ndan kaynaklanan siyah d\u0131\u015fk\u0131n\u0131n normal renge d\u00f6nmesi i\u00e7in hamile kad\u0131nlar karaci\u011fer, k\u0131rm\u0131z\u0131 et ve ye\u015fil yaprakl\u0131 sebzeler de dahil olmak \u00fczere demirden zengin yiyecekleri t\u00fcketerek diyetlerinde demir al\u0131m\u0131n\u0131 do\u011fal yoldan art\u0131rabilirler.<\/p>\n<p>Sual: 3 ayl\u0131k hamileyim,&nbsp;d\u0131\u015fk\u0131 rengim siyah. Bu durum neden kaynaklan\u0131r?<\/p>\n<p>CEVAP<\/p>\n<p><strong>Genel Cerrahi Dr. Feridun Aysu&#8217;nun cevab\u0131: (Hamilelikte d\u0131\u015fk\u0131n\u0131n siyahla\u015fmas\u0131,&nbsp;sindirilmi\u015f kan yahut demir ila\u00e7lar\u0131 nedeniyle meydana gelebilir. Gebelikte demir ihtiva eden vitamin haplar\u0131 i\u00e7miyorsan\u0131z, d\u0131\u015fk\u0131n\u0131n siyah renginin nedenini tespit etmek i\u00e7in endoskopi yapt\u0131rman\u0131z\u0131 \u00f6neririm.<\/strong> \u00c7\u00fcnk\u00fc bu durum \u00fclser, gastrit gibi mide sorunlar\u0131ndan da kaynaklanabilir.)<\/p>\n<p><span style=\"color:#FF8C00;\"><span style=\"font-size:16px;\"><strong><u>Kanama<\/u><\/strong><\/span><\/span><\/p>\n<p>Ba\u011f\u0131rsaklar, mide veya \u00f6zofagus gibi \u00fcst gastrointestinal sistemde meydana gelen kanama da,&nbsp;gebelik d\u00f6neminde d\u0131\u015fk\u0131 renginde de\u011fi\u015fikli\u011fe neden olabilir. Melena, ba\u011f\u0131rsak kanamas\u0131ndan dolay\u0131 d\u0131\u015fk\u0131n\u0131n katran gibi koyu renge ve a\u011f\u0131r kokulu hale d\u00f6nd\u00fc\u011f\u00fc bir durumdur.&nbsp;Gebelikte gastrointestinal sistem kanamas\u0131n\u0131n ba\u015fl\u0131ca nedenleri; Gastrit, mide kanamas\u0131, ba\u011f\u0131rsaklara do\u011fru giden kan teminin yetersizli\u011fi ve \u015fiddetli kusmaya ba\u011fl\u0131 \u00f6zofagusun y\u0131rt\u0131lmas\u0131d\u0131r.<\/p>\n<p><span style=\"color:#FF8C00;\"><span style=\"font-size:16px;\"><strong><u>Yiyecekler<\/u><\/strong><\/span><\/span><\/p>\n<p>Hamilelikte d\u0131\u015fk\u0131n\u0131n siyah olmas\u0131ndan yedi\u011finiz yiyecekler de sorumlu olabilir. \u00d6zellikle yaban mersini ve meyank\u00f6k\u00fc gibi baz\u0131 besinlerin d\u0131\u015fk\u0131y\u0131 koyula\u015ft\u0131rd\u0131\u011f\u0131 bilinmektedir. Keza t\u00fcketti\u011fimiz yiyeceklerdeki g\u0131da boyalar\u0131 da d\u0131\u015fk\u0131n\u0131n rengini etkileyebilir. G\u00fcn boyu yediklerinizi not alarak d\u0131\u015fk\u0131y\u0131 hangi besinin siyahla\u015ft\u0131rd\u0131\u011f\u0131n\u0131 tespit edebilirsiniz.<\/p>\n<p><span style=\"color:#FF8C00;\"><span style=\"font-size:16px;\"><strong><u>\u0130la\u00e7lar\u0131n yan etkisi<\/u><\/strong><\/span><\/span><\/p>\n<p>Baz\u0131 ila\u00e7lar da yan etki olarak d\u0131\u015fk\u0131n\u0131n koyu renge d\u00f6n\u00fc\u015fmesine neden olabilir.&nbsp;Gebelikte kulland\u0131\u011f\u0131n\u0131z ila\u00e7lar\u0131 g\u00f6zden ge\u00e7irin, d\u0131\u015fk\u0131 rengini siyahla\u015ft\u0131ran ilac\u0131 doktorunuza dan\u0131\u015f\u0131p muadili ile de\u011fi\u015ftirebilirsiniz.<\/p>\n<p><span style=\"color:#006400;\"><span style=\"font-size:18px;\"><strong><u>Hamilelikte siyah d\u0131\u015fk\u0131 nas\u0131l normale d\u00f6ner?<\/u><\/strong><\/span><\/span><\/p>\n<p>Gebelikte d\u0131\u015fk\u0131n\u0131n siyah oldu\u011funu kad\u0131n do\u011fum uzman\u0131 olan doktorunuza bildirin. Doktor uygun g\u00f6r\u00fcrse sizden gaita testi veya endoskopi isteyecektir. Yahut demir ilac\u0131 alman\u0131z\u0131 bir s\u00fcre kesmenizi de isteyebilir.<\/p>\n<p><span style=\"color:#FF8C00;\"><span style=\"font-size:16px;\"><strong><u>Lif oran\u0131 y\u00fcksek g\u0131dalar t\u00fcketin<\/u><\/strong><\/span><\/span><\/p>\n<p>Gebelikte sebze ve meyveler gibi lif a\u00e7\u0131s\u0131ndan zengin g\u0131dalarla beslenmek gastrointestinal kanama, kab\u0131zl\u0131k ve hemoroit riskini azalt\u0131r, d\u0131\u015fk\u0131n\u0131n siyaha d\u00f6nmesini engeller.<\/p>\n<p><span style=\"color:#FF8C00;\"><span style=\"font-size:16px;\"><strong><u>Bol su i\u00e7in<\/u><\/strong><\/span><\/span><\/p>\n<p>Gebelik d\u00f6neminde g\u00fcnde 8-12 su barda\u011f\u0131 su i\u00e7meye \u00f6zen g\u00f6sterin. Su i\u00e7mek,&nbsp;bedeni toksinlerden ar\u0131nd\u0131r\u0131p d\u0131\u015fk\u0131n\u0131n koyu renge d\u00f6nmesini \u00f6nleyecektir. Suya alternatif olarak, g\u00fcnl\u00fck diyetinize taze meyve sular\u0131 ve di\u011fer sa\u011fl\u0131kl\u0131 i\u00e7ecekleri de dahil edebilirsiniz.<\/p>\n<p><span style=\"color:#FF8C00;\"><span style=\"font-size:16px;\"><strong><u>\u0130la\u00e7 kullan\u0131m\u0131na dikkat edin<\/u><\/strong><\/span><\/span><\/p>\n<p>Aspirin, Ibuprofen ve Naproksen gibi anti-inflamatuar ila\u00e7lar\u0131n hamilelikte uzun s\u00fcreli ve a\u015f\u0131r\u0131 kullan\u0131m\u0131ndan ka\u00e7\u0131n\u0131n; \u00e7\u00fcnk\u00fc bu ila\u00e7lar koyu renkli d\u0131\u015fk\u0131 riskini artt\u0131r\u0131rlar. Hamilelikte ila\u00e7 i\u00e7meden mutlaka doktorunuza dan\u0131\u015f\u0131n.<\/p>\n<p><span style=\"font-size:20px;\"><a href=\"https:\/\/www.mavikadin.com\/hamilelikte-nar-suyu-ve-narin-faydalari-nelerdir\" target=\"_blank\" rel=\"noopener\">Hamilelikte Nar Yemek Ve Gebe \u0130le Bebe\u011fe Faydalar\u0131 T\u0131klay\u0131n\u0131z<\/a><\/span><\/p>\n<p><span style=\"font-size:20px;\"><a href=\"https:\/\/www.mavikadin.com\/hamileler-mandalina-yiyebilirmi-hamilelikte-mandalina-zararli-mi\" target=\"_blank\" rel=\"noopener\"><span style=\"color:#FF0000;\">Hamilelikte Mandalinan\u0131n Gebeye Ve Bebe\u011fe Faydalar\u0131 Nelerdir? T\u0131klay\u0131n\u0131z<\/span><\/a><\/span><\/p>\n<p><span style=\"font-size:20px;\"><a href=\"https:\/\/www.mavikadin.com\/hamileler-mandalina-yiyebilirmi-hamilelikte-mandalina-zararli-mi\" target=\"_blank\" rel=\"noopener\">Hamilelikte Ayva Yemenin Gebeye Ve Bebe\u011fe 10 Faydas\u0131<\/a><a href=\"https:\/\/www.mavikadin.com\/hamilelikte-ayva-ne-zaman-yenmeli-ayva-yemek-gamze-yapar-mi\" target=\"_blank\" rel=\"noopener\">&nbsp;T\u0131klay\u0131n\u0131z<\/a><\/span><\/p>\n<p><span style=\"font-size:20px;\"><a href=\"https:\/\/www.mavikadin.com\/hamilelikte-bebegin-gelisimi-icin-neler-yemeli\" target=\"_blank\" rel=\"noopener\"><span style=\"color:#FF0000;\">Hamileyken Bebe\u011fe Kilo Ald\u0131ran Yiyecekler Nelerdir? T\u0131klay\u0131n\u0131z<\/span><\/a><\/span><\/p>\n","protected":false},"excerpt":{"rendered":"<p>Gebelik, sindirim sistemi de dahil olmak \u00fczere gebe kad\u0131n\u0131n v\u00fccudundaki hemen hemen her sistemde bir\u00e7ok de\u011fi\u015fikli\u011fe yol a\u00e7ar. Hamilelikte d\u0131\u015fk\u0131n\u0131n siyah olmas\u0131, Gebelik, sindirim sistemi de dahil olmak \u00fczere gebe kad\u0131n\u0131n v\u00fccudundaki hemen hemen her sistemde bir\u00e7ok de\u011fi\u015fikli\u011fe yol a\u00e7ar. Hamilelikte d\u0131\u015fk\u0131n\u0131n siyah olmas\u0131, koyula\u015fmas\u0131 da gebelerde s\u0131k kar\u015f\u0131la\u015f\u0131lan durumlardand\u0131r. \u0130\u015fte bu durumun nedenleri: Demir [&hellip;]<\/p>\n","protected":false},"author":30,"featured_media":41932,"comment_status":"closed","ping_status":"open","sticky":false,"template":"","format":"standard","meta":{"rank_math_lock_modified_date":false,"footnotes":""},"categories":[111],"tags":[32742,32744,2932,32743,32741],"class_list":["post-41933","post","type-post","status-publish","format-standard","has-post-thumbnail","hentry","category-anne-cocuk","tag-gebelikte-diski-rengi","tag-gebelikte-sindirim-sistemi","tag-hamilelikte-beslenme","tag-hamilelikte-demir-ilaci","tag-hamilelikte-siyah-diski"],"_links":{"self":[{"href":"https:\/\/www.tgrthaber.com\/mavikadin\/wp-json\/wp\/v2\/posts\/41933"}],"collection":[{"href":"https:\/\/www.tgrthaber.com\/mavikadin\/wp-json\/wp\/v2\/posts"}],"about":[{"href":"https:\/\/www.tgrthaber.com\/mavikadin\/wp-json\/wp\/v2\/types\/post"}],"author":[{"embeddable":true,"href":"https:\/\/www.tgrthaber.com\/mavikadin\/wp-json\/wp\/v2\/users\/30"}],"replies":[{"embeddable":true,"href":"https:\/\/www.tgrthaber.com\/mavikadin\/wp-json\/wp\/v2\/comments?post=41933"}],"version-history":[{"count":1,"href":"https:\/\/www.tgrthaber.com\/mavikadin\/wp-json\/wp\/v2\/posts\/41933\/revisions"}],"predecessor-version":[{"id":41934,"href":"https:\/\/www.tgrthaber.com\/mavikadin\/wp-json\/wp\/v2\/posts\/41933\/revisions\/41934"}],"wp:featuredmedia":[{"embeddable":true,"href":"https:\/\/www.tgrthaber.com\/mavikadin\/wp-json\/wp\/v2\/media\/41932"}],"wp:attachment":[{"href":"https:\/\/www.tgrthaber.com\/mavikadin\/wp-json\/wp\/v2\/media?parent=41933"}],"wp:term":[{"taxonomy":"category","embeddable":true,"href":"https:\/\/www.tgrthaber.com\/mavikadin\/wp-json\/wp\/v2\/categories?post=41933"},{"taxonomy":"post_tag","embeddable":true,"href":"https:\/\/www.tgrthaber.com\/mavikadin\/wp-json\/wp\/v2\/tags?post=41933"}],"curies":[{"name":"wp","href":"https:\/\/api.w.org\/{rel}","templated":true}]}}