{"id":41951,"date":"2016-11-30T00:16:54","date_gmt":"2016-11-29T21:16:54","guid":{"rendered":"https:\/\/new.mavikadin.com\/?p=41951"},"modified":"2024-09-16T10:26:26","modified_gmt":"2024-09-16T07:26:26","slug":"hamilelikte-bebegin-esinin-asagida-olmasi-bebek-ne-zaman-yukari-cikar","status":"publish","type":"post","link":"https:\/\/www.tgrthaber.com\/mavikadin\/hamilelikte-bebegin-esinin-asagida-olmasi-bebek-ne-zaman-yukari-cikar\/","title":{"rendered":"Hamilelikte Bebe\u011fin E\u015finin A\u015fa\u011f\u0131da Olmas\u0131, Bebek Ne Zaman Yukar\u0131 \u00c7\u0131kar?"},"content":{"rendered":"<p>Anne rahmindeki bebek, yemek, i\u00e7mek, oksijen ihtiyac\u0131 gibi her t\u00fcrl\u00fc besin gereksinimi annesinden kar\u015f\u0131lar. Anne ile bebek aras\u0131nda arac\u0131l\u0131k eden bu organa <\/p>\n<p>Anne rahmindeki bebek, yemek, i\u00e7mek, oksijen ihtiyac\u0131 gibi her t\u00fcrl\u00fc besin gereksinimi annesinden kar\u015f\u0131lar. Anne ile bebek aras\u0131nda arac\u0131l\u0131k eden bu organa \u201cplasenta\u201d denir. <strong>Plasenta, halk aras\u0131nda &#8220;bebe\u011fin e\u015fi&#8221; olarak adland\u0131r\u0131l\u0131r ve plasentan\u0131n a\u015fa\u011f\u0131da olmas\u0131 yani bebe\u011fin e\u015finin&nbsp;a\u015fa\u011f\u0131da, \u00f6nde olmas\u0131 gebelikte \u00e7ok s\u0131k kar\u015f\u0131la\u015f\u0131lan bir durumdur. Bu konuyu doktorlara sorduk, i\u015fte cevaplar\u0131:<\/strong><\/p>\n<p>Sual: Doktor,&nbsp;bebek e\u015finin&nbsp;yani plasentan\u0131n a\u015fa\u011f\u0131da oldu\u011funu s\u00f6yledi. Bu ne anlama geliyor?<\/p>\n<p>CEVAP<\/p>\n<p>Kad\u0131n Hastal\u0131klar\u0131 ve Do\u011fum Uzman\u0131 Dr. Murat Erdemir&#8217;in cevab\u0131: <strong>(Bebek e\u015finin a\u015fa\u011f\u0131da olmas\u0131,&nbsp;plasentan\u0131n rahimin alt k\u0131sm\u0131na yerle\u015fmesi demektir. Plasenta,&nbsp;anne ve bebek aras\u0131nda kan al\u0131\u015fveri\u015fini sa\u011flayan,&nbsp;bebe\u011finizi besleyen organd\u0131r. Gebeli\u011fin ilerleyen d\u00f6neminde \u00fcst k\u0131s\u0131mlara kayabilece\u011fi gibi d\u0131\u015far\u0131dan bir m\u00fcdahale yap\u0131lmas\u0131 m\u00fcmk\u00fcn de\u011fildir. Normal do\u011fum i\u00e7in plasentan\u0131n kanal\u0131 kapatt\u0131\u011f\u0131 durumlarda hastalara sezaryen uygulanmas\u0131 gereki<\/strong>r.)<\/p>\n<p>Sual: 23 haftal\u0131k hamileyim. 19&nbsp;haftal\u0131k hamileyken 2.d\u00fczey ultrasona&nbsp;girdim. Bebe\u011fin plasentas\u0131 12mm a\u015fa\u011f\u0131daym\u0131\u015f. Doktor yukar\u0131 \u00e7\u0131kmas\u0131 bekleniyor \u015feklinde rapora yazd\u0131. Vajina b\u00f6lgemde ve karn\u0131mda arada a\u011fr\u0131lar oluyor. Kalkt\u0131\u011f\u0131mda veya y\u00fcr\u00fcd\u00fc\u011f\u00fcmde bu a\u011fr\u0131lar\u0131 hissediyorum. Plasentan\u0131n 12 mm a\u015fa\u011f\u0131da olmas\u0131 tehlikeli bir durummudur?<\/p>\n<p>CEVAP<\/p>\n<p>Kad\u0131n Hastal\u0131klar\u0131 ve Do\u011fum Uzman\u0131 Dr. Kutlug\u00fcl Y\u00fcksel\u2019in cevab\u0131:(Plasentan\u0131n a\u015fa\u011f\u0131da olmas\u0131 sanc\u0131 yapmaz, sadece kanamaya neden olabilir ki bu kanama olursa sizin \u00f6nlem almak i\u00e7in yapabilece\u011finiz bir durum yoktur, sadece cinsel ili\u015fkiden ka\u00e7\u0131nmal\u0131s\u0131n\u0131z. Gebelik haftas\u0131 ilerledik\u00e7e plasenta yukar\u0131 do\u011fru \u00e7ekilir de alt segment internal os dan uzakla\u015f\u0131rsa kanama olas\u0131l\u0131\u011f\u0131 ortadan kalkabilir. Yak\u0131n takip gerekir. )<\/p>\n<p>Sual: 19 haftal\u0131k hamileyim, doktorum,&nbsp;plasentan\u0131n a\u015fa\u011f\u0131da oldu\u011funu&nbsp;bildirdi ancak,&nbsp;(Endi\u015feye mahal yok)&nbsp;dedi. Fakat ben tedirginim, ne tavsiye edersiniz?<\/p>\n<p>CEVAP<\/p>\n<p><strong>Kad\u0131n Hastal\u0131klar\u0131 ve Do\u011fum Uzman\u0131 Prof. Dr. \u0130smail Fahri \u00d6\u00e7er&#8217;in cevab\u0131: (Plasenta gebeli\u011fin ilerlemesiyle beraber yukar\u0131 \u00e7ekilene kadar ili\u015fkide bulunmaman\u0131z ve kab\u0131z kalmaman\u0131z \u00f6nemlidir. Rahim b\u00fcy\u00fcd\u00fck\u00e7e plasentan\u0131n yukar\u0131ya do\u011fru yer de\u011fi\u015ftirmesi beklenir.)<\/strong><\/p>\n<p>Sual: 28+6 haftal\u0131k hamileyim. Doktor,&nbsp;bebe\u011fin a\u015fa\u011f\u0131da oldu\u011funu s\u00f6yledi. Erken do\u011fum riski var m\u0131?<\/p>\n<p>CEVAP<\/p>\n<p><strong>Kad\u0131n Hastal\u0131klar\u0131 ve Do\u011fum Uzman\u0131 Dr. Ye\u015fim Yer\u00e7ok&#8217;un cevab\u0131: (Doktorunuz servikal uzunlu\u011fu \u00f6l\u00e7meli ve erken do\u011fum a\u00e7\u0131s\u0131ndan riskli olup olmad\u0131\u011f\u0131n\u0131za karar vermelidir.)<\/strong><\/p>\n<p>Sual:&nbsp;16 haftal\u0131k hamileyim. 3. aydan sonra ara ara s\u0131z\u0131nt\u0131 \u015feklinde kanamalar\u0131m vard\u0131.&nbsp;16. haftada doktor,&nbsp;bebe\u011fin e\u015finin a\u015fa\u011f\u0131da oldu\u011funu s\u00f6yledi.&nbsp;Bebe\u011fin e\u015fi ne zaman yukar\u0131 \u00e7\u0131kar?<\/p>\n<p>CEVAP<\/p>\n<p>Kad\u0131n Hastal\u0131klar\u0131 ve Do\u011fum Uzman\u0131 Dr. Veysel Toprak&#8217;\u0131n cevab\u0131:&nbsp;(Gebelik ba\u015flang\u0131c\u0131nda bebe\u011fin e\u015fi yani plasenta a\u015fa\u011f\u0131 yerle\u015fimli olabilir ve ilk aylarda kanama \u015feklinde semptom verir. \u0130lerleyen haftalarda yakla\u015f\u0131k olarak 25-28. haftalar gibi rahim b\u00fcy\u00fcd\u00fck\u00e7e rahime yap\u0131\u015f\u0131k olan e\u015f yukar\u0131 do\u011fru yer de\u011fi\u015ftirir. %80 d\u00fczelir. 7. aydan sonra tan\u0131 usg ile kesinle\u015fir. Bu s\u00fcre\u00e7te ili\u015fki yasak, a\u011f\u0131r i\u015f yasak, ayl\u0131k rutin kontrollere gitmeli, kanama miktar\u0131 artarsa hastaneye yat\u0131lmal\u0131, yatak istirahati ve bol bol su i\u00e7meli.)<\/p>\n<p>Sual: 19 haftal\u0131k gebeyim, doktor,&nbsp;plasenta a\u015fa\u011f\u0131da dedi. Bu ne demek, ne zaman yukar\u0131 \u00e7\u0131kar?<\/p>\n<p>CEVAP<\/p>\n<p>Kad\u0131n Hastal\u0131klar\u0131 ve Do\u011fum Uzman\u0131 Dr. Birg\u00fcl Karako\u00e7&#8217;un cevab\u0131: <strong>(Bebe\u011fin e\u015fi,&nbsp;gebeli\u011fin 24. haftas\u0131na kadar yukar\u0131 \u00e7\u0131kabilir, takip edilmesi gerekir. \u015eayet plasenta previa yani tamamen rahim a\u011fz\u0131n\u0131 kapatacak \u015fekilde kal\u0131r ise sezaryen ile do\u011fum yapman\u0131z gerekir<\/strong>. Ayr\u0131ca plasenta a\u015fa\u011f\u0131da oldu\u011fundan yukar\u0131 \u00e7\u0131kana kadar cinsel ili\u015fkide bulunmamal\u0131s\u0131n\u0131z, \u00e7ok \u0131k\u0131nmamal\u0131s\u0131n\u0131z, \u00e7\u00f6melerek i\u015f yapmamal\u0131s\u0131n\u0131z. 20-22. haftada detayl\u0131 ultrasonografiye girin ve sonras\u0131nda daha netle\u015fecektir.)<\/p>\n<p><span style=\"font-size:20px;\"><a href=\"https:\/\/www.mavikadin.com\/hamilelikte-nar-suyu-ve-narin-faydalari-nelerdir\" target=\"_blank\" rel=\"noopener\">Hamilelikte Nar Yemek Ve Gebe \u0130le Bebe\u011fe Faydalar\u0131 T\u0131klay\u0131n\u0131z<\/a><\/span><\/p>\n<p><span style=\"font-size:20px;\"><a href=\"https:\/\/www.mavikadin.com\/hamileler-mandalina-yiyebilirmi-hamilelikte-mandalina-zararli-mi\" target=\"_blank\" rel=\"noopener\"><span style=\"color:#FF0000;\">Hamilelikte Mandalinan\u0131n Gebeye Ve Bebe\u011fe Faydalar\u0131 Nelerdir? T\u0131klay\u0131n\u0131z<\/span><\/a><\/span><\/p>\n<p><span style=\"font-size:20px;\"><a href=\"https:\/\/www.mavikadin.com\/hamileler-mandalina-yiyebilirmi-hamilelikte-mandalina-zararli-mi\" target=\"_blank\" rel=\"noopener\">Hamilelikte Ayva Yemenin Gebeye Ve Bebe\u011fe 10 Faydas\u0131<\/a><a href=\"https:\/\/www.mavikadin.com\/hamilelikte-ayva-ne-zaman-yenmeli-ayva-yemek-gamze-yapar-mi\" target=\"_blank\" rel=\"noopener\">&nbsp;T\u0131klay\u0131n\u0131z<\/a><\/span><\/p>\n<p><span style=\"font-size:20px;\"><a href=\"https:\/\/www.mavikadin.com\/hamilelikte-bebegin-gelisimi-icin-neler-yemeli\" target=\"_blank\" rel=\"noopener\"><span style=\"color:#FF0000;\">Hamileyken Bebe\u011fe Kilo Ald\u0131ran Yiyecekler Nelerdir? T\u0131klay\u0131n\u0131z<\/span><\/a><\/span><\/p>\n","protected":false},"excerpt":{"rendered":"<p>Anne rahmindeki bebek, yemek, i\u00e7mek, oksijen ihtiyac\u0131 gibi her t\u00fcrl\u00fc besin gereksinimi annesinden kar\u015f\u0131lar. Anne ile bebek aras\u0131nda arac\u0131l\u0131k eden bu organa Anne rahmindeki bebek, yemek, i\u00e7mek, oksijen ihtiyac\u0131 gibi her t\u00fcrl\u00fc besin gereksinimi annesinden kar\u015f\u0131lar. Anne ile bebek aras\u0131nda arac\u0131l\u0131k eden bu organa \u201cplasenta\u201d denir. Plasenta, halk aras\u0131nda &#8220;bebe\u011fin e\u015fi&#8221; olarak adland\u0131r\u0131l\u0131r ve plasentan\u0131n [&hellip;]<\/p>\n","protected":false},"author":30,"featured_media":41950,"comment_status":"closed","ping_status":"open","sticky":false,"template":"","format":"standard","meta":{"rank_math_lock_modified_date":false,"footnotes":""},"categories":[111],"tags":[32761,32762,32562,32759,32760],"class_list":["post-41951","post","type-post","status-publish","format-standard","has-post-thumbnail","hentry","category-anne-cocuk","tag-bebegin-esi-asagida","tag-gebelik-kanama","tag-hamilelikte-agri","tag-hamilelikte-plasenta","tag-plasenta-previa"],"_links":{"self":[{"href":"https:\/\/www.tgrthaber.com\/mavikadin\/wp-json\/wp\/v2\/posts\/41951"}],"collection":[{"href":"https:\/\/www.tgrthaber.com\/mavikadin\/wp-json\/wp\/v2\/posts"}],"about":[{"href":"https:\/\/www.tgrthaber.com\/mavikadin\/wp-json\/wp\/v2\/types\/post"}],"author":[{"embeddable":true,"href":"https:\/\/www.tgrthaber.com\/mavikadin\/wp-json\/wp\/v2\/users\/30"}],"replies":[{"embeddable":true,"href":"https:\/\/www.tgrthaber.com\/mavikadin\/wp-json\/wp\/v2\/comments?post=41951"}],"version-history":[{"count":1,"href":"https:\/\/www.tgrthaber.com\/mavikadin\/wp-json\/wp\/v2\/posts\/41951\/revisions"}],"predecessor-version":[{"id":41952,"href":"https:\/\/www.tgrthaber.com\/mavikadin\/wp-json\/wp\/v2\/posts\/41951\/revisions\/41952"}],"wp:featuredmedia":[{"embeddable":true,"href":"https:\/\/www.tgrthaber.com\/mavikadin\/wp-json\/wp\/v2\/media\/41950"}],"wp:attachment":[{"href":"https:\/\/www.tgrthaber.com\/mavikadin\/wp-json\/wp\/v2\/media?parent=41951"}],"wp:term":[{"taxonomy":"category","embeddable":true,"href":"https:\/\/www.tgrthaber.com\/mavikadin\/wp-json\/wp\/v2\/categories?post=41951"},{"taxonomy":"post_tag","embeddable":true,"href":"https:\/\/www.tgrthaber.com\/mavikadin\/wp-json\/wp\/v2\/tags?post=41951"}],"curies":[{"name":"wp","href":"https:\/\/api.w.org\/{rel}","templated":true}]}}