{"id":41978,"date":"2016-12-06T21:55:04","date_gmt":"2016-12-06T18:55:04","guid":{"rendered":"https:\/\/new.mavikadin.com\/?p=41978"},"modified":"2024-09-16T10:26:52","modified_gmt":"2024-09-16T07:26:52","slug":"bebek-anne-karninda-neden-olur-olen-bebek-anneyi-kac-gunde-zehirler","status":"publish","type":"post","link":"https:\/\/www.tgrthaber.com\/mavikadin\/bebek-anne-karninda-neden-olur-olen-bebek-anneyi-kac-gunde-zehirler\/","title":{"rendered":"Bebek Anne Karn\u0131nda Neden \u00d6l\u00fcr, \u00d6len Bebek Anneyi Ka\u00e7 G\u00fcnde Zehirler?"},"content":{"rendered":"<p>Anne karn\u0131nda bebek \u00f6l\u00fcm\u00fc, d\u00fc\u015f\u00fck veya \u00f6l\u00fc do\u011fumdan kaynaklanmaktad\u0131r. \u00d6l\u00fc do\u011fum normalde fet\u00fcs\u00fcn, gebeli\u011fin ilk 20 haftas\u0131nda \u00f6lmesinin bir sonucu olarak <\/p>\n<p>Anne karn\u0131nda bebek \u00f6l\u00fcm\u00fc, d\u00fc\u015f\u00fck veya \u00f6l\u00fc do\u011fumdan kaynaklanmaktad\u0131r. \u00d6l\u00fc do\u011fum normalde fet\u00fcs\u00fcn, gebeli\u011fin ilk 20 haftas\u0131nda \u00f6lmesinin bir sonucu olarak ger\u00e7ekle\u015fir. Her 160 gebelikte, 1 \u00f6l\u00fc do\u011fum yapma riski vard\u0131r. Fet\u00fcs\u00fcn uzun s\u00fcre hi\u00e7 hareket etmemesi, bebek \u00f6l\u00fcm\u00fcn\u00fcn&nbsp;en \u00f6nemli belirtisidir. Anne karn\u0131ndaki bebek \u00f6l\u00fcm\u00fc ultrason ile tespit edilir. \u015eayet ultrasonda bebe\u011fin kalp at\u0131\u015flar\u0131 duyulmuyorsa bebe\u011fin kaybedildi\u011fi anla\u015f\u0131l\u0131r.<\/p>\n<p><strong>Hamilelikte anne karn\u0131ndaki bebek \u00f6l\u00fcm\u00fcn\u00fcn \u00e7e\u015fitli nedenleri vard\u0131r. En s\u0131k kar\u015f\u0131la\u015f\u0131lan nedenler ise \u015funlard\u0131r:<\/strong><\/p>\n<p><span style=\"color:#FF8C00;\"><span style=\"font-size:16px;\"><strong><u>Plasentan\u0131n erken ayr\u0131lmas\u0131 (Dekolman plasenta)<\/u><\/strong><\/span><\/span><\/p>\n<p>Plasentan\u0131n erken ayr\u0131lmas\u0131 hamilelikte, nadir g\u00f6r\u00fclen fakat hem anne hem de bebe\u011fin hayat\u0131n\u0131 tehlikeye atabilen \u00e7ok ciddi bir komplikasyondur. Plasentan\u0131n do\u011fumdan \u00f6nce rahim duvar\u0131ndan ayr\u0131lmas\u0131na,&nbsp;plasentan\u0131n erken ayr\u0131lmas\u0131 denir. Gebeli\u011fin son d\u00f6nemlerinde g\u00f6r\u00fclen bebek \u00f6l\u00fcmlerinin en \u00f6nemli ve en s\u0131k g\u00f6r\u00fclen&nbsp;nedenidir.&nbsp;<\/p>\n<p><span style=\"color:#FF8C00;\"><span style=\"font-size:16px;\"><strong><u>Fet\u00fcste geli\u015fim gerili\u011fi olmas\u0131<\/u><\/strong><\/span><\/span><\/p>\n<p>Fet\u00fcsteki geli\u015fim gerili\u011fi, \u00f6zellikle b\u00fcy\u00fcmenin \u00f6nemli derecede etkilendi\u011fi b\u00f6lgelerdeki gerilik,&nbsp;anne karn\u0131ndaki bebek \u00f6l\u00fcm riskini artt\u0131r\u0131r.<\/p>\n<p><span style=\"color:#FF8C00;\"><span style=\"font-size:16px;\"><strong><u>Do\u011fum kusurlar\u0131<\/u><\/strong><\/span><\/span><\/p>\n<p>Genetik ve kromozom anomalileri ile yap\u0131sal kusurlar da anne karn\u0131ndaki bebek \u00f6l\u00fcm\u00fcn\u00fcn olas\u0131 nedenleri aras\u0131nda yer al\u0131r.<\/p>\n<p><span style=\"color:#FF8C00;\"><span style=\"font-size:16px;\"><strong><u>Enfeksiyonlar<\/u><\/strong><\/span><\/span><\/p>\n<p>Gebelikte ge\u00e7irdi\u011finiz enfeksiyonlar size ve bebe\u011finize zarar verebilir. Bu durum \u00f6zellikle hamileli\u011fin 28. haftas\u0131ndan \u00f6nce yayg\u0131n olarak g\u00f6r\u00fcl\u00fcr. Sitomegalovir\u00fcs, be\u015finci hastal\u0131klar, sifiliz ve listeriyozu bu t\u00fcr enfeksiyonlardand\u0131r.<\/p>\n<p><span style=\"color:#FF8C00;\"><span style=\"font-size:16px;\"><strong><u>Kordon kazalar\u0131&nbsp;<\/u><\/strong><\/span><\/span><\/p>\n<p>Anne karn\u0131nda g\u00f6bek kordonunda meydana gelen herhangi bir soruna kordon kazas\u0131 denir. Bu olumsuzluk kordonun bebe\u011fin boynuna dolanmas\u0131 olabilece\u011fi gibi, kordon sarkmas\u0131 hatta kordon i\u00e7indeki damarlar\u0131n y\u0131rt\u0131lmas\u0131 da olabilir. Kordonda d\u00fc\u011f\u00fcm olmas\u0131, boyunda kordon dolanmas\u0131 ve kordon sarkmas\u0131 gibi nedenler de,&nbsp;hamilelikte bebe\u011fin anne karn\u0131nda \u00f6lmesine yol a\u00e7abilir.<\/p>\n<p><span style=\"color:#FF8C00;\"><span style=\"font-size:16px;\"><strong><u>Anne karn\u0131nda bebek \u00f6l\u00fcm\u00fcne yol a\u00e7an di\u011fer nedenler;<\/u><\/strong><\/span><\/span><\/p>\n<ol>\n<li>\u00c7e\u015fitli ila\u00e7lar\u0131n yan etkileri<\/li>\n<li>Bebe\u011fin oksijensiz kalmas\u0131&nbsp;<\/li>\n<li>Kar\u0131n b\u00f6lgesine al\u0131nan darbe<\/li>\n<li>Kar\u0131 kocada kan uyu\u015fmazl\u0131\u011f\u0131<\/li>\n<li>Hamilelikte y\u00fcksek tansiyon<\/li>\n<li>Kromozomal hastal\u0131klar<\/li>\n<li>Kal\u0131tsal genetik bozukluklar<\/li>\n<li>Plasenta&nbsp;(Bebek E\u015fi)nin rahim duvar\u0131ndan ayr\u0131lmas\u0131 ve kanamas\u0131<\/li>\n<li>Plasentaya giden kan ak\u0131m\u0131nda azalma<\/li>\n<li>Anne karn\u0131nda geli\u015fme gerili\u011fi<\/li>\n<\/ol>\n<p><span style=\"color:#FF8C00;\"><span style=\"font-size:16px;\"><strong><u>Hamilelikte anne karn\u0131nda bebek \u00f6l\u00fcm\u00fc belirtileri<\/u><\/strong><\/span><\/span><\/p>\n<ol>\n<li>Bebe\u011fin hareket etmemesi<\/li>\n<li>Vajinal kanama<\/li>\n<li>Alt kar\u0131n b\u00f6lgesinde a\u011fr\u0131<\/li>\n<li>Hafif lekelenme veya pembemsi kanama<\/li>\n<li>Bel ve s\u0131rt a\u011fr\u0131lar\u0131<\/li>\n<li>Mide bulant\u0131s\u0131, kusma, kokuya kar\u015f\u0131 hassasiyetin art\u0131k g\u00f6r\u00fclmemesi<\/li>\n<li>Kas\u0131k a\u011fr\u0131s\u0131<\/li>\n<\/ol>\n<p><span style=\"color:#FF8C00;\"><span style=\"font-size:16px;\"><strong><u>Anne karn\u0131nda \u00f6len bebek anneyi ka\u00e7 g\u00fcnde zehirler?<\/u><\/strong><\/span><\/span><\/p>\n<p>Gebelik haftas\u0131 10. haftan\u0131n alt\u0131nda ise anne aday\u0131n\u0131 zehirleme ihtimali yoktur. 10. haftadan sonra ise 1-2 hafta ge\u00e7tikten sonra bebek anneyi zehirlemeye ba\u015flayabilir. Anne adaylar\u0131n\u0131n en b\u00fcy\u00fck korkular\u0131ndan bir tanesi,&nbsp;bebe\u011fin karn\u0131nda \u00f6ld\u00fc\u011f\u00fc zaman onu zehirlemesidir. Bu ihtimal gebelik haftas\u0131 ilerledik\u00e7e artar. Ufak gebelik haftalar\u0131nda b\u00f6yle bir ihtimal hemen hemen yoktur.<\/p>\n<p><span style=\"color:#FF8C00;\"><span style=\"font-size:16px;\"><strong><u>Anne karn\u0131nda bebek \u00f6l\u00fcm\u00fc ile ilgili doktorlara sorular;<\/u><\/strong><\/span><\/span><\/p>\n<p>Sual: Bebek anne karn\u0131nda \u00f6l\u00fcrse,&nbsp;k\u00fcrtaj m\u0131 yap\u0131l\u0131r yoksa d\u00fc\u015f\u00fck m\u00fc yapt\u0131r\u0131l\u0131r?<\/p>\n<p>CEVAP<\/p>\n<p>Kad\u0131n Hastal\u0131klar\u0131 ve Do\u011fum Uzman\u0131 Op. Dr. \u00d6znur G\u00f6k\u00e7en&#8217;in cevab\u0131: (Bebe\u011fin anne karn\u0131nda hayat\u0131n\u0131 kaybetti\u011fi haftaya g\u00f6re k\u00fcrtaj ya da d\u00fc\u015f\u00fck karar\u0131 al\u0131nabilir. Ayr\u0131ca bu karar\u0131 almakta rahmin ve rahim a\u011fz\u0131n\u0131n bebek \u00f6ld\u00fc\u011f\u00fcndeki durumu da etkilidir. Erken bebek \u00f6l\u00fcmleri veya kanamal\u0131 d\u00fc\u015f\u00fcklerde gebelik k\u00fcrtaj yoluyla sonland\u0131r\u0131l\u0131r. Gebeli\u011fin daha ileriki haftalar\u0131nda rastlan\u0131lan bebek \u00f6l\u00fcmlerinde ise suni sanc\u0131 ya da rahmin a\u011fz\u0131n\u0131n a\u00e7\u0131lmas\u0131n\u0131 sa\u011flayan ila\u00e7lar yard\u0131m\u0131yla d\u00fc\u015f\u00fck ger\u00e7ekle\u015ftirilir.)<\/p>\n<p>\nSual:&nbsp;7 haftal\u0131k gebeyim. Rahimde bebe\u011fin kalbinin durup \u00f6ld\u00fc\u011f\u00fc, suni sanc\u0131 ya&nbsp;da k\u00fcrtajla \u00f6l\u00fc bebe\u011fi \u00e7\u0131karacaklar\u0131n\u0131 bildirdiler.&nbsp;Ba\u015fka yolu yok mudur?<\/p>\n<p>CEVAP<\/p>\n<p>Kad\u0131n Do\u011fum Uzman\u0131 Dr. Kutlug\u00fcl Y\u00fcksel&#8217;in cevab\u0131: (Yurtd\u0131\u015f\u0131nda d\u00fc\u015f\u00fck i\u00e7in ila\u00e7lar vard\u0131r fakat \u00fclkemizde bu ila\u00e7lar\u0131n eczanede sat\u0131lmas\u0131 yasakt\u0131r. K\u00fcrtaj olman\u0131z uygundur.)<\/p>\n","protected":false},"excerpt":{"rendered":"<p>Anne karn\u0131nda bebek \u00f6l\u00fcm\u00fc, d\u00fc\u015f\u00fck veya \u00f6l\u00fc do\u011fumdan kaynaklanmaktad\u0131r. \u00d6l\u00fc do\u011fum normalde fet\u00fcs\u00fcn, gebeli\u011fin ilk 20 haftas\u0131nda \u00f6lmesinin bir sonucu olarak Anne karn\u0131nda bebek \u00f6l\u00fcm\u00fc, d\u00fc\u015f\u00fck veya \u00f6l\u00fc do\u011fumdan kaynaklanmaktad\u0131r. \u00d6l\u00fc do\u011fum normalde fet\u00fcs\u00fcn, gebeli\u011fin ilk 20 haftas\u0131nda \u00f6lmesinin bir sonucu olarak ger\u00e7ekle\u015fir. Her 160 gebelikte, 1 \u00f6l\u00fc do\u011fum yapma riski vard\u0131r. Fet\u00fcs\u00fcn uzun s\u00fcre [&hellip;]<\/p>\n","protected":false},"author":30,"featured_media":41977,"comment_status":"closed","ping_status":"open","sticky":false,"template":"","format":"standard","meta":{"rank_math_lock_modified_date":false,"footnotes":""},"categories":[111],"tags":[32767,32797,32799,32768,32798],"class_list":["post-41978","post","type-post","status-publish","format-standard","has-post-thumbnail","hentry","category-anne-cocuk","tag-anne-karninda-olum","tag-bebek-olumu","tag-fetal-olum","tag-hamilelik-komplikasyonlari","tag-olu-dogum"],"_links":{"self":[{"href":"https:\/\/www.tgrthaber.com\/mavikadin\/wp-json\/wp\/v2\/posts\/41978"}],"collection":[{"href":"https:\/\/www.tgrthaber.com\/mavikadin\/wp-json\/wp\/v2\/posts"}],"about":[{"href":"https:\/\/www.tgrthaber.com\/mavikadin\/wp-json\/wp\/v2\/types\/post"}],"author":[{"embeddable":true,"href":"https:\/\/www.tgrthaber.com\/mavikadin\/wp-json\/wp\/v2\/users\/30"}],"replies":[{"embeddable":true,"href":"https:\/\/www.tgrthaber.com\/mavikadin\/wp-json\/wp\/v2\/comments?post=41978"}],"version-history":[{"count":1,"href":"https:\/\/www.tgrthaber.com\/mavikadin\/wp-json\/wp\/v2\/posts\/41978\/revisions"}],"predecessor-version":[{"id":41979,"href":"https:\/\/www.tgrthaber.com\/mavikadin\/wp-json\/wp\/v2\/posts\/41978\/revisions\/41979"}],"wp:featuredmedia":[{"embeddable":true,"href":"https:\/\/www.tgrthaber.com\/mavikadin\/wp-json\/wp\/v2\/media\/41977"}],"wp:attachment":[{"href":"https:\/\/www.tgrthaber.com\/mavikadin\/wp-json\/wp\/v2\/media?parent=41978"}],"wp:term":[{"taxonomy":"category","embeddable":true,"href":"https:\/\/www.tgrthaber.com\/mavikadin\/wp-json\/wp\/v2\/categories?post=41978"},{"taxonomy":"post_tag","embeddable":true,"href":"https:\/\/www.tgrthaber.com\/mavikadin\/wp-json\/wp\/v2\/tags?post=41978"}],"curies":[{"name":"wp","href":"https:\/\/api.w.org\/{rel}","templated":true}]}}