{"id":41987,"date":"2016-12-08T22:49:03","date_gmt":"2016-12-08T19:49:03","guid":{"rendered":"https:\/\/new.mavikadin.com\/?p=41987"},"modified":"2024-09-16T10:27:00","modified_gmt":"2024-09-16T07:27:00","slug":"bebeklerde-dudak-kurumasi-nedenleri-ve-tedavisi","status":"publish","type":"post","link":"https:\/\/www.tgrthaber.com\/mavikadin\/bebeklerde-dudak-kurumasi-nedenleri-ve-tedavisi\/","title":{"rendered":"Bebeklerde Dudak Kurumas\u0131 Nedenleri Ve Tedavisi"},"content":{"rendered":"<p>Bebeklerde dudak \u00e7atlamas\u0131 ve kurumas\u0131,\u00a0yenido\u011fan da dahil t\u00fcm bebeklerde s\u0131k kar\u015f\u0131la\u015f\u0131lan bir durumdur.<\/p>\n<p>Bebeklerde dudak \u00e7atlamas\u0131 ve kurumas\u0131,&nbsp;yenido\u011fan da dahil t\u00fcm bebeklerde s\u0131k kar\u015f\u0131la\u015f\u0131lan bir durumdur. \u00c7inko gibi baz\u0131 vitaminlerin eksiklikleri, bebe\u011fin yetersiz s\u0131v\u0131 al\u0131m\u0131, so\u011fuk alg\u0131nl\u0131\u011f\u0131 olan bebe\u011fin a\u011f\u0131zdan nefes al\u0131p vermesi, \u015feker hastal\u0131\u011f\u0131,&nbsp;bebeklerde dudak \u00e7atlamas\u0131na yol a\u00e7an nedenlerdendir.<\/p>\n<p><span style=\"color:#FF8C00;\"><span style=\"font-size:16px;\"><strong><u>Bebeklerde dudak \u00e7atlamas\u0131 ve kurulu\u011fu nedenleri<\/u><\/strong><\/span><\/span><\/p>\n<ol>\n<li>Bebeklerde dudak kurulu\u011funun, \u00e7atlamas\u0131n\u0131n en s\u0131k kar\u015f\u0131la\u015f\u0131lan nedeni,dehidrasyon yani bebe\u011fin s\u0131v\u0131 ihtiyac\u0131n\u0131n yeterince kar\u015f\u0131lanmamas\u0131d\u0131r. Bunun i\u00e7in bebe\u011finizi s\u0131k s\u0131k emzirmelisiniz.<\/li>\n<li>A vitamini eksikli\u011fi, B vitamini eksikli\u011fi, B2 vitamini ve C vitamini eksikli\u011fi de bebekte dudak kurumas\u0131 yapabilir.<\/li>\n<li>Uzun s\u00fcre r\u00fczgara veya g\u00fcne\u015fli havaya maruz kalma da,&nbsp;bebe\u011fin duda\u011f\u0131ndaki nemi giderip kurulu\u011fa, \u00e7atlamaya neden olur.<\/li>\n<li>Bebeklerde dudakta \u00e7atlaklar,&nbsp;\u015feker hastal\u0131\u011f\u0131na da i\u015faret edebilir.&nbsp;<\/li>\n<li>Bebe\u011finiz duda\u011f\u0131n\u0131 s\u0131k yal\u0131yorsa,&nbsp;bu durum dudakta \u00e7atlama ve kuruluk yapabilir.<\/li>\n<li>Demir eksikli\u011fi kans\u0131zl\u0131k yapar. Kans\u0131zl\u0131k da bebekte dudak kurulu\u011funa yol a\u00e7abilir.<\/li>\n<li>Kawasaki hastal\u0131\u011f\u0131,&nbsp;Sj\u00f6gren sendromu,&nbsp;Makrositoz hastal\u0131\u011f\u0131 da bebeklerde dudak kurulu\u011fu nedenlerindendir.<\/li>\n<\/ol>\n<p><span style=\"color:#FF8C00;\"><span style=\"font-size:16px;\"><strong><u>Bebeklerde dudak \u00e7atla\u011f\u0131 ve kurulu\u011fu nas\u0131l ge\u00e7er?<\/u><\/strong><\/span><\/span><\/p>\n<ol>\n<li>Bebe\u011finiz s\u0131k s\u0131k dudak \u00e7atlamas\u0131,kurumas\u0131&nbsp;sorunu ya\u015f\u0131yorsa,&nbsp;onu en k\u0131sa zamanda bir \u00e7ocuk doktoruna g\u00f6t\u00fcrmelisiniz. Doktordan bebe\u011fe vitamin ve kan testi yap\u0131lmas\u0131n\u0131 rica etmelisiniz. \u015eayet kans\u0131zl\u0131k veya vitamin eksikli\u011fi varsa ilk olarak bunlar\u0131n giderilmesi hedeflenmelidir.<\/li>\n<li>Bebe\u011finizin \u00e7atlam\u0131\u015f dudaklar\u0131na biraz kendi anne s\u00fct\u00fcn\u00fczden s\u00fcrebilirsiniz. Kendi s\u00fct\u00fcn\u00fcz bebe\u011fin dudaklar\u0131n\u0131 nemlendirmekle kalmaz, \u00e7atlaktan dolay\u0131 meydana gelebilecek enfeksiyonu \u00f6nlemeye de yard\u0131mc\u0131 olur.<\/li>\n<li>Geceleri bebe\u011finizin odas\u0131nda buhar makinesi \u00e7al\u0131\u015ft\u0131r\u0131n. Odadaki nem seviyesini art\u0131rmak, bebe\u011finizin dudaklar\u0131n\u0131 ve cildini&nbsp;nemlendirmeye yard\u0131mc\u0131 olacakt\u0131r.<\/li>\n<li>Yatmadan hemen \u00f6nce, pamuklu \u00e7ubukla bebe\u011fin dudaklar\u0131na az miktarda zeytinya\u011f\u0131 s\u00fcr\u00fcn. Zeytinya\u011f\u0131 bebe\u011fin dudaklar\u0131n\u0131 nemli tutarken, salyan\u0131n dudaklara zarar vermesini de \u00f6nler.<\/li>\n<li>Bebe\u011finizin duda\u011f\u0131na lanolin s\u00fcr\u00fcn. Yenido\u011fan bebeklerde dudak \u00e7atlamas\u0131n\u0131 \u00f6nlemek i\u00e7in de kullan\u0131labilir. Lansinoh gibi lanolin kremlerini eczaneden yahut internetten temin edebilirsiniz. Lanolin normalde emziren anneler taraf\u0131ndan kuru, \u00e7atlam\u0131\u015f meme u\u00e7lar\u0131n\u0131 iyile\u015ftirmek i\u00e7in kullan\u0131lan bir kremdir. Lansinohin yenido\u011fanlarda kullan\u0131m\u0131 da g\u00fcvenlidir.<\/li>\n<li>Bebe\u011finizi d\u0131\u015far\u0131 \u00e7\u0131karmadan \u00f6nce a\u011f\u0131z k\u0131sm\u0131n\u0131 ince t\u00fclbent gibi bir bezle \u00f6rtmeniz de dudaklar\u0131n\u0131n g\u00fcne\u015ften, r\u00fczgardan dolay\u0131 kurumas\u0131n\u0131 \u00f6nleyecektir.<\/li>\n<\/ol>\n<p><span style=\"color:#FF8C00;\"><span style=\"font-size:16px;\"><strong><u>Bebeklerde dudak \u00e7atla\u011f\u0131 nas\u0131l ge\u00e7er? Doktorlar cevapl\u0131yor<\/u><\/strong><\/span><\/span><\/p>\n<p>Sual: \u00c7ocu\u011fumun belli bir hastal\u0131\u011f\u0131 olmamas\u0131na ra\u011fmen genellikle dudaklar\u0131 kuruyup \u00e7atl\u0131yor,&nbsp;nedeni neler olabilir?&nbsp;<\/p>\n<p>CEVAP<\/p>\n<p>\u00c7ocuk Sa\u011fl\u0131\u011f\u0131 Ve Hastal\u0131klar\u0131 Uzman\u0131 Dr. Bar\u0131\u015f \u0130lhan&#8217;\u0131n cevab\u0131: (Dudak emme ya da so\u011fuk havaya ba\u011fl\u0131 olabilir dudak kurumas\u0131. Nemlendirici krem kullanabilirsiniz.)<\/p>\n<p>Sual: Bebe\u011fim 24 ayl\u0131k.&nbsp;Dudaklar\u0131 s\u00fcrekli \u00e7atl\u0131yor ve kan\u0131yor,&nbsp;bu durum neden olabilir?<\/p>\n<p>CEVAP<\/p>\n<p>\u00c7ocuk Sa\u011fl\u0131\u011f\u0131 Ve Hastal\u0131klar\u0131 Uzman\u0131 Dr. Murat Ayd\u0131n&#8217;\u0131n cevab\u0131: (Vitamin eksikli\u011fi \u00f6zellikle&nbsp;C&nbsp;vitamininin az al\u0131m\u0131nda bu durumlar olabilir fakat muayene ettirmeniz ve ona g\u00f6re doktorunuzun \u00f6nerisini yerine getirmeniz daha uygun olur.)<\/p>\n<p>Sual: Merhaba 2,5 ya\u015f\u0131ndaki k\u0131z\u0131m\u0131n dudaklar\u0131 kuruyor,&nbsp;bu nedenle \u00e7atlama oluyor ve kan\u0131yor. Nedeni ne olabilir,&nbsp;ne yapmam gerekir?<\/p>\n<p>CEVAP<\/p>\n<p>\u00c7ocuk Sa\u011fl\u0131\u011f\u0131 Ve Hastal\u0131klar\u0131 Uzman\u0131 Dr. Halit \u00d6zkaya&#8217;n\u0131n cevab\u0131: (\u00c7ok s\u0131k rastlan\u0131lan bir sorun. Genelde stresli \u00e7ocuklarda dudaklar\u0131n\u0131 yalamas\u0131 sonucu oluyor. &nbsp;nemlendirici bir kremi dudaklar\u0131na s\u00fcrebilirsiniz. Dudaklar\u0131n\u0131 yalamamas\u0131 konusunda s\u0131k s\u0131k uyar\u0131y\u0131 yap\u0131yorsan\u0131z bunu yapmay\u0131n l\u00fctfen. Bir s\u00fcre sonra dudaklar\u0131n\u0131 yalamaktan vazge\u00e7ecek ve d\u00fczelecektir.)<\/p>\n<p>not: Doktorunuza dan\u0131\u015fmadan hi\u00e7 bir ilac\u0131 kullanmay\u0131n.&nbsp;<\/p>\n<p><span style=\"font-size:20px;\"><a href=\"https:\/\/www.mavikadin.com\/bebekler-icin-uyku-surubu-uyku-damlasi-uyku-ilaci-markalari-nelerdir\" target=\"_blank\" rel=\"noopener\">Bebekler \u0130\u00e7in Uyku \u015eurubu, Uyku Damlas\u0131, Uyku \u0130lac\u0131 Markalar\u0131 Nelerdir T\u0131klay\u0131n\u0131z<\/a><\/span><\/p>\n<p><span style=\"font-size:20px;\"><a href=\"https:\/\/www.mavikadin.com\/bebeklerde-kan-ilaci-kabizlik-ishal-ve-dislerde-leke-yapar-mi\" target=\"_blank\" rel=\"noopener\"><span style=\"color:#FF0000;\">Bebeklerde Kan \u0130lac\u0131 Kullan\u0131m\u0131 ( Doktorlar Bilgi Veriyor) T\u0131klay\u0131n\u0131z<\/span><\/a><\/span><\/p>\n<p><span style=\"font-size:20px;\"><a href=\"https:\/\/www.mavikadin.com\/bebeklere-gaz-yapmayan-mama-markalari-neledir\" target=\"_blank\" rel=\"noopener\">Bebeklerde Gaz Yapmayan Mama Markalar\u0131 \u0130\u00e7in T\u0131klay\u0131n\u0131z<\/a><\/span><\/p>\n<p><span style=\"font-size:20px;\"><a href=\"https:\/\/www.mavikadin.com\/bebek-gazi-ilaci-ve-gaz-damlasi-markalari-doktorlar-bilgi-veriyor\" target=\"_blank\" rel=\"noopener\"><span style=\"color:#FF0000;\">Bebekler \u0130\u00e7in Gaz Giderici \u0130la\u00e7lar Nelerdir? Doktorlar Cevapl\u0131yor T\u0131klay\u0131n\u0131z<\/span><\/a><\/span><\/p>\n","protected":false},"excerpt":{"rendered":"<p>Bebeklerde dudak \u00e7atlamas\u0131 ve kurumas\u0131,\u00a0yenido\u011fan da dahil t\u00fcm bebeklerde s\u0131k kar\u015f\u0131la\u015f\u0131lan bir durumdur. Bebeklerde dudak \u00e7atlamas\u0131 ve kurumas\u0131,&nbsp;yenido\u011fan da dahil t\u00fcm bebeklerde s\u0131k kar\u015f\u0131la\u015f\u0131lan bir durumdur. \u00c7inko gibi baz\u0131 vitaminlerin eksiklikleri, bebe\u011fin yetersiz s\u0131v\u0131 al\u0131m\u0131, so\u011fuk alg\u0131nl\u0131\u011f\u0131 olan bebe\u011fin a\u011f\u0131zdan nefes al\u0131p vermesi, \u015feker hastal\u0131\u011f\u0131,&nbsp;bebeklerde dudak \u00e7atlamas\u0131na yol a\u00e7an nedenlerdendir. Bebeklerde dudak \u00e7atlamas\u0131 ve kurulu\u011fu [&hellip;]<\/p>\n","protected":false},"author":30,"featured_media":41986,"comment_status":"closed","ping_status":"open","sticky":false,"template":"","format":"standard","meta":{"rank_math_lock_modified_date":false,"footnotes":""},"categories":[111],"tags":[32810,32809,5881,32808,32811],"class_list":["post-41987","post","type-post","status-publish","format-standard","has-post-thumbnail","hentry","category-anne-cocuk","tag-bebek-dudak-bakimi","tag-bebek-dudak-catlamasi","tag-bebek-sagligi","tag-bebeklerde-dudak-kurumasi","tag-yenidogan-dudak-catlamasi"],"_links":{"self":[{"href":"https:\/\/www.tgrthaber.com\/mavikadin\/wp-json\/wp\/v2\/posts\/41987"}],"collection":[{"href":"https:\/\/www.tgrthaber.com\/mavikadin\/wp-json\/wp\/v2\/posts"}],"about":[{"href":"https:\/\/www.tgrthaber.com\/mavikadin\/wp-json\/wp\/v2\/types\/post"}],"author":[{"embeddable":true,"href":"https:\/\/www.tgrthaber.com\/mavikadin\/wp-json\/wp\/v2\/users\/30"}],"replies":[{"embeddable":true,"href":"https:\/\/www.tgrthaber.com\/mavikadin\/wp-json\/wp\/v2\/comments?post=41987"}],"version-history":[{"count":1,"href":"https:\/\/www.tgrthaber.com\/mavikadin\/wp-json\/wp\/v2\/posts\/41987\/revisions"}],"predecessor-version":[{"id":41988,"href":"https:\/\/www.tgrthaber.com\/mavikadin\/wp-json\/wp\/v2\/posts\/41987\/revisions\/41988"}],"wp:featuredmedia":[{"embeddable":true,"href":"https:\/\/www.tgrthaber.com\/mavikadin\/wp-json\/wp\/v2\/media\/41986"}],"wp:attachment":[{"href":"https:\/\/www.tgrthaber.com\/mavikadin\/wp-json\/wp\/v2\/media?parent=41987"}],"wp:term":[{"taxonomy":"category","embeddable":true,"href":"https:\/\/www.tgrthaber.com\/mavikadin\/wp-json\/wp\/v2\/categories?post=41987"},{"taxonomy":"post_tag","embeddable":true,"href":"https:\/\/www.tgrthaber.com\/mavikadin\/wp-json\/wp\/v2\/tags?post=41987"}],"curies":[{"name":"wp","href":"https:\/\/api.w.org\/{rel}","templated":true}]}}