{"id":41993,"date":"2016-12-09T20:49:56","date_gmt":"2016-12-09T17:49:56","guid":{"rendered":"https:\/\/new.mavikadin.com\/?p=41993"},"modified":"2024-09-16T10:27:06","modified_gmt":"2024-09-16T07:27:06","slug":"bebeklerin-yuzundeki-kizarikliklar-yanak-kizarikligi-nedenleri-tedavisi","status":"publish","type":"post","link":"https:\/\/www.tgrthaber.com\/mavikadin\/bebeklerin-yuzundeki-kizarikliklar-yanak-kizarikligi-nedenleri-tedavisi\/","title":{"rendered":"Bebeklerin Y\u00fcz\u00fcndeki K\u0131zar\u0131kl\u0131klar Yanak K\u0131zar\u0131kl\u0131\u011f\u0131 Nedenleri Tedavisi"},"content":{"rendered":"<p>Bebek v\u00fccudunda,\u00a0y\u00fcz\u00fcnde, yanaklarda k\u0131zar\u0131kl\u0131k, bebeklerde en s\u0131k rastlanan cilt problemlerindendir. Bebe\u011fin cildinde meydana gelen k\u0131zar\u0131kl\u0131klar <\/p>\n<p>Bebek v\u00fccudunda,&nbsp;y\u00fcz\u00fcnde, yanaklarda k\u0131zar\u0131kl\u0131k, bebeklerde en s\u0131k rastlanan cilt problemlerindendir. Bebe\u011fin cildinde meydana gelen k\u0131zar\u0131kl\u0131klar genellikle ciddi bir sorun te\u015fkil etmez ve kolayl\u0131kla tedavi edilebilir. \u0130\u015fte bebek v\u00fccudunda, cildinde, y\u00fcz\u00fcnde k\u0131zar\u0131kl\u0131\u011f\u0131n nedenleri ve tedavi y\u00f6ntemleri:<\/p>\n<p><span style=\"color:#FF8C00;\"><span style=\"font-size:16px;\"><strong><u>\u0130silik<\/u><\/strong><\/span><\/span><\/p>\n<p>\u0130silik, bebeklerde, \u00f6zellikle yaz aylar\u0131nda terleme ve s\u0131v\u0131 kayb\u0131na ba\u011fl\u0131 olarak meydana gelen&nbsp;ve&nbsp;v\u00fccutta, y\u00fczde, yanakta, ensede ve t\u00fcm ciltte k\u00fc\u00e7\u00fck k\u0131zar\u0131kl\u0131klar, k\u0131rm\u0131z\u0131 noktac\u0131klar halinde belirti veren bir cilt rahats\u0131zl\u0131\u011f\u0131d\u0131r. Bebeklerin v\u00fccudunu s\u0131k\u0131 bir \u015fekilde saran giyecekler de bebekte isili\u011fe yol a\u00e7abilir.<strong> Bebek k\u0131yafetlerinde pamuklu, bol ve rahat olanlar tercih edilerek, bebe\u011fi g\u00fcne\u015ften koruyarak isilik olu\u015fumu \u00f6nlenebilir. Bebekte isilik tedavisi i\u00e7in doktorunuza dan\u0131\u015f\u0131p karbonat kullanabilirsiniz.&nbsp;Bir&nbsp;bardak suya 1-2 ka\u015f\u0131k karbonat at\u0131p kar\u0131\u015ft\u0131r\u0131n, haz\u0131rlanan sol\u00fcsyonu isilik olan yerlere g\u00fcnde 4-5 defa s\u00fcr\u00fcn. Her defas\u0131nda cildi tamamen kurutmay\u0131 unutmay\u0131n. Kalamin losyon da bebekteki isili\u011fe iyi gelecektir.<\/strong><\/p>\n<p><span style=\"color:#FF8C00;\"><span style=\"font-size:16px;\"><strong><u>Kurde\u015fen<\/u><\/strong><\/span><\/span><\/p>\n<p><strong>Kurde\u015fen,&nbsp;bebe\u011fin y\u00fcz\u00fc dahil, v\u00fccudunun her yerinde g\u00f6r\u00fclebilen k\u0131zar\u0131kl\u0131k, ciltte k\u0131rm\u0131z\u0131 kabart\u0131lar \u015feklinde belirti veren en yayg\u0131n g\u00f6r\u00fclen allerjik reaksiyonlardand\u0131r. Bu d\u00f6k\u00fcnt\u00fcler ka\u015f\u0131nt\u0131ya yol a\u00e7abilir.<\/strong> Kurde\u015fene ba\u011fl\u0131 nefes darl\u0131\u011f\u0131, ba\u015f d\u00f6nmesi ve dudaklar\u0131n \u015fi\u015fmesi de s\u00f6z konusu olabilir. Kurde\u015fen tedavisinde iltihab\u0131 ve alerjik semptomlar\u0131 gidermek i\u00e7in antihistaminikler ve kortikosteroidler kullan\u0131lmaktad\u0131r.<\/p>\n<p><span style=\"color:#FF8C00;\"><span style=\"font-size:16px;\"><strong><u>\u00c7ilek lekeleri<\/u><\/strong><\/span><\/span><\/p>\n<p>V\u00fccutta k\u0131rm\u0131z\u0131 kabar\u0131k izler olarak kendini g\u00f6steren \u00e7ilek lekeleri, bebekteki cilt alt\u0131nda yer alan kan damarlar\u0131n\u0131n b\u00fcy\u00fcyerek belirginle\u015fmesiyle ortaya \u00e7\u0131k\u0131yor. Bebek bir ya\u015f\u0131na girmesiyle birlikte azalan ve genellikle zaman i\u00e7erisinde yok olan bu lekeler, \u00e7o\u011funlukla kal\u0131c\u0131 iz b\u0131rakmazlar.<\/p>\n<p><span style=\"color:#FF8C00;\"><span style=\"font-size:16px;\"><strong><u>Su \u00e7i\u00e7e\u011fi<\/u><\/strong><\/span><\/span><\/p>\n<p>Su \u00e7i\u00e7e\u011fi,&nbsp;herpes vir\u00fcs\u00fcnden kaynaklan\u0131r. Bebekte v\u00fccutta, y\u00fczde, ba\u015fta, boyunda, g\u00f6\u011f\u00fcste, genital b\u00f6lgede k\u0131rm\u0131z\u0131 noktalar, ciltte k\u0131rm\u0131z\u0131 d\u00f6k\u00fcnt\u00fc \u015feklinde belirti verir. Su \u00e7i\u00e7e\u011fi ka\u015f\u0131nt\u0131 da yapan bir cilt hastal\u0131\u011f\u0131d\u0131r, doktorun verece\u011fi ila\u00e7larla tedavi edilebilir.<\/p>\n<p><span style=\"color:#FF8C00;\"><span style=\"font-size:16px;\"><strong><u>Egzama<\/u><\/strong><\/span><\/span><\/p>\n<p><strong>Egzama, bebeklerde en s\u0131k g\u00f6r\u00fclen cilt hastal\u0131klar\u0131ndand\u0131r ve bebe\u011fin y\u00fcz\u00fcnde, v\u00fccudunda k\u0131zar\u0131kl\u0131k, kabuklanma ve d\u00f6k\u00fcnt\u00fc olarak belirti verir. <\/strong>Egzama genetik yatk\u0131nl\u0131ktan kaynaklanabildi\u011fi gibi,&nbsp;ev tozu akar\u0131, polen ve besin alerjisi gibi alerji t\u00fcrleri de bebekte egzamaya neden olabilmektedir. Bebekte egzama tedavisi,&nbsp;egzamaya yol a\u00e7an fakt\u00f6rlerden uzak durma, antihistamin kremler ve ka\u015f\u0131nt\u0131 giderici kremlerin kullan\u0131m\u0131 ile ger\u00e7ekle\u015fir.<\/p>\n<p><span style=\"color:#FF8C00;\"><span style=\"font-size:16px;\"><strong><u>K\u0131zam\u0131k<\/u><\/strong><\/span><\/span><\/p>\n<p>Bu hastal\u0131\u011fa &#8220;rubivir\u00fcs&#8221; olarak adland\u0131r\u0131lan bir vir\u00fcs neden olur. K\u0131zam\u0131k ge\u00e7irme s\u00fcresi iki ila \u00fc\u00e7 hafta aras\u0131nda de\u011fi\u015fir. Bebekte k\u0131zam\u0131k y\u00fczde, v\u00fccutta k\u0131zar\u0131kl\u0131k, halsizlik, ate\u015f, burun ak\u0131nt\u0131s\u0131, \u00f6ks\u00fcr\u00fck, g\u00f6zlerde sulanma ve \u0131\u015f\u0131\u011fa bakamama gibi belirtilere neden olur. Tedavisi i\u00e7in cildiye doktoruna ba\u015fvurulur.<\/p>\n<p><span style=\"color:#FF8C00;\"><span style=\"font-size:16px;\"><strong><u>Damar beni (Hemanjiom)<\/u><\/strong><\/span><\/span><\/p>\n<p>Bebeklerde ciltteki damarlar\u0131n geni\u015flemesine ba\u011fl\u0131 hemanjiom ad\u0131 verilen k\u0131zar\u0131kl\u0131klar meydana gelebilir. Hemanjiom bebe\u011fin cildinin herhangi bir yerinde g\u00f6r\u00fclebilir. Kendi&nbsp;kendine&nbsp;zaman i\u00e7inde kaybolabilirler.<\/p>\n<p><span style=\"color:#FF8C00;\"><span style=\"font-size:16px;\"><strong><u>Bebek sivilcesi<\/u><\/strong><\/span><\/span><\/p>\n<p>Bir\u00e7ok bebekte \u00f6zellikle bebek 2. ve 3. haftal\u0131k olduktan sonra sivilce meydana gelebilir. Bebek sivilcesi de v\u00fccudunda k\u0131zar\u0131k g\u00f6r\u00fcnt\u00fcye neden olur. Bir s\u00fcre sonra kendili\u011finden ge\u00e7er.<\/p>\n<p><span style=\"color:#FF8C00;\"><span style=\"font-size:18px;\"><strong><u>Bebe\u011fin v\u00fccudunda ve y\u00fcz\u00fcndeki k\u0131zar\u0131kl\u0131klar\u0131n di\u011fer nedenleri<\/u><\/strong><\/span><\/span><\/p>\n<ol>\n<li>Ate\u015fli hastal\u0131k ge\u00e7irme<\/li>\n<li>Mantar enfeksiyonu<\/li>\n<li>Mongol lekesi<\/li>\n<li>Kawasaki hastal\u0131\u011f\u0131<\/li>\n<li>Meningokoksemi<\/li>\n<li>Alerji<\/li>\n<li>Be\u015finci hastal\u0131k<\/li>\n<li>Toksik eritem<\/li>\n<\/ol>\n<p><span style=\"color:#FF8C00;\"><span style=\"font-size:18px;\"><strong><u>Bebek v\u00fccudunda, y\u00fcz\u00fcnde k\u0131zar\u0131kl\u0131k nas\u0131l ge\u00e7er?<\/u><\/strong><\/span><\/span><\/p>\n<p>Bebe\u011finizin v\u00fccudunda meydana gelen k\u0131zar\u0131klar i\u00e7in en k\u0131sa s\u00fcrede bir cildiye doktoruna ba\u015fvurmal\u0131s\u0131n\u0131z. Doktorunuz hastal\u0131\u011f\u0131n te\u015fhisine g\u00f6re bebek cildine uygulanmak \u00fczere antihistaminik, antialerjik veya hidrokortizon krem re\u00e7ete edecektir.<\/p>\n<p><a href=\"https:\/\/www.mavikadin.com\/bebeklerde-yuzde-yanakta-ve-vucutta-kizariklik-nedenleri-ve-tedavisi\" target=\"_blank\" rel=\"noopener\"><span style=\"font-size:20px;\">Bebeklerde Y\u00fczde K\u0131zar\u0131kl\u0131k Neden Olur, Nas\u0131l Ge\u00e7er? Doktor Cevapl\u0131yor T\u0131klay\u0131n\u0131z<\/span><\/a><\/p>\n","protected":false},"excerpt":{"rendered":"<p>Bebek v\u00fccudunda,\u00a0y\u00fcz\u00fcnde, yanaklarda k\u0131zar\u0131kl\u0131k, bebeklerde en s\u0131k rastlanan cilt problemlerindendir. Bebe\u011fin cildinde meydana gelen k\u0131zar\u0131kl\u0131klar Bebek v\u00fccudunda,&nbsp;y\u00fcz\u00fcnde, yanaklarda k\u0131zar\u0131kl\u0131k, bebeklerde en s\u0131k rastlanan cilt problemlerindendir. Bebe\u011fin cildinde meydana gelen k\u0131zar\u0131kl\u0131klar genellikle ciddi bir sorun te\u015fkil etmez ve kolayl\u0131kla tedavi edilebilir. \u0130\u015fte bebek v\u00fccudunda, cildinde, y\u00fcz\u00fcnde k\u0131zar\u0131kl\u0131\u011f\u0131n nedenleri ve tedavi y\u00f6ntemleri: \u0130silik \u0130silik, bebeklerde, \u00f6zellikle yaz [&hellip;]<\/p>\n","protected":false},"author":30,"featured_media":41992,"comment_status":"closed","ping_status":"open","sticky":false,"template":"","format":"standard","meta":{"rank_math_lock_modified_date":false,"footnotes":""},"categories":[111],"tags":[32575,32574,32576,32817,32816],"class_list":["post-41993","post","type-post","status-publish","format-standard","has-post-thumbnail","hentry","category-anne-cocuk","tag-bebek-cilt-sorunlari","tag-bebek-kizariklik","tag-bebeklerde-egzama","tag-bebeklerde-isilik","tag-yanak-kizarikligi"],"_links":{"self":[{"href":"https:\/\/www.tgrthaber.com\/mavikadin\/wp-json\/wp\/v2\/posts\/41993"}],"collection":[{"href":"https:\/\/www.tgrthaber.com\/mavikadin\/wp-json\/wp\/v2\/posts"}],"about":[{"href":"https:\/\/www.tgrthaber.com\/mavikadin\/wp-json\/wp\/v2\/types\/post"}],"author":[{"embeddable":true,"href":"https:\/\/www.tgrthaber.com\/mavikadin\/wp-json\/wp\/v2\/users\/30"}],"replies":[{"embeddable":true,"href":"https:\/\/www.tgrthaber.com\/mavikadin\/wp-json\/wp\/v2\/comments?post=41993"}],"version-history":[{"count":1,"href":"https:\/\/www.tgrthaber.com\/mavikadin\/wp-json\/wp\/v2\/posts\/41993\/revisions"}],"predecessor-version":[{"id":41994,"href":"https:\/\/www.tgrthaber.com\/mavikadin\/wp-json\/wp\/v2\/posts\/41993\/revisions\/41994"}],"wp:featuredmedia":[{"embeddable":true,"href":"https:\/\/www.tgrthaber.com\/mavikadin\/wp-json\/wp\/v2\/media\/41992"}],"wp:attachment":[{"href":"https:\/\/www.tgrthaber.com\/mavikadin\/wp-json\/wp\/v2\/media?parent=41993"}],"wp:term":[{"taxonomy":"category","embeddable":true,"href":"https:\/\/www.tgrthaber.com\/mavikadin\/wp-json\/wp\/v2\/categories?post=41993"},{"taxonomy":"post_tag","embeddable":true,"href":"https:\/\/www.tgrthaber.com\/mavikadin\/wp-json\/wp\/v2\/tags?post=41993"}],"curies":[{"name":"wp","href":"https:\/\/api.w.org\/{rel}","templated":true}]}}