{"id":42005,"date":"2016-12-13T21:20:56","date_gmt":"2016-12-13T18:20:56","guid":{"rendered":"https:\/\/new.mavikadin.com\/?p=42005"},"modified":"2024-09-16T10:27:16","modified_gmt":"2024-09-16T07:27:16","slug":"bebeklere-balik-yagi-ne-zaman-verilir-uzman-doktor-cevapliyor","status":"publish","type":"post","link":"https:\/\/www.tgrthaber.com\/mavikadin\/bebeklere-balik-yagi-ne-zaman-verilir-uzman-doktor-cevapliyor\/","title":{"rendered":"Bebeklere Bal\u0131k Ya\u011f\u0131 Ne Zaman Verilir? Uzman Doktor Cevapl\u0131yor"},"content":{"rendered":"<p>Bal\u0131k ya\u011f\u0131,\u00a0yeti\u015fkinler taraf\u0131ndan s\u0131k\u00e7a kullan\u0131lan takviye vitaminlerdendir. Peki, (Bebeklerde ve \u00e7ocuklarda bal\u0131k ya\u011f\u0131 kullan\u0131labilir mi? Ka\u00e7 ayl\u0131k bebe\u011fe<\/p>\n<p>Bal\u0131k ya\u011f\u0131,&nbsp;yeti\u015fkinler taraf\u0131ndan s\u0131k\u00e7a kullan\u0131lan takviye vitaminlerdendir. Peki, (Bebeklerde ve \u00e7ocuklarda bal\u0131k ya\u011f\u0131 kullan\u0131labilir mi? Ka\u00e7 ayl\u0131k bebe\u011fe bal\u0131k ya\u011f\u0131 verilir? Bal\u0131k ya\u011f\u0131 bebeklerde i\u015ftah a\u00e7ar m\u0131?&nbsp;6, 10, 18 ayl\u0131k bebe\u011fe bal\u0131k ya\u011f\u0131 verilir mi?) \u0130\u015fte t\u00fcm bu sorular\u0131n\u0131z\u0131n cevab\u0131n\u0131 bu makalemizde bulabilirsiniz.&nbsp;<\/p>\n<p>Bebe\u011finizin beslenmesine bal\u0131k ya\u011f\u0131 eklemek garip gelebilir fakat bal\u0131k ya\u011f\u0131 bebe\u011finizin beslenmesi i\u00e7in hayati \u00f6neme sahip bir takviyedir. Bal\u0131k ya\u011f\u0131,bebe\u011fin do\u011fumdan sonraki ilk y\u0131l\u0131nda bili\u015fsel, motor ve g\u00f6rsel geli\u015fimine yard\u0131mc\u0131 olan y\u00fcksek miktarda DHA i\u00e7erir.<\/p>\n<p><span style=\"color:#0000CD;\"><u><span style=\"font-size:16px;\"><strong>Bal\u0131k ya\u011f\u0131n\u0131n bebeklere ve \u00e7ocuklara faydalar\u0131<\/strong><\/span><\/u><\/span><\/p>\n<p><span style=\"color:#FF8C00;\"><span style=\"font-size:16px;\"><strong><u>Besin deposudur<\/u><\/strong><\/span><\/span><\/p>\n<p>Bal\u0131k ya\u011f\u0131, evlad\u0131n\u0131z\u0131n fiziksel ve zihinsel geli\u015fiminin en \u00fcst d\u00fczeyde olmas\u0131n\u0131 sa\u011flayan besinleri i\u00e7erir. Bu ya\u011f, A ve D vitamini, omega-3 ya\u011f asitleri ve DHA bak\u0131m\u0131ndan zengin bir kaynakt\u0131r.<\/p>\n<p><span style=\"color:#FF8C00;\"><span style=\"font-size:16px;\"><strong><u>Civa i\u00e7ermez<\/u><\/strong><\/span><\/span><\/p>\n<p>Civa,&nbsp;beyine ve v\u00fccut sa\u011fl\u0131\u011f\u0131na \u00e7ok zarar veren bir maddedir. Bal\u0131k ya\u011f\u0131 takviyelerinin \u00e7o\u011fu civa i\u00e7ermez. Bal\u0131k ya\u011f\u0131 \u00fcreticileri az civa i\u00e7eren bal\u0131klar\u0131 kullan\u0131r ve civa bula\u015f\u0131klar\u0131n\u0131 ay\u0131rmak i\u00e7in baz\u0131 \u00fcreticiler ya\u011f\u0131 distile ederler.&nbsp;<\/p>\n<p><span style=\"color:#FF8C00;\"><span style=\"font-size:16px;\"><strong><u>Beyin fonksiyonlar\u0131n\u0131n sa\u011fl\u0131kl\u0131 geli\u015fimine yard\u0131m eder<\/u><\/strong><\/span><\/span><\/p>\n<p>Bal\u0131k ya\u011f\u0131nda bulunan DHA, bebek ve \u00e7ocuklarda beyin h\u00fccreleri aras\u0131ndaki b\u00fct\u00fcnl\u00fc\u011f\u00fc korumaya yard\u0131mc\u0131 olur ve n\u00f6ronlar aras\u0131ndaki ileti\u015fimi kolayla\u015ft\u0131r\u0131r.&nbsp;<\/p>\n<p><span style=\"color:#FF8C00;\"><span style=\"font-size:16px;\"><strong><u>Psikolojiye iyi gelir<\/u><\/strong><\/span><\/span><\/p>\n<p>D\u00fczenli bal\u0131k ya\u011f\u0131 t\u00fcketimiyle bebe\u011finiz, \u00e7ocu\u011funuz,&nbsp;b\u00fct\u00fcn g\u00fcn mutlu olur ve g\u00fcl\u00fcmser. Yani bebe\u011finizin huysuzluk n\u00f6betlerini durdurmak i\u00e7in, doktorun onay\u0131yla ona bal\u0131k ya\u011f\u0131 verebilirsiniz.<\/p>\n<p><span style=\"color:#FF8C00;\"><span style=\"font-size:16px;\"><strong><u>G\u00f6rme duyusunu keskinle\u015ftirir<\/u><\/strong><\/span><\/span><\/p>\n<p>Bal\u0131k ya\u011f\u0131ndaki DHA,&nbsp;bebeklerdeki g\u00f6rme yetene\u011fini g\u00fc\u00e7lendirir. Bal\u0131k ya\u011f\u0131 A vitamini bak\u0131m\u0131ndan zengin oldu\u011fundan bebe\u011fin, \u00e7ocu\u011fun g\u00f6z sa\u011fl\u0131\u011f\u0131n\u0131 da korur.<\/p>\n<p><span style=\"color:#FF8C00;\"><span style=\"font-size:16px;\"><strong><u>Kemikleri g\u00fc\u00e7lendirir<\/u><\/strong><\/span><\/span><\/p>\n<p>Bal\u0131k ya\u011f\u0131, D vitamininin zengin bir kayna\u011f\u0131 olmas\u0131yla kemiklerin g\u00fc\u00e7lenmesine yard\u0131mc\u0131 olur. Ayr\u0131ca kemiklerdeki mineral yo\u011funlu\u011funu korumada da hayati rol oynar.<\/p>\n<p><span style=\"color:#FF8C00;\"><span style=\"font-size:16px;\"><strong><u>Ba\u011f\u0131\u015f\u0131kl\u0131\u011f\u0131 g\u00fc\u00e7lendirir<\/u><\/strong><\/span><\/span><\/p>\n<p>Bal\u0131k ya\u011f\u0131n\u0131n i\u00e7eri\u011findeki y\u00fcksek miktarda ya\u011f asidi,&nbsp;ba\u011f\u0131\u015f\u0131kl\u0131\u011f\u0131 g\u00fc\u00e7lendirerek evlad\u0131n\u0131z\u0131 \u00f6ks\u00fcr\u00fck, grip, so\u011fuk alg\u0131nl\u0131\u011f\u0131 ve enfeksiyonel hastal\u0131klardan korur.<\/p>\n<p><span style=\"color:#FF8C00;\"><span style=\"font-size:16px;\"><strong><u>Egzamay\u0131 \u00f6nler<\/u><\/strong><\/span><\/span><\/p>\n<p>Egzama, bebeklerde ve \u00e7ocuklarda yayg\u0131n g\u00f6r\u00fclen bir cilt problemidir. Egzamay\u0131 \u00f6nlemek ve tedavi etmek i\u00e7in bebe\u011finize doktorunuzun \u00f6nerece\u011fi dozda bal\u0131k ya\u011f\u0131 verin. \u00c7ocuklukta egzama ciltte yama \u015feklinde kuruluklar, pul pul d\u00f6k\u00fcnt\u00fcler \u015feklinde belirtiler verir. \u015eiddetli vakalarda ise ciltte \u00e7atlama ve kanamaya neden olur. Bal\u0131k ya\u011f\u0131ndaki omega 3 ya\u011f asitleri egzama belirtilerini de hafifletir.<\/p>\n<p><span style=\"color:#0000CD;\"><span style=\"font-size:16px;\"><strong><u>Bebekler ve \u00e7ocuklar i\u00e7in bal\u0131k ya\u011f\u0131 takviyeleri<\/u><\/strong><\/span><\/span><\/p>\n<p>Bal\u0131k ya\u011f\u0131 ilac\u0131 yerine bebe\u011finizin, \u00e7ocu\u011funuzun bu ya\u011f\u0131 bal\u0131k t\u00fcketimi ile almas\u0131 daha sa\u011fl\u0131kl\u0131 olacakt\u0131r. Ancak evlad\u0131n\u0131z ya\u011fl\u0131 bal\u0131klar yemekten ho\u015flanm\u0131yorsa g\u00fcnl\u00fck olarak takviye vermek iyi bir fikirdir. Evlad\u0131n\u0131za bal\u0131k ya\u011f\u0131 vermeden \u00f6nce mutlaka ama mutlaka doktorunuza dan\u0131\u015f\u0131n.<\/p>\n<p><span style=\"color:#0000CD;\"><span style=\"font-size:16px;\"><strong><u>Bebeklere bal\u0131k ya\u011f\u0131 ne zaman verilir, bal\u0131k ya\u011f\u0131 bebeklerin i\u015ftah\u0131n\u0131 a\u00e7ar m\u0131?<\/u><\/strong><\/span><\/span><\/p>\n<p>Sual: Bebe\u011fim 6 ayl\u0131k, 1 ya\u015f alt\u0131 bebekler i\u00e7in bal\u0131k ya\u011f\u0131 kullanmak uygunmudur?<\/p>\n<p>CEVAP<\/p>\n<p>\u00c7ocuk Sa\u011fl\u0131\u011f\u0131 ve Hastal\u0131klar\u0131 Uzman\u0131 Dr. Halit \u00d6zkaya&#8217;n\u0131n cevab\u0131: (1 ya\u015f alt\u0131 bebeklerde bal\u0131k ya\u011f\u0131 kullan\u0131m\u0131 \u00f6nerilmemektedir.)<\/p>\n<p>Sual: Bebeklerde bal\u0131k ya\u011f\u0131 i\u015ftah a\u00e7ar m\u0131?<\/p>\n<p>CEVAP<\/p>\n<p>\u00c7ocuk Sa\u011fl\u0131\u011f\u0131 Ve Hastal\u0131klar\u0131 Dr. Bar\u0131\u015f \u0130lhan&#8217;\u0131n cevab\u0131: (Bal\u0131k ya\u011f\u0131 \u00e7ocukta e\u011fer eksiklik varsa i\u015ftah\u0131n\u0131&nbsp;art\u0131rabilir.)<\/p>\n<p><span style=\"color:#FF8C00;\"><span style=\"font-size:16px;\"><strong><u>G\u0131da alerjisi endi\u015fesi<\/u><\/strong><\/span><\/span><\/p>\n<p>Bebe\u011finize bal\u0131k ya\u011f\u0131 verdikten sonra alerji belirtileri g\u00f6zlemleyin, \u015fayet alerji geli\u015ftiyse,&nbsp;4 g\u00fcn i\u00e7inde herhangi bir yeni g\u0131day\u0131 bebe\u011finize tan\u0131tmaman\u0131z\u0131 \u00f6neririz. Baz\u0131 alerji belirtileri \u015fu \u015fekildedir:<\/p>\n<p><span style=\"color:#0000CD;\"><span style=\"font-size:16px;\"><strong><u>Bebeklerde bal\u0131k ya\u011f\u0131 alerjisi belirtileri<\/u><\/strong><\/span><\/span><\/p>\n<ol>\n<li>Mide bulant\u0131s\u0131<\/li>\n<li>Ge\u011firme<\/li>\n<li>Ciltte d\u00f6k\u00fcnt\u00fcler<\/li>\n<li>Kanama<\/li>\n<li>Y\u00fcz\u00fcn, dil ve dudaklar\u0131n \u015fi\u015fmesi&nbsp;<\/li>\n<li>\u0130shal<\/li>\n<li>Kusma&nbsp;<\/li>\n<\/ol>\n<p>Belirtiler bebekten bebe\u011fe g\u00f6re de\u011fi\u015fir. Nefes almakta zorlanma gibi bebekte \u015fiddetli belirtiler varsa derhal doktora ba\u015fvurun.<\/p>\n<p><span style=\"color:#FF8C00;\"><span style=\"font-size:16px;\"><strong><u>Bebekler ne zaman bal\u0131k ya\u011f\u0131ndan uzak durmal\u0131d\u0131r?<\/u><\/strong><\/span><\/span><\/p>\n<p>Bebe\u011finizde kanama bozuklu\u011fu hastal\u0131\u011f\u0131 varsa<\/p>\n<p>Bebe\u011finizin bal\u0131k alerjisi varsa&nbsp;<\/p>\n<p>Not: Makalede ge\u00e7en doktorlara sorulan soru cevaplar soru soran \u015fahsa m\u00fcnhas\u0131rd\u0131r. Doktorunuza dan\u0131\u015fmadan bebe\u011finize, \u00e7ocu\u011funuza bal\u0131k ya\u011f\u0131 vermeyin.&nbsp;<\/p>\n<p><a href=\"https:\/\/www.mavikadin.com\/6-7-8-9-aylik-bebege-balik-verilirmi-bebekler-hangi-baliklari-yemeli\" target=\"_blank\" rel=\"noopener\"><span style=\"font-size:20px;\">Bebeklere Bal\u0131k Ne Zaman Verilir? Uzman Doktorlar Cevapl\u0131yor T\u0131klay\u0131n\u0131z<\/span><\/a><\/p>\n","protected":false},"excerpt":{"rendered":"<p>Bal\u0131k ya\u011f\u0131,\u00a0yeti\u015fkinler taraf\u0131ndan s\u0131k\u00e7a kullan\u0131lan takviye vitaminlerdendir. Peki, (Bebeklerde ve \u00e7ocuklarda bal\u0131k ya\u011f\u0131 kullan\u0131labilir mi? Ka\u00e7 ayl\u0131k bebe\u011fe Bal\u0131k ya\u011f\u0131,&nbsp;yeti\u015fkinler taraf\u0131ndan s\u0131k\u00e7a kullan\u0131lan takviye vitaminlerdendir. Peki, (Bebeklerde ve \u00e7ocuklarda bal\u0131k ya\u011f\u0131 kullan\u0131labilir mi? Ka\u00e7 ayl\u0131k bebe\u011fe bal\u0131k ya\u011f\u0131 verilir? Bal\u0131k ya\u011f\u0131 bebeklerde i\u015ftah a\u00e7ar m\u0131?&nbsp;6, 10, 18 ayl\u0131k bebe\u011fe bal\u0131k ya\u011f\u0131 verilir mi?) \u0130\u015fte t\u00fcm [&hellip;]<\/p>\n","protected":false},"author":30,"featured_media":42004,"comment_status":"closed","ping_status":"open","sticky":false,"template":"","format":"standard","meta":{"rank_math_lock_modified_date":false,"footnotes":""},"categories":[111],"tags":[32828,32827,4049,8062,32829],"class_list":["post-42005","post","type-post","status-publish","format-standard","has-post-thumbnail","hentry","category-anne-cocuk","tag-balik-yagi-faydalari","tag-bebek-balik-yagi","tag-bebek-beslenmesi","tag-bebeklerde-balik-yagi","tag-omega-3-bebek"],"_links":{"self":[{"href":"https:\/\/www.tgrthaber.com\/mavikadin\/wp-json\/wp\/v2\/posts\/42005"}],"collection":[{"href":"https:\/\/www.tgrthaber.com\/mavikadin\/wp-json\/wp\/v2\/posts"}],"about":[{"href":"https:\/\/www.tgrthaber.com\/mavikadin\/wp-json\/wp\/v2\/types\/post"}],"author":[{"embeddable":true,"href":"https:\/\/www.tgrthaber.com\/mavikadin\/wp-json\/wp\/v2\/users\/30"}],"replies":[{"embeddable":true,"href":"https:\/\/www.tgrthaber.com\/mavikadin\/wp-json\/wp\/v2\/comments?post=42005"}],"version-history":[{"count":1,"href":"https:\/\/www.tgrthaber.com\/mavikadin\/wp-json\/wp\/v2\/posts\/42005\/revisions"}],"predecessor-version":[{"id":42006,"href":"https:\/\/www.tgrthaber.com\/mavikadin\/wp-json\/wp\/v2\/posts\/42005\/revisions\/42006"}],"wp:featuredmedia":[{"embeddable":true,"href":"https:\/\/www.tgrthaber.com\/mavikadin\/wp-json\/wp\/v2\/media\/42004"}],"wp:attachment":[{"href":"https:\/\/www.tgrthaber.com\/mavikadin\/wp-json\/wp\/v2\/media?parent=42005"}],"wp:term":[{"taxonomy":"category","embeddable":true,"href":"https:\/\/www.tgrthaber.com\/mavikadin\/wp-json\/wp\/v2\/categories?post=42005"},{"taxonomy":"post_tag","embeddable":true,"href":"https:\/\/www.tgrthaber.com\/mavikadin\/wp-json\/wp\/v2\/tags?post=42005"}],"curies":[{"name":"wp","href":"https:\/\/api.w.org\/{rel}","templated":true}]}}