{"id":42101,"date":"2017-01-14T18:39:38","date_gmt":"2017-01-14T15:39:38","guid":{"rendered":"https:\/\/new.mavikadin.com\/?p=42101"},"modified":"2024-09-16T10:28:50","modified_gmt":"2024-09-16T07:28:50","slug":"bebegim-cok-terliyor-neden-olur-nasil-gecer-hangi-doktora-gidelim","status":"publish","type":"post","link":"https:\/\/www.tgrthaber.com\/mavikadin\/bebegim-cok-terliyor-neden-olur-nasil-gecer-hangi-doktora-gidelim\/","title":{"rendered":"Bebe\u011fim \u00c7ok Terliyor, Neden Olur, Nas\u0131l Ge\u00e7er, Hangi Doktora Gidelim?"},"content":{"rendered":"<p>D vitamini eksikli\u011fi, kans\u0131zl\u0131k, genetik, kalp anomalileri, vitamin eksikli\u011fi, kal\u0131n giysiler, odan\u0131n s\u0131cak olmas\u0131, so\u011fuk alg\u0131nl\u0131\u011f\u0131, troid hastal\u0131klar\u0131 gibi <\/p>\n<p>D vitamini eksikli\u011fi, kans\u0131zl\u0131k, genetik, kalp anomalileri, vitamin eksikli\u011fi, kal\u0131n giysiler, odan\u0131n s\u0131cak olmas\u0131, so\u011fuk alg\u0131nl\u0131\u011f\u0131, troid hastal\u0131klar\u0131 gibi nedenlerden dolay\u0131 bebeklerde a\u015f\u0131r\u0131 terleme g\u00f6r\u00fclmesi s\u0131k kar\u015f\u0131la\u015f\u0131lan bir durumdur. Ayr\u0131ca \u00e7ocuklar\u0131n bazal metabolizmalar\u0131&nbsp;(v\u00fccut fabrikalar\u0131) b\u00fcy\u00fcklerden h\u0131zl\u0131 \u00e7al\u0131\u015ft\u0131\u011f\u0131 i\u00e7in daha fazla \u0131s\u0131 \u00fcretip, daha fazla terlerler. Bebeklerde a\u015f\u0131r\u0131 terlemenin nedenleri ve tedavisi ile ilgili doktorlar \u015fu bilgileri veriyor:<\/p>\n<p>Sual: Bebe\u011fimin s\u0131rt ve ba\u015f b\u00f6lgesinde \u00e7ok a\u015f\u0131r\u0131 terleme oluyor. Bu durum neden kaynaklan\u0131yor?<\/p>\n<p>CEVAP<\/p>\n<p>\u00c7ocuk Sa\u011fl\u0131\u011f\u0131 ve Hastal\u0131klar\u0131 Uzman\u0131 Dr.&nbsp;Seydi Battal G\u00f6lgeli&#8217;nin cevab\u0131: (\u00c7ocu\u011funuzda burun t\u0131kan\u0131kl\u0131\u011f\u0131 veya geniz eti varsa,&nbsp;\u00e7ocu\u011fun nefes almas\u0131 zorla\u015faca\u011f\u0131 i\u00e7in terleme olabilir.&nbsp;Ayr\u0131ca s\u0131cak ortam ve kal\u0131n giyecekler de terleme nedenidir.&nbsp;Bunlar\u0131 d\u00fczelttikten sonra h\u00e2l\u00e2&nbsp;terleme devam ediyorsa o\u011flunuzu <strong>bir \u00e7ocuk doktoruna muayene ettirerek di\u011fer nedenlerin ara\u015ft\u0131r\u0131lmas\u0131n\u0131 sa\u011flaman\u0131z uygun olur.<\/strong>&nbsp;<strong>\u00c7\u00fcnk\u00fc a\u015f\u0131r\u0131 terleme,&nbsp;bazen, ba\u015fta hormon hastal\u0131klar\u0131 olmak \u00fczere baz\u0131 hastal\u0131klar\u0131n i\u015fareti olabilir.)<\/strong><\/p>\n<p>Sual: Bebe\u011fim a\u015f\u0131r\u0131 terliyor, bu durum neden kaynaklan\u0131r?<\/p>\n<p>CEVAP<\/p>\n<p>\u00c7ocuk Sa\u011fl\u0131\u011f\u0131 ve Hastal\u0131klar\u0131 Uzman\u0131 Dr.&nbsp;M\u00fcberra Sara\u00e7&#8217;\u0131n cevab\u0131:&nbsp;(<strong>A\u015f\u0131r\u0131 terleme yaz\u0131n bebeklerde tamamen fizyolojik olabilir.&nbsp;Ancak D vitamini eksikli\u011fi ba\u015fta a\u015f\u0131r\u0131 terlemeye sebep olabilmektedir.&nbsp;<\/strong>K\u0131\u015f\u0131n ortam \u0131s\u0131s\u0131 23 derece idealdir.&nbsp;Bu ortam \u0131s\u0131s\u0131n\u0131 korumaya \u00e7al\u0131\u015f\u0131n.&nbsp;A\u015f\u0131r\u0131 terleme devam ederse tiroid&nbsp;fonksiyon testlerini yapt\u0131rabilirsiniz.)<\/p>\n<p>Sual: Bebe\u011fim&nbsp;3,5 ayl\u0131k.&nbsp;Uykuda a\u015f\u0131r\u0131 derecede terlemesi var.&nbsp;Bu durum neden kaynaklan\u0131yor olabilir?<\/p>\n<p>CEVAP<\/p>\n<p>\u00c7ocuk Sa\u011fl\u0131\u011f\u0131 ve Hastal\u0131klar\u0131 Uzman\u0131 Dr. Murat Ayd\u0131n&#8217;\u0131n cevab\u0131:(<strong>Bebeklerde terleme s\u0131k olabiliyor, bazen de kans\u0131zl\u0131k durumlar\u0131nda da olabiliyor. Kan say\u0131m\u0131 yapt\u0131r\u0131n.)<\/strong><\/p>\n<p>Sual: 4,5 ayl\u0131k bebe\u011fim var. Normalde mama yerken ve uyurken ba\u015f\u0131nda a\u015f\u0131r\u0131 terleme oluyor, bu durum neden kaynaklan\u0131r?<\/p>\n<p>CEVAP<\/p>\n<p>\u00c7ocuk Sa\u011fl\u0131\u011f\u0131 ve Hastal\u0131klar\u0131 Uzman\u0131 Dr. Halit \u00d6zkaya&#8217;n\u0131n cevab\u0131<strong>:(Bebeklerde terleme, \u00f6zellikle ba\u015f terlemesi \u00e7o\u011fu bebekte g\u00f6r\u00fcl\u00fcr ve anormal de\u011fildir. \u00c7\u00fcnk\u00fc metabolizmalar\u0131 \u00e7ok h\u0131zl\u0131d\u0131r. Ailesel de olabilir.)<\/strong><\/p>\n<p>Sual: Bebe\u011fim 27 ayl\u0131k. Geceleri ba\u015f, boyun, s\u0131rt ve g\u00f6\u011f\u00fcs b\u00f6lgesi \u00e7ok terliyor. \u00c7ok \u00f6rtm\u00fcyorum, \u00e7ok da giydirmiyorum. Bu durum neden oluyor?<\/p>\n<p>CEVAP<\/p>\n<p>\u00c7ocuk Sa\u011fl\u0131\u011f\u0131 ve Hastal\u0131klar\u0131 Uzman\u0131 Dr. Murat Ayd\u0131n&#8217;\u0131n cevab\u0131:&nbsp;(Hastan\u0131n troid hormonlar\u0131 ve kardiyak fonksiyonlar\u0131na bakmak gerekir, onun i\u00e7in \u00e7ocuk uzman\u0131na muayene ettirmeniz gerekir.)<\/p>\n<p>\u00c7ocuk Sa\u011fl\u0131\u011f\u0131 ve Hastal\u0131klar\u0131 Uzman\u0131 Dr. Mustafa Ayd\u0131n&#8217;\u0131n cevab\u0131: <strong>(D vitamini eksikliklerinde de terlemede art\u0131\u015f olmakla birlikte yap\u0131sal olarak da a\u015f\u0131r\u0131 terleme g\u00f6r\u00fclebilir.)<\/strong><\/p>\n<p>Sual: Bebeklerde a\u015f\u0131r\u0131 terleme neden olur? \u00d6zellikle kafa taraf\u0131nda.<\/p>\n<p>CEVAP<\/p>\n<p>\u00c7ocuk Sa\u011fl\u0131\u011f\u0131 ve Hastal\u0131klar\u0131 Uzman\u0131 Dr. Murat Ayd\u0131n&#8217;\u0131n cevab\u0131:&nbsp;(Demir eksikli\u011fi ve guatr gibi durumlarda a\u015f\u0131r\u0131 terleme olabilir.)<\/p>\n<p><strong>Not:<\/strong>&nbsp;Bu makaledeki cevaplar yaln\u0131zca soru soran \u015fah\u0131slara m\u00fcnhas\u0131r verilmi\u015ftir. Doktorlar\u0131n cevaplar\u0131ndaki bildirdi\u011fi tavsiyelerin hi\u00e7 birini doktorunuza dan\u0131\u015fmadan uygulamay\u0131n.<\/p>\n<p>Bebe\u011finizde a\u015f\u0131r\u0131 terleme varsa onu bir \u00c7ocuk Doktoruna g\u00f6t\u00fcr\u00fcp, kan say\u0131m\u0131 testi, troid fonksiyonu testi, D vitamini testi gibi testler yapt\u0131r\u0131n.<\/p>\n<p><span style=\"font-size:20px;\"><a href=\"https:\/\/www.mavikadin.com\/bebeklerde-el-ayak-terlemesi-nedenleri-ve-tedavisi\" target=\"_blank\" rel=\"noopener\">Bebeklerde El Ayak Terlemesi Neden Olur Nas\u0131l Ge\u00e7er? Doktorlar Cevapl\u0131yor<\/a><\/span><\/p>\n<p><span style=\"font-size:20px;\"><a href=\"https:\/\/www.mavikadin.com\/bebegimin-kafasi-cok-terliyor-neden-olur-nasil-gecer\" target=\"_blank\" rel=\"noopener\"><span style=\"color:#FF0000;\">Bebeklerde Ba\u015f Terlemesi Neden Olur, Nas\u0131l Ge\u00e7er? Doktorlar Cevapl\u0131yor T\u0131klay\u0131n\u0131z<\/span><\/a><\/span><\/p>\n<p><span style=\"font-size:20px;\"><a href=\"https:\/\/www.mavikadin.com\/bebeklerde-d-vitamini-eksikligi-nasil-anlasilir-ve-nasil-gecer\" target=\"_blank\" rel=\"noopener\">Bebeklerde D Vitamini Eksikli\u011fi Belirtileri, Nedenleri Ve Tedavisi T\u0131klay\u0131n\u0131z<\/a><\/span><\/p>\n<p><span style=\"font-size:20px;\"><a href=\"https:\/\/www.mavikadin.com\/bebeklerde-kan-ilaci-kabizlik-ishal-ve-dislerde-leke-yapar-mi\" target=\"_blank\" rel=\"noopener\"><span style=\"color:#FF0000;\">Bebeklerde Kan \u0130lac\u0131 Kullan\u0131m\u0131 ( Doktorlar Bilgi Veriyor) T\u0131klay\u0131n\u0131z<\/span><\/a><\/span><\/p>\n<p><span style=\"font-size:20px;\"><a href=\"https:\/\/www.mavikadin.com\/bebekler-icin-uyku-surubu-uyku-damlasi-uyku-ilaci-markalari-nelerdir\" target=\"_blank\" rel=\"noopener\">Bebekler \u0130\u00e7in Uyku \u015eurubu, Uyku Damlas\u0131, Uyku \u0130lac\u0131 Markalar\u0131 Nelerdir? T\u0131klay\u0131n\u0131z<\/a><\/span><\/p>\n","protected":false},"excerpt":{"rendered":"<p>D vitamini eksikli\u011fi, kans\u0131zl\u0131k, genetik, kalp anomalileri, vitamin eksikli\u011fi, kal\u0131n giysiler, odan\u0131n s\u0131cak olmas\u0131, so\u011fuk alg\u0131nl\u0131\u011f\u0131, troid hastal\u0131klar\u0131 gibi D vitamini eksikli\u011fi, kans\u0131zl\u0131k, genetik, kalp anomalileri, vitamin eksikli\u011fi, kal\u0131n giysiler, odan\u0131n s\u0131cak olmas\u0131, so\u011fuk alg\u0131nl\u0131\u011f\u0131, troid hastal\u0131klar\u0131 gibi nedenlerden dolay\u0131 bebeklerde a\u015f\u0131r\u0131 terleme g\u00f6r\u00fclmesi s\u0131k kar\u015f\u0131la\u015f\u0131lan bir durumdur. Ayr\u0131ca \u00e7ocuklar\u0131n bazal metabolizmalar\u0131&nbsp;(v\u00fccut fabrikalar\u0131) b\u00fcy\u00fcklerden h\u0131zl\u0131 [&hellip;]<\/p>\n","protected":false},"author":30,"featured_media":42100,"comment_status":"closed","ping_status":"open","sticky":false,"template":"","format":"standard","meta":{"rank_math_lock_modified_date":false,"footnotes":""},"categories":[111],"tags":[25649,5881,32901,27870,12251],"class_list":["post-42101","post","type-post","status-publish","format-standard","has-post-thumbnail","hentry","category-anne-cocuk","tag-asiri-terleme","tag-bebek-sagligi","tag-bebek-terlemesi","tag-bebeklerde-terleme","tag-cocuk-doktoru"],"_links":{"self":[{"href":"https:\/\/www.tgrthaber.com\/mavikadin\/wp-json\/wp\/v2\/posts\/42101"}],"collection":[{"href":"https:\/\/www.tgrthaber.com\/mavikadin\/wp-json\/wp\/v2\/posts"}],"about":[{"href":"https:\/\/www.tgrthaber.com\/mavikadin\/wp-json\/wp\/v2\/types\/post"}],"author":[{"embeddable":true,"href":"https:\/\/www.tgrthaber.com\/mavikadin\/wp-json\/wp\/v2\/users\/30"}],"replies":[{"embeddable":true,"href":"https:\/\/www.tgrthaber.com\/mavikadin\/wp-json\/wp\/v2\/comments?post=42101"}],"version-history":[{"count":1,"href":"https:\/\/www.tgrthaber.com\/mavikadin\/wp-json\/wp\/v2\/posts\/42101\/revisions"}],"predecessor-version":[{"id":42102,"href":"https:\/\/www.tgrthaber.com\/mavikadin\/wp-json\/wp\/v2\/posts\/42101\/revisions\/42102"}],"wp:featuredmedia":[{"embeddable":true,"href":"https:\/\/www.tgrthaber.com\/mavikadin\/wp-json\/wp\/v2\/media\/42100"}],"wp:attachment":[{"href":"https:\/\/www.tgrthaber.com\/mavikadin\/wp-json\/wp\/v2\/media?parent=42101"}],"wp:term":[{"taxonomy":"category","embeddable":true,"href":"https:\/\/www.tgrthaber.com\/mavikadin\/wp-json\/wp\/v2\/categories?post=42101"},{"taxonomy":"post_tag","embeddable":true,"href":"https:\/\/www.tgrthaber.com\/mavikadin\/wp-json\/wp\/v2\/tags?post=42101"}],"curies":[{"name":"wp","href":"https:\/\/api.w.org\/{rel}","templated":true}]}}