{"id":42383,"date":"2017-03-23T00:42:09","date_gmt":"2017-03-22T21:42:09","guid":{"rendered":"https:\/\/new.mavikadin.com\/?p=42383"},"modified":"2024-09-16T10:33:33","modified_gmt":"2024-09-16T07:33:33","slug":"bebegimin-karni-agriyor-karni-agriyan-bebege-ne-yapilir","status":"publish","type":"post","link":"https:\/\/www.tgrthaber.com\/mavikadin\/bebegimin-karni-agriyor-karni-agriyan-bebege-ne-yapilir\/","title":{"rendered":"Bebe\u011fimin Karn\u0131 A\u011fr\u0131yor, Karn\u0131 A\u011fr\u0131yan Bebe\u011fe Ne Yap\u0131l\u0131r?"},"content":{"rendered":"<p>Bebeklerde kar\u0131n a\u011fr\u0131s\u0131 \u00e7ok s\u0131k rastlan\u0131lan bir sa\u011fl\u0131k sorunudur ve kolikten refl\u00fcye kadar pek \u00e7ok nedenden kaynaklanabilmektedir.\u00a0\u00d6zellikle 1, 2 ve 3 ya\u015f\u0131ndaki<\/p>\n<p>Bebeklerde kar\u0131n a\u011fr\u0131s\u0131 \u00e7ok s\u0131k rastlan\u0131lan bir sa\u011fl\u0131k sorunudur ve kolikten refl\u00fcye kadar pek \u00e7ok nedenden kaynaklanabilmektedir.&nbsp;\u00d6zellikle 1, 2 ve 3 ya\u015f\u0131ndaki \u00e7ocu\u011fun kar\u0131n a\u011fr\u0131s\u0131 s\u0131k kar\u015f\u0131la\u015f\u0131lan bir durumdur. Kar\u0131n a\u011fr\u0131s\u0131na \u00e7o\u011fu zaman kusma ve ishal e\u015flik eder. Hen\u00fcz konu\u015fmaya ba\u015flamayan kendini ifade edemeyen bebeklerde kar\u0131n a\u011fr\u0131s\u0131 kendini huzursuzluk, a\u011flama krizleri \u015feklinde g\u00f6sterebilir.<\/p>\n<p><span style=\"color:#FF8C00;\"><span style=\"font-size:18px;\"><strong><u>So\u011fuk alg\u0131nl\u0131\u011f\u0131, grip, nezle ve di\u011fer enfeksiyonlar<\/u><\/strong><\/span><\/span><\/p>\n<p><strong>Bir bebe\u011fin karn\u0131 a\u011fr\u0131yorsa ilk akl\u0131n\u0131za gelmesi gereken bebe\u011finizin \u00fc\u015f\u00fctm\u00fc\u015f olabilece\u011fi ihtimali olmal\u0131d\u0131r. <\/strong>\u00dc\u015f\u00fcten bebekte so\u011fuk alg\u0131nl\u0131\u011f\u0131 g\u00f6r\u00fclmesinin nedeni, \u00fcst solunum yolu rahats\u0131zl\u0131\u011f\u0131 s\u0131ras\u0131nda v\u00fccut taraf\u0131ndan \u00fcretilen mukusun bebe\u011fin bo\u011faz\u0131n\u0131 ve midesini tahri\u015f etmesinden kaynaklan\u0131r.<\/p>\n<p><span style=\"color:#FF8C00;\"><span style=\"font-size:18px;\"><strong><u>Kolik sanc\u0131s\u0131<\/u><\/strong><\/span><\/span><\/p>\n<p><strong>Kolik, bebeklerde kar\u0131n a\u011fr\u0131s\u0131n\u0131n en s\u0131k kar\u015f\u0131la\u015f\u0131lan nedenlerindendir. Peki, kolik nedir? Kolik, sa\u011fl\u0131kl\u0131 bir bebekte kontrol edilemeyen a\u011flamay\u0131 tan\u0131mlamak i\u00e7in kullan\u0131lan bir terimdir. <\/strong>Bebeklerde kolik a\u011fr\u0131s\u0131 (yani gaz sanc\u0131s\u0131) bebe\u011fin haftada en az 3 g\u00fcn, en az 3 saat a\u011flamas\u0131na neden olur. Kolik bebekler asl\u0131nda genellikle sa\u011fl\u0131kl\u0131 ve geli\u015fim problemi ya\u015famayan bebeklerdir. \u00c7o\u011fu zaman 4.-6. aya girilmesiyle de kolik sanc\u0131lar\u0131 da son bulur.<\/p>\n<p><strong>\u0130drar yolu enfeksiyonu, kulak iltihab\u0131 da \u00e7ocukta kar\u0131n a\u011fr\u0131s\u0131na yol a\u00e7an en s\u0131k kar\u015f\u0131la\u015f\u0131lan nedenlerdendir.<\/strong><\/p>\n<p><span style=\"color:#FF8C00;\"><span style=\"font-size:18px;\"><strong><u>Gaz sanc\u0131s\u0131<\/u><\/strong><\/span><\/span><\/p>\n<p>Gaz sanc\u0131s\u0131 da bebekte kar\u0131n a\u011fr\u0131s\u0131na yol a\u00e7an sebeplerdendir. Bebeklerin ba\u011f\u0131rsaklar\u0131n\u0131n geli\u015fimini tamamlamas\u0131, olgunla\u015fmas\u0131, d\u00fcnyaya uyum sa\u011flamas\u0131 bebek 6 ayl\u0131k olana kadar s\u00fcrer. Bu zaman zarf\u0131nda bebekteki gaz sanc\u0131s\u0131 karn\u0131n\u0131n a\u011fr\u0131mas\u0131na neden olabilmektedir.<\/p>\n<p><span style=\"color:#FF8C00;\"><span style=\"font-size:18px;\"><strong><u>Kab\u0131zl\u0131k<\/u><\/strong><\/span><\/span><\/p>\n<p><strong>Kab\u0131zl\u0131k da bebeklerdeki kar\u0131n a\u011fr\u0131s\u0131n\u0131n en yayg\u0131n g\u00f6r\u00fclen nedenlerindendir. Bebe\u011finiz g\u00fcnlerce kaka yapm\u0131yorsa, kaka yapt\u0131\u011f\u0131 zaman kuru ve kesik kesik kaka yap\u0131yorsa, bu durum bebe\u011fin kab\u0131zl\u0131k \u00e7ekti\u011fini g\u00f6sterir. <\/strong>Kuru kay\u0131s\u0131 veya kuru erik kaynat\u0131p \u0131l\u0131y\u0131nca kay\u0131s\u0131 suyu i\u00e7irmek, bebe\u011fe elma suyu vermek, doktora dan\u0131\u015f\u0131p bebe\u011fin bunlar\u0131 t\u00fcketmesini sa\u011flamak bebe\u011finizin kab\u0131zl\u0131\u011f\u0131n\u0131n ge\u00e7mesine yard\u0131mc\u0131 olacakt\u0131r.<\/p>\n<p><span style=\"color:#FF8C00;\"><span style=\"font-size:18px;\"><strong><u>Refl\u00fc<\/u><\/strong><\/span><\/span><\/p>\n<p>Bebeklerde refl\u00fc; yemek borusunun mideye a\u00e7\u0131ld\u0131\u011f\u0131 son k\u0131s\u0131mda var olan kas\u0131n tam geli\u015fmemesi sonucu, i\u00e7ti\u011fi s\u00fct veya di\u011fer yiyeceklerin yemek borusuna veya a\u011f\u0131za geri gelmesine denir. <strong>Refl\u00fc de bebeklerdeki kar\u0131n a\u011fr\u0131s\u0131n\u0131n en \u00f6nemli nedenlerindendir. \u00c7o\u011fu bebekte ya\u015fam\u0131n ilk y\u0131l\u0131nda refl\u00fc g\u00f6r\u00fcl\u00fcr ancak bebek b\u00fcy\u00fcd\u00fck\u00e7e bu sa\u011fl\u0131k sorunu da ge\u00e7er.<\/strong><\/p>\n<p><span style=\"font-size:18px;\"><span style=\"color:#FF8C00;\"><strong><u>Mide \u00dc\u015f\u00fctmesi<\/u><\/strong><\/span><\/span><\/p>\n<p><strong>Bebe\u011finizde kar\u0131n a\u011fr\u0131s\u0131na ishal, kusma, i\u015ftahs\u0131zl\u0131k gibi di\u011fer belirtiler e\u015flik ediyorsa bu durum bebe\u011finizin midesini \u00fc\u015f\u00fctt\u00fc\u011f\u00fcne i\u015faret edebilir. <\/strong>Kusma ve ishal bebekte \u00e7ok fazla s\u0131v\u0131 kayb\u0131na neden olabilece\u011finden kaybedilen s\u0131v\u0131n\u0131n telafisi \u00e7ok \u00f6nemlidir. Bu nedenle mide \u00fc\u015f\u00fctmesine kar\u015f\u0131 sava\u015f\u0131rken bebe\u011finizin bol miktarda s\u0131v\u0131 ald\u0131\u011f\u0131ndan (form\u00fcl veya anne s\u00fct\u00fc) emin olman\u0131z \u00f6nemlidir.<\/p>\n<p><span style=\"color:#FF8C00;\"><span style=\"font-size:18px;\"><strong><u>G\u0131da alerjisi<\/u><\/strong><\/span><\/span><\/p>\n<p>Yedi\u011fi herhangi bir besinin bebe\u011fe dokunmas\u0131 yani onda g\u0131da alerjisi yapmas\u0131 da bebekte kar\u0131n a\u011fr\u0131s\u0131 yapabilmektedir. G\u0131da alerjisinin di\u011fer belirtileri aras\u0131nda kusma, ishal, ciltte d\u00f6k\u00fcnt\u00fc, k\u0131zar\u0131kl\u0131k ve ka\u015f\u0131nt\u0131 say\u0131labilir. Bebe\u011finiz herhangi bir besini t\u00fckettikten sonra kar\u0131n a\u011fr\u0131s\u0131 ile birlikte nefes almakta sorun ya\u015f\u0131yorsa, y\u00fcz\u00fcnde veya dudaklar\u0131nda \u015fi\u015fme meydana geldiyse, \u015fiddetli kusma veya ishal ge\u00e7iriyorsa acil 112&#8217;yi aray\u0131p yard\u0131m isteyebilirsiniz.<\/p>\n<p><span style=\"color:#FF8C00;\"><span style=\"font-size:18px;\"><strong><u>Bebeklerde ara\u00e7, araba tutmas\u0131<\/u><\/strong><\/span><\/span><\/p>\n<p><strong>Bebekle otob\u00fcs, deniz yolculu\u011fu yaparken,karn\u0131n\u0131n a\u011fr\u0131mas\u0131 bebe\u011finizi ara\u00e7 tutttu\u011funu g\u00f6sterebilir. <\/strong>Ara\u00e7 tutmas\u0131&nbsp;neden kaynaklan\u0131r&nbsp;bu konu hakk\u0131nda biraz bilgi verelim; g\u00fcnl\u00fck hayat\u0131m\u0131zda beyine \u00e7e\u015fitli organlardan komutlar gelir ve beyin bu komutlara g\u00f6re v\u00fccudun hareket y\u00f6n\u00fcn\u00fc belirler. Karada, denizde veya havada yolculuk yaparken i\u00e7 kulakta olan s\u0131v\u0131 beyine hareket halinde oldu\u011funu, g\u00f6zler ise hareketsiz oldu\u011fu iletisini g\u00f6nderir. Beyine gelen bu farkl\u0131 komutlarla birlikte v\u00fccutta \u00e7e\u015fitli fiziksel belirtiler ortaya \u00e7\u0131kar. Bunun sonucunda bebekte ara\u00e7 tutmas\u0131 g\u00f6r\u00fclebilir.<\/p>\n<p><span style=\"color:#FF8C00;\"><span style=\"font-size:18px;\"><strong><u>Bebeklerde kar\u0131n a\u011fr\u0131s\u0131n\u0131n di\u011fer nedenleri<\/u><\/strong><\/span><\/span><\/p>\n<ol>\n<li>Mide, ba\u011f\u0131rsak enfeksiyonu<\/li>\n<li>Laktoz intolerans\u0131 (Bebe\u011fin s\u00fct ve s\u00fct \u00fcr\u00fcnlerini sindirememesi sorunu)<\/li>\n<li>Zehirlenme<\/li>\n<li>Apandisit<\/li>\n<li>Ba\u011f\u0131rsak solucalar\u0131<\/li>\n<li>Psikolojik nedenler<\/li>\n<li>Ba\u011f\u0131rsak t\u0131kan\u0131kl\u0131\u011f\u0131, d\u00fc\u011f\u00fcmlenmesi<\/li>\n<li>\u00dclser<\/li>\n<li>Hepatit<\/li>\n<\/ol>\n<p><span style=\"color:#FF8C00;\"><span style=\"font-size:18px;\"><strong><u>Bebeklerde kar\u0131n a\u011fr\u0131s\u0131 nas\u0131l ge\u00e7er?<\/u><\/strong><\/span><\/span><\/p>\n<p>Bebe\u011finizin karn\u0131 a\u011fr\u0131yorsa ve bu a\u011fr\u0131 s\u0131k tekrarl\u0131yorsa, uzun s\u00fcre ge\u00e7miyorsa ihmal etmeden onu bir \u00e7ocuk doktoruna g\u00f6t\u00fcrmelisiniz. Doktor nedeni tespit edip gerekli tedaviyi uygulayacakt\u0131r.<\/p>\n<p><span style=\"color:#FF8C00;\"><span style=\"font-size:18px;\"><strong><u>Bebeklerde kar\u0131n a\u011fr\u0131s\u0131n\u0131n ge\u00e7mesi i\u00e7in doktor tavsiyeleri<\/u><\/strong><\/span><\/span><\/p>\n<ol>\n<li>Atleti \u00fct\u00fc ile \u0131s\u0131t\u0131n, bebe\u011fin karn\u0131na \u0131s\u0131tt\u0131\u011f\u0131n\u0131z s\u0131cak atleti koyman\u0131z a\u011fr\u0131y\u0131 gidermeye yard\u0131mc\u0131 olabilir.<\/li>\n<li>Doktorunuza dan\u0131\u015f\u0131p bebe\u011finize nane limon \u00e7ay\u0131 i\u00e7irmek de onu rahatlatacakt\u0131r.<\/li>\n<li>Bebe\u011finizin karn\u0131na nazik\u00e7e masaj yapmaya devam edin.<\/li>\n<li>S\u0131cak su da kar\u0131n a\u011fr\u0131s\u0131n\u0131 ge\u00e7irebilece\u011finden banyo yapmas\u0131 onu rahatlatacakt\u0131r.<\/li>\n<li>Bebe\u011fin bacaklar\u0131n\u0131 bisiklet \u00e7evirir gibi nazik\u00e7e hareket ettirin, gazdan kaynaklanan a\u011fr\u0131y\u0131 rahatlatacakt\u0131r.<\/li>\n<\/ol>\n<p><strong><span style=\"font-size:16px;\"><a href=\"https:\/\/www.mavikadin.com\/bebeklere-su-ne-zaman-verilir-ve-mama-yiyen-bebeklere-su-verilirmi\" target=\"_blank\" rel=\"noopener\"><span style=\"color:#FF0000;\">Bebeklere Su Ne Zaman Verilir Ve Mama Yiyen Bebeklere Su Verilirmi? T\u0131klay\u0131n\u0131z<\/span><\/a><\/span><\/strong><\/p>\n<p><strong><span style=\"font-size:16px;\"><a href=\"https:\/\/www.mavikadin.com\/bebeklerde-geniz-akintisi-ve-oksuruk-nasil-gecer-doktor-tavsiyeleri\" target=\"_blank\" rel=\"noopener\">Bebeklerde Geniz Ak\u0131nt\u0131s\u0131 \u0130\u00e7in Uzman Doktor Tavsiyeleri T\u0131klay\u0131n\u0131z<\/a><\/span><\/strong><\/p>\n<p><strong><span style=\"font-size:16px;\"><a href=\"https:\/\/www.mavikadin.com\/bebegimin-gozu-sulaniyor-bebeklerde-goz-yasarmasi-akintisi-tedavisi\" target=\"_blank\" rel=\"noopener\"><span style=\"color:#FF0000;\">Bebeklerde G\u00f6z Sulanmas\u0131 Neden Olur, Nas\u0131l Ge\u00e7er? Doktor Cevapl\u0131yor T\u0131klay\u0131n\u0131z<\/span><\/a><\/span><\/strong><\/p>\n<p><strong><span style=\"font-size:16px;\"><a href=\"https:\/\/www.mavikadin.com\/bebeklerde-fitil-kac-saatte-bir-verilir-kabizlik-ates-icin-fitil\" target=\"_blank\" rel=\"noopener\">Bebeklerde Fitil Kullan\u0131m\u0131 (Uzman Doktor Bilgi Veriyor) T\u0131klay\u0131n\u0131z<\/a><\/span><\/strong><\/p>\n","protected":false},"excerpt":{"rendered":"<p>Bebeklerde kar\u0131n a\u011fr\u0131s\u0131 \u00e7ok s\u0131k rastlan\u0131lan bir sa\u011fl\u0131k sorunudur ve kolikten refl\u00fcye kadar pek \u00e7ok nedenden kaynaklanabilmektedir.\u00a0\u00d6zellikle 1, 2 ve 3 ya\u015f\u0131ndaki Bebeklerde kar\u0131n a\u011fr\u0131s\u0131 \u00e7ok s\u0131k rastlan\u0131lan bir sa\u011fl\u0131k sorunudur ve kolikten refl\u00fcye kadar pek \u00e7ok nedenden kaynaklanabilmektedir.&nbsp;\u00d6zellikle 1, 2 ve 3 ya\u015f\u0131ndaki \u00e7ocu\u011fun kar\u0131n a\u011fr\u0131s\u0131 s\u0131k kar\u015f\u0131la\u015f\u0131lan bir durumdur. Kar\u0131n a\u011fr\u0131s\u0131na \u00e7o\u011fu zaman [&hellip;]<\/p>\n","protected":false},"author":30,"featured_media":42382,"comment_status":"closed","ping_status":"open","sticky":false,"template":"","format":"standard","meta":{"rank_math_lock_modified_date":false,"footnotes":""},"categories":[111],"tags":[31068,31859,5881,32895,31715],"class_list":["post-42383","post","type-post","status-publish","format-standard","has-post-thumbnail","hentry","category-anne-cocuk","tag-bebek-bakimi","tag-bebek-gaz-sancisi","tag-bebek-sagligi","tag-bebeklerde-karin-agrisi","tag-kolik-bebek"],"_links":{"self":[{"href":"https:\/\/www.tgrthaber.com\/mavikadin\/wp-json\/wp\/v2\/posts\/42383"}],"collection":[{"href":"https:\/\/www.tgrthaber.com\/mavikadin\/wp-json\/wp\/v2\/posts"}],"about":[{"href":"https:\/\/www.tgrthaber.com\/mavikadin\/wp-json\/wp\/v2\/types\/post"}],"author":[{"embeddable":true,"href":"https:\/\/www.tgrthaber.com\/mavikadin\/wp-json\/wp\/v2\/users\/30"}],"replies":[{"embeddable":true,"href":"https:\/\/www.tgrthaber.com\/mavikadin\/wp-json\/wp\/v2\/comments?post=42383"}],"version-history":[{"count":1,"href":"https:\/\/www.tgrthaber.com\/mavikadin\/wp-json\/wp\/v2\/posts\/42383\/revisions"}],"predecessor-version":[{"id":42384,"href":"https:\/\/www.tgrthaber.com\/mavikadin\/wp-json\/wp\/v2\/posts\/42383\/revisions\/42384"}],"wp:featuredmedia":[{"embeddable":true,"href":"https:\/\/www.tgrthaber.com\/mavikadin\/wp-json\/wp\/v2\/media\/42382"}],"wp:attachment":[{"href":"https:\/\/www.tgrthaber.com\/mavikadin\/wp-json\/wp\/v2\/media?parent=42383"}],"wp:term":[{"taxonomy":"category","embeddable":true,"href":"https:\/\/www.tgrthaber.com\/mavikadin\/wp-json\/wp\/v2\/categories?post=42383"},{"taxonomy":"post_tag","embeddable":true,"href":"https:\/\/www.tgrthaber.com\/mavikadin\/wp-json\/wp\/v2\/tags?post=42383"}],"curies":[{"name":"wp","href":"https:\/\/api.w.org\/{rel}","templated":true}]}}