{"id":42386,"date":"2017-03-24T01:18:40","date_gmt":"2017-03-23T22:18:40","guid":{"rendered":"https:\/\/new.mavikadin.com\/?p=42386"},"modified":"2024-09-16T10:33:36","modified_gmt":"2024-09-16T07:33:36","slug":"kizim-oglum-kilo-almiyor-bebeklerin-kilo-almamasi-problemi","status":"publish","type":"post","link":"https:\/\/www.tgrthaber.com\/mavikadin\/kizim-oglum-kilo-almiyor-bebeklerin-kilo-almamasi-problemi\/","title":{"rendered":"K\u0131z\u0131m, O\u011flum Kilo Alm\u0131yor, Bebeklerin Kilo Almamas\u0131 Problemi"},"content":{"rendered":"<p>Her anne baba, her ebeveyn bebeklerinin normal kiloda ve sa\u011fl\u0131kl\u0131 olmas\u0131n\u0131 ister. Ancak\u00a0\u201c 1, 2, 3, 4, 5, 6, 7, 8, 9, 10, 11, 12 ayl\u0131k bebe\u011fim \u00a0kilo alm\u0131yor\u201d <\/p>\n<p>Her anne baba, her ebeveyn bebeklerinin normal kiloda ve sa\u011fl\u0131kl\u0131 olmas\u0131n\u0131 ister. Ancak&nbsp;<strong>\u201c 1, 2, 3, 4, 5, 6, 7, 8, 9, 10, 11, 12 ayl\u0131k bebe\u011fim &nbsp;kilo alm\u0131yor\u201d diye bu durumdan muzdarip olan pek \u00e7ok anne de vard\u0131r. \u0130\u015fte bu hususta \u00c7ocuk Doktorlar\u0131na sorulan sorular ve cevaplar\u0131;<\/strong><\/p>\n<p><span style=\"color:#FF8C00;\"><span style=\"font-size:16px;\"><strong>Sual:<\/strong><\/span><\/span>&nbsp;5 ayl\u0131k bebe\u011fim var do\u011fum kilosu 3750 \u015fuan 6400 gram. Boyu 66 cm.&nbsp;<strong>Kilo alamad\u0131\u011f\u0131 i\u00e7in doktora g\u00f6t\u00fcrd\u00fck, doktor fantomal diye \u00f6zel mama yazd\u0131. Bebe\u011fim \u00e7ok az kilo al\u0131yor ay\u0131na g\u00f6re zay\u0131f bir bebek. &nbsp;<\/strong>4,5 ayl\u0131kken alttan iki di\u015fi \u00e7\u0131kt\u0131. \u015eimdi \u00fcst dama\u011f\u0131 da \u015fi\u015fti. Ate\u015f, ishal huysuzluk yok ama kilo alam\u0131yor. 6.ay\u0131nda ama d\u00f6rt ayl\u0131k bebek gibi. neden kilo alm\u0131yor? Mama vermedim anne s\u00fct\u00fc al\u0131yordu. Yeni yeni aptamil ka\u015f\u0131k mamalar\u0131na ba\u015flad\u0131k. Kilo alamamas\u0131n\u0131n nedenleri nelerdir?&nbsp; Doktora g\u00f6t\u00fcrece\u011fim. Yapt\u0131rmam gereken tahliller nelerdir? (1ayda ald\u0131\u011f\u0131 kilo 500 600 gr)<\/p>\n<p><strong><span style=\"color:#FF8C00;\"><span style=\"font-size:16px;\">CEVAP<\/span>:<\/span><\/strong><\/p>\n<p><strong>&nbsp;Yrd.Do\u00e7.Dr. Seydi Battal G\u00f6lgeli\u2019nin cevab\u0131: ( Bence \u00f6nce titiz bir muayeneden ge\u00e7irilmeli ve kan ve idrar tahlilleri yapt\u0131r\u0131lmal\u0131. E\u011fer bir anormallik bulunursa tedavi edilmeli. Ayl\u0131k 500-600 graml\u0131k b\u00fcy\u00fcme az olsa da anormal de\u011fil. Fantamalta ihtiyac\u0131 oldu\u011fu konusunda hen\u00fcz emin de\u011filim. Tahlil sonu\u00e7lar\u0131 \u00e7\u0131kt\u0131\u011f\u0131nda bu konunun de\u011ferlendirilmesi daha uygu olur.)<\/strong><\/p>\n<p><span style=\"color:#FF8C00;\"><span style=\"font-size:16px;\"><strong>Sual:<\/strong><\/span><\/span>&nbsp;O\u011flum 8 ayl\u0131kken 9,50 kg, 2 ya\u015f\u0131nda 10 kilo idi. Sonra gittik\u00e7e kilosu d\u00fc\u015ft\u00fc.&nbsp;<strong>Yap\u0131lan kan testleri ve \u00e7ekilen akci\u011fer filmlerinde de bir \u015fey \u00e7\u0131kmad\u0131. Ama bir t\u00fcrl\u00fc kilo alm\u0131yor.<\/strong>&nbsp;Yeme iste\u011fi son derece az. Her \u015feyi deniyoruz fakat \u00e7ok i\u015ftahla yedi\u011fi bir yiyecek yok. Durum b\u00f6yle olunca art\u0131k endi\u015felendi\u011fim i\u00e7in ba\u015fka bir problem oldu\u011funa inanmaya ba\u015flad\u0131m. Hangi doktora g\u00f6t\u00fcrmeliyim ne gibi testler yapt\u0131rmal\u0131y\u0131m?<\/p>\n<p><span style=\"color:#FF8C00;\"><span style=\"font-size:16px;\"><strong>CEVAP<\/strong><\/span><\/span><\/p>\n<p><strong>Uzm.Dr. Adem Kutanis\u2019in cevab\u0131: &nbsp;(\u00c7ocuk Endokrinolojisi &nbsp;yani \u00c7ocuk b\u00fcy\u00fcme geli\u015fme b\u00f6l\u00fcm\u00fcne gitmeniz iyi olacakt\u0131r.)<\/strong><\/p>\n<p><span style=\"color:#FF8C00;\"><span style=\"font-size:16px;\"><strong>Sual:<\/strong>&nbsp;<\/span><\/span>K\u0131z\u0131m 3,5 ya\u015f\u0131nda 97cm ve 12,8 kg. Son 4 ayd\u0131r kilo alm\u0131yor.(S\u0131caklarla beraber su kayb\u0131ndan m\u0131 bilemiyorum.)\u0130\u015ftah\u0131 yok. Nadiren bizimle beraber yemek yiyor. Genelde \u00e7ikolatal\u0131 bisk\u00fcvi veya patates cipsi gibi yiyeceklerle \u00f6\u011f\u00fcn ge\u00e7i\u015ftiriyor. Bizle niye yemedi\u011fini sordu\u011fumuzda a\u011fz\u0131n\u0131n kenarlar\u0131n\u0131n kirlendi\u011finden yemek yemedi\u011fini s\u00f6yl\u00fcyor. Ne \u00f6nerirsiniz?<\/p>\n<p><span style=\"color:#FF8C00;\"><span style=\"font-size:16px;\"><strong>CEVAP<\/strong><\/span><\/span><\/p>\n<p>Diyetisyen Hamide Ataman\u2019\u0131n cevab\u0131:&nbsp; (K\u0131z\u0131n\u0131z\u0131n boyu i\u00e7in 50. persentil 98.5 cm, yani ya\u015f\u0131na g\u00f6re 1.5 cm k\u0131sa ve boyuna g\u00f6re ortalama 14 kg olmal\u0131. Bu durumda ya\u015f\u0131na g\u00f6re biraz geriden takip ediyor diyebiliriz.&nbsp;<strong>\u00d6ncelikle enerji i\u00e7eri\u011fi y\u00fcksek, ancak besin de\u011feri olmayan, besin \u00f6\u011felerinden yoksun bisk\u00fcvi, cips, \u015fekerleme vb besinlerin t\u00fcketimini s\u0131n\u0131rlamal\u0131, m\u00fcmk\u00fcnse kald\u0131rmal\u0131s\u0131n\u0131z. \u00c7\u00fcnk\u00fc bu besinler y\u00fcksek enerjili oldu\u011fu i\u00e7in i\u015ftah\u0131 azalt\u0131p, as\u0131l yemesi gereken vitamin, mineral, proteinden zengin besinleri yemesine engel oluyor. Bu t\u00fcr besinler yerine meyve, evde haz\u0131rlanm\u0131\u015f meyveli ya da s\u00fctl\u00fc tatl\u0131 tercih edilebilir. Yumurta, peynir, et\/tavuk\/bal\u0131k, sebze ve meyve gibi besin \u00f6\u011felerinden zengin besinlerin t\u00fcketimini \u00f6zendirmelisiniz. Bunu yaparken abur cuburlardan uzak durmas\u0131n\u0131 sa\u011flamal\u0131s\u0131n\u0131z<\/strong>.)<\/p>\n<p><span style=\"color:#FF8C00;\"><span style=\"font-size:16px;\"><strong>Sual:<\/strong><\/span><\/span>&nbsp;13 ayl\u0131k o\u011flumun kilosu 3-4 ayd\u0131r 10,5 kg. Bu normal mi? boyu 77 cm. \u00e7ok g\u00fczel yemek yiyor, i\u015ftah\u0131 iyi, her \u015feyi yiyor ama kilo alm\u0131yor. 2 hafta boyunca supra vit verdim ama bir de\u011fi\u015fiklik olmad\u0131. Siz ne tavsiye edersiniz?<\/p>\n<p><span style=\"color:#FF8C00;\"><span style=\"font-size:16px;\"><strong>CEVAP<\/strong><\/span><\/span><\/p>\n<p><strong>Uzm.Dr. ramazan \u00d6zen\u2019in cevab\u0131: (\u00c7ok yiyor kilo alm\u0131yorsa ya tart\u0131 yanl\u0131\u015f ya da serbest t4-tit tahlili(\u015feker at\u0131l\u0131m\u0131 var m\u0131)ve 6 saatlik a\u00e7l\u0131k kan \u015fekeri bakt\u0131rman\u0131z\u0131 gerektiren bir durum var&#8230;boy ve kilo \u00e7ok g\u00fczel. 9-15 ay aras\u0131 her ay 250-300 gram almas\u0131 beklenir.)<\/strong><\/p>\n<p><span style=\"color:#FF8C00;\"><span style=\"font-size:16px;\"><strong>Sual:<\/strong><\/span><\/span>&nbsp;19 ayl\u0131k bir o\u011flum var 10.8 kg, boyu 86 cm.4-5 ayd\u0131r ayn\u0131 kiloda. \u0130\u015ftahs\u0131zl\u0131k problemimiz var. Ne \u00f6nerirsiniz?<\/p>\n<p><span style=\"color:#FF8C00;\"><span style=\"font-size:16px;\"><strong>CEVAP<\/strong><\/span><\/span><\/p>\n<p>Uzm.Dr. Asaf G\u00fcven\u2019in cevab\u0131: (O\u011flunuzun boyu uzun kilosu da normal s\u0131n\u0131rlara giriyor.&nbsp;<strong>\u00c7ocuklar baz\u0131 aylarda kilo almayabilir.4-5 ay almama uzun s\u00fcre.<\/strong>&nbsp;Bu nedenle muayene olup tahlillerinin yap\u0131lmas\u0131 gerekir.)<\/p>\n<p><span style=\"color:#FF8C00;\"><span style=\"font-size:16px;\"><strong>Sual:<\/strong><\/span><\/span>&nbsp;K\u0131z\u0131m 12 ayl\u0131k. Di\u015fleri \u00e7\u0131kt\u0131\u011f\u0131 halde ka\u015f\u0131k ile bir \u015fey yemiyor.2 ayd\u0131r 10 kg, i\u015ftah\u0131 da yok. &nbsp;500ml mama ile ak\u015fam ediyor ne \u00f6nerirsiniz?<\/p>\n<p><span style=\"color:#FF8C00;\"><span style=\"font-size:16px;\"><strong>CEVAP<\/strong><\/span><\/span><\/p>\n<p><strong>Uzm.Dr. Murat Ayd\u0131n\u2019\u0131n cevab\u0131: (Kilosu iyi olup di\u015f \u00e7\u0131karmalarda i\u015ftah az olur ve de kilo al\u0131m\u0131 durabilir. Sorun yok, zorla beslemeyin.)<\/strong><\/p>\n<p><span style=\"color:#FF8C00;\"><span style=\"font-size:16px;\"><strong>Sual:<\/strong><\/span><\/span>&nbsp;O\u011flum 1 hafta sonra be\u015finci ay\u0131na girecek ve 4 kilo 400 gr. kilo alm\u0131yor. Doktor protifar diye bir mama \u00f6nerdi kullanmal\u0131 m\u0131y\u0131m?<\/p>\n<p><span style=\"color:#FF8C00;\"><span style=\"font-size:16px;\"><strong>CEVAP<\/strong><\/span><\/span><\/p>\n<p>Uzm.Dr. S\u00fcheyla G\u00f6r\u2019\u00fcn cevab\u0131: (4 ayl\u0131k bir bebek i\u00e7in 4,400gr d\u00fc\u015f\u00fck bir kilo. Do\u011fum kilosunu bilmek isterdim. Emziriyorsan\u0131z ve \u00e7al\u0131\u015fm\u0131yorsan\u0131z ek besin vermeniz do\u011fru olmaz<strong>. Bu bebekte idrar yolu enfeksiyonu veya ba\u015fka bir hastal\u0131k aranmal\u0131. Bu kilo olduk\u00e7a d\u00fc\u015f\u00fck; sorunun mama ile d\u00fczelmesini beklemiyorum.)<\/strong><\/p>\n<p><span style=\"color:#FF8C00;\"><span style=\"font-size:16px;\"><strong>Sual:<\/strong><\/span><\/span>&nbsp;3340 gr do\u011fan bebe\u011fim \u015fuan 6,5 ayl\u0131k 5300gr. yava\u015f kilo al\u0131yor. Ek g\u0131da beslenmesine ge\u00e7tik. \u0130drar, b\u00f6brek ultrasonu ve kan tahlili yap\u0131ld\u0131. Biraz kans\u0131zl\u0131k oldu\u011fu tespit edildi. Onun d\u0131\u015f\u0131nda bir sorun yok. Ne yapmal\u0131y\u0131m?<\/p>\n<p><span style=\"color:#FF8C00;\"><span style=\"font-size:16px;\"><strong>CEVAP<\/strong><\/span><\/span><\/p>\n<p>Uzm.Dr. Atilla Ersen\u2019in cevab\u0131: (B\u00fcy\u00fcme diyagram\u0131na bakt\u0131\u011f\u0131mda bebe\u011finizin kilosu ay\u0131na g\u00f6re normal s\u0131n\u0131r\u0131n alt\u0131nda oldu\u011fu g\u00f6r\u00fcl\u00fcyor.&nbsp;<strong>Bu durumda yapman\u0131z gereken, \u00e7ocuk endokrinolojisi ile g\u00f6r\u00fc\u015f\u00fcp daha sonras\u0131nda onlar\u0131n da \u00f6nerileriyle b\u00fcy\u00fcmesinin ciddi anlamda takip edilmesi veya altta yatan herhangi bir durum varsa ortaya konarak tedaviye gidilmesi olmal\u0131d\u0131r<\/strong>.)&nbsp;<\/p>\n<p><span style=\"font-size:16px;\"><strong><a href=\"https:\/\/www.mavikadin.com\/kilo-aldiran-bebek-yemekleri-tarifleri-listesi-tatlilar-corbalar\" target=\"_blank\" rel=\"noopener\"><span style=\"color:#FF0000;\">Bebeklere Kilo Ald\u0131ran Tarifler (En Lezzetli, Kilo Ald\u0131r\u0131c\u0131 Tarifler) T\u0131klay\u0131n\u0131z<\/span><\/a><\/strong><\/span><\/p>\n<p><span style=\"font-size:16px;\"><strong><a href=\"https:\/\/www.mavikadin.com\/bebeklere-gaz-yapmayan-mama-markalari-neledir\" target=\"_blank\" rel=\"noopener\">Bebeklerde Gaz Yapmayan Mama Markalar\u0131 \u0130\u00e7in T\u0131klay\u0131n\u0131z<\/a><\/strong><\/span><\/p>\n<p><span style=\"font-size:16px;\"><strong><a href=\"https:\/\/www.mavikadin.com\/bebegim-gece-uyumuyor-bebeklerin-gece-rahat-uyumasi-icin-ne-yapmali\" target=\"_blank\" rel=\"noopener\"><span style=\"color:#FF0000;\">Gece Uyumayan Bebek \u0130\u00e7in Ne Yapmal\u0131? \u00c7ocuk Doktorlar\u0131 Cevapl\u0131yor<\/span><\/a><\/strong><\/span><\/p>\n<p><span style=\"font-size:16px;\"><strong><a href=\"https:\/\/www.mavikadin.com\/3-4-5-6-7-8-9-10-11-12-aylik-bebekte-oksuruge-bitkisel-cozum\" target=\"_blank\" rel=\"noopener\">3,4,5,6,7,8,9,10,11,12 Ayl\u0131k Bebekte \u00d6ks\u00fcr\u00fc\u011fe Bitkisel \u00c7\u00f6z\u00fcm T\u0131klay\u0131n\u0131z<\/a><\/strong><\/span><\/p>\n<p><span style=\"font-size:16px;\"><strong><a href=\"https:\/\/www.mavikadin.com\/bebeklerde-boy-kilo-endeksi-cetveli-0-12-aylik-bebekler-icin\" target=\"_blank\" rel=\"noopener\"><span style=\"color:#FF0000;\">Bebekler Hangi Ayda Ka\u00e7 Kilo Olmal\u0131 Ve Boylar\u0131 Ka\u00e7 Olmal\u0131d\u0131r? T\u0131klay\u0131n\u0131z<\/span><\/a><\/strong><\/span><\/p>\n","protected":false},"excerpt":{"rendered":"<p>Her anne baba, her ebeveyn bebeklerinin normal kiloda ve sa\u011fl\u0131kl\u0131 olmas\u0131n\u0131 ister. Ancak\u00a0\u201c 1, 2, 3, 4, 5, 6, 7, 8, 9, 10, 11, 12 ayl\u0131k bebe\u011fim \u00a0kilo alm\u0131yor\u201d Her anne baba, her ebeveyn bebeklerinin normal kiloda ve sa\u011fl\u0131kl\u0131 olmas\u0131n\u0131 ister. Ancak&nbsp;\u201c 1, 2, 3, 4, 5, 6, 7, 8, 9, 10, 11, 12 ayl\u0131k [&hellip;]<\/p>\n","protected":false},"author":30,"featured_media":42385,"comment_status":"closed","ping_status":"open","sticky":false,"template":"","format":"standard","meta":{"rank_math_lock_modified_date":false,"footnotes":""},"categories":[111],"tags":[4049,32960,33202,33203,33201],"class_list":["post-42386","post","type-post","status-publish","format-standard","has-post-thumbnail","hentry","category-anne-cocuk","tag-bebek-beslenmesi","tag-bebek-kilo-alimi","tag-bebeklerde-istahsizlik","tag-cocuk-doktoru-tavsiyesi","tag-cocuk-kilo-alamiyor"],"_links":{"self":[{"href":"https:\/\/www.tgrthaber.com\/mavikadin\/wp-json\/wp\/v2\/posts\/42386"}],"collection":[{"href":"https:\/\/www.tgrthaber.com\/mavikadin\/wp-json\/wp\/v2\/posts"}],"about":[{"href":"https:\/\/www.tgrthaber.com\/mavikadin\/wp-json\/wp\/v2\/types\/post"}],"author":[{"embeddable":true,"href":"https:\/\/www.tgrthaber.com\/mavikadin\/wp-json\/wp\/v2\/users\/30"}],"replies":[{"embeddable":true,"href":"https:\/\/www.tgrthaber.com\/mavikadin\/wp-json\/wp\/v2\/comments?post=42386"}],"version-history":[{"count":1,"href":"https:\/\/www.tgrthaber.com\/mavikadin\/wp-json\/wp\/v2\/posts\/42386\/revisions"}],"predecessor-version":[{"id":42387,"href":"https:\/\/www.tgrthaber.com\/mavikadin\/wp-json\/wp\/v2\/posts\/42386\/revisions\/42387"}],"wp:featuredmedia":[{"embeddable":true,"href":"https:\/\/www.tgrthaber.com\/mavikadin\/wp-json\/wp\/v2\/media\/42385"}],"wp:attachment":[{"href":"https:\/\/www.tgrthaber.com\/mavikadin\/wp-json\/wp\/v2\/media?parent=42386"}],"wp:term":[{"taxonomy":"category","embeddable":true,"href":"https:\/\/www.tgrthaber.com\/mavikadin\/wp-json\/wp\/v2\/categories?post=42386"},{"taxonomy":"post_tag","embeddable":true,"href":"https:\/\/www.tgrthaber.com\/mavikadin\/wp-json\/wp\/v2\/tags?post=42386"}],"curies":[{"name":"wp","href":"https:\/\/api.w.org\/{rel}","templated":true}]}}