{"id":42392,"date":"2017-03-25T21:34:39","date_gmt":"2017-03-25T18:34:39","guid":{"rendered":"https:\/\/new.mavikadin.com\/?p=42392"},"modified":"2024-09-16T10:33:41","modified_gmt":"2024-09-16T07:33:41","slug":"17-aylik-on-yedi-aylik-bebek-gelisimi-boy-kilo-bas-cevresi-olculeri","status":"publish","type":"post","link":"https:\/\/www.tgrthaber.com\/mavikadin\/17-aylik-on-yedi-aylik-bebek-gelisimi-boy-kilo-bas-cevresi-olculeri\/","title":{"rendered":"17 Ayl\u0131k (On yedi Ayl\u0131k) Bebek Geli\u015fimi Boy Kilo, Ba\u015f \u00c7evresi \u00d6l\u00e7\u00fcleri"},"content":{"rendered":"<p>Bebek geli\u015fim cetvelleri, bebek ve \u00e7ocuklar\u0131n, normal boy ve kilo aral\u0131\u011f\u0131n\u0131 izlemek i\u00e7in kullan\u0131l\u0131r. \u00c7ocu\u011funuz normal de\u011ferlerin \u00e7ok alt\u0131nda yahut \u00e7ok \u00fcst\u00fcnde<\/p>\n<p>Bebek geli\u015fim cetvelleri, bebek ve \u00e7ocuklar\u0131n, normal boy ve kilo aral\u0131\u011f\u0131n\u0131 izlemek i\u00e7in kullan\u0131l\u0131r. \u00c7ocu\u011funuz normal de\u011ferlerin \u00e7ok alt\u0131nda yahut \u00e7ok \u00fcst\u00fcnde de\u011filse ortada endi\u015felenecek hi\u00e7 bir \u015fey yoktur. Bebeklerde ilk 1 y\u0131l boy uzamas\u0131 ve kilo art\u0131m\u0131 h\u0131zl\u0131 bir \u015fekilde ger\u00e7ekle\u015fir, 1 ya\u015f\u0131ndan sonra ise boy ve kilodaki art\u0131\u015f yava\u015flar. \u00d6rne\u011fin 3 kilo olan bebek 1 y\u0131l\u0131n sonunda 10 kiloya \u00e7\u0131kar, 2. y\u0131l\u0131n sonunda ise 12 kiloya ula\u015f\u0131r.<\/p>\n<p><strong>17 ayl\u0131k k\u0131z bebekler i\u00e7in normal kilo; 10 kilo 400 gram, erkek bebekler i\u00e7in ise 10 kilo 700 gramd\u0131r. 17 ayl\u0131k k\u0131z bebe\u011fin boyu 79.7 cm&#8217;dir, erkek bebe\u011fin ise 81.2 cm&#8217;dir. 17 ayl\u0131k erkek bebek ba\u015f \u00e7evresi de\u011ferleri; alt s\u0131n\u0131r 44.7,cm ortalama ba\u015f \u00e7evresi&nbsp; 47.2 cm \u00fcst s\u0131n\u0131r; 49.7\u2019dir. 17 ayl\u0131k k\u0131z bebek ba\u015f \u00e7evresi de\u011ferleri; alt s\u0131n\u0131r; 43.5 cm, ortalama ba\u015f \u00e7evresi&nbsp; 46.1 cm, \u00fcst s\u0131n\u0131r ise 48.7 cm\u2019dir.<\/strong><\/p>\n<p>\u00d6zetle 17 ayl\u0131k bebeklerin ortalama &nbsp;normal kilosu 8.7 &#8211; 13.2 kg , boyu ise 74.3 &#8211; 85.0 cm aras\u0131nda de\u011fi\u015fir diyebiliriz.<\/p>\n<p>Bildirdi\u011fimiz rakamlar ortalama de\u011ferlerdir. Siz ve e\u015finiz k\u0131saysa, bebek yeterli beslenmiyorsa, bebe\u011finizde kronik bir hastal\u0131k varsa, genetik olarak ailece zay\u0131f yap\u0131daysan\u0131z, t\u00fcm bunlar bebe\u011finizin boy ve kilosunu etkileyen fakt\u00f6rlerdendir.<\/p>\n<p><span style=\"color:#FF8C00;\"><span style=\"font-size:18px;\"><strong><u>17 ayl\u0131k bebek boy kilo ba\u015f \u00e7evresi ile ilgili doktorlara sorular ve cevaplar\u0131;<\/u><\/strong><\/span><\/span><\/p>\n<p><span style=\"color:#FF8C00;\"><span style=\"font-size:16px;\"><strong>Sual:<\/strong><\/span><\/span> K\u0131z\u0131m\u0131z 17 ayl\u0131k 50 cm.3880 gr do\u011fdu? Normalde \u015fu an olmas\u0131 gereken boy ve kilo ne olmal\u0131d\u0131r?<\/p>\n<p><span style=\"color:#FF8C00;\"><span style=\"font-size:16px;\"><strong>CEVAP<\/strong><\/span><\/span><\/p>\n<p>\u00c7ocuk Doktoru An\u0131l Ye\u015fildal&#8217;\u0131n cevab\u0131: (Ortalama de\u011ferler 79 cm ve 11 kilo civar\u0131 ancak bu rakamlar ille de olacak diye bir kural yok. 71 cm ve 8 kilo da alt s\u0131n\u0131r.)<\/p>\n<p><span style=\"color:#FF8C00;\"><span style=\"font-size:16px;\"><strong>Sual<\/strong><\/span><\/span>: O\u011flum 17 ayl\u0131k kilosu 10,800gr boyu 83cm yemek al\u0131\u015fkanl\u0131\u011f\u0131 s\u0131f\u0131r geli\u015fimi sizce ne durumda?<\/p>\n<p><span style=\"color:#FF8C00;\"><span style=\"font-size:16px;\"><strong>CEVAP<\/strong><\/span><\/span><\/p>\n<p>\u00c7ocuk Doktoru Bar\u0131\u015f \u0130lhan&#8217;\u0131n cevab\u0131: (\u00c7ocu\u011funuzun b\u00fcy\u00fcmesi normal s\u0131n\u0131rlarda.)<\/p>\n<p><span style=\"color:#FF8C00;\"><span style=\"font-size:16px;\"><strong>Sual<\/strong><\/span><\/span>: 17 ayl\u0131k o\u011flum 9400 kg a\u011f\u0131rl\u0131\u011f\u0131nda,79 cm.Acaba boy ve kilosu geli\u015fime uygun mu?<\/p>\n<p><span style=\"color:#FF8C00;\"><span style=\"font-size:16px;\"><strong>CEVAP<\/strong><\/span><\/span><\/p>\n<p>\u00c7ocuk Doktoru Bar\u0131\u015f \u0130lhan&#8217;\u0131n cevab\u0131: (\u00c7ocu\u011funuzun kilosu %3-10, boyu ise %25-50 persantilde seyrediyor.Yani boyuna g\u00f6re kilosu biraz d\u00fc\u015f\u00fck.)<\/p>\n<p><span style=\"color:#FF8C00;\"><span style=\"font-size:16px;\"><strong>Sual<\/strong><\/span><\/span>: O\u011flum 8 ayl\u0131k do\u011fdu. Do\u011fum kilosu 2460 gr ,boy 47 cm, ba\u015f \u00e7evresi 32 cm . \u015euan 17 ayl\u0131k ve kilosu 10,4 kg, boy 85 cm, ba\u015f \u00e7evresi 44,5 cm. <strong>Doktorumuz ba\u015f \u00e7evresinin k\u00fc\u00e7\u00fck oldu\u011funu beyin cerrah\u0131na muayene olmam\u0131z\u0131 s\u00f6yledi.<\/strong> bunun beyin geli\u015fimini etkiledi\u011fini \u00f6\u011frendik ve \u015fuan buyuk bir s\u0131k\u0131nt\u0131 i\u00e7indeyiz. Biz o\u011flumun zeka ve hareket kabiliyetinde herhangi bir sorun g\u00f6zlemlemedik. Sizin fikriniz nedir?<\/p>\n<p><span style=\"color:#FF8C00;\"><span style=\"font-size:16px;\"><strong>CEVAP<\/strong><\/span><\/span><\/p>\n<p>\u00c7ocuk Doktoru K\u00fcr\u015fad Ayd\u0131n&#8217;\u0131n cevab\u0131: (Sorun olmayabilir ancak bir \u00e7ocuk n\u00f6rolojisi uzman\u0131n muayene etmesi ve n\u00f6rolojik geli\u015fimini de\u011ferlendirmesi belirsizli\u011fi giderebilir.)<\/p>\n<p><span style=\"color:#FF8C00;\"><span style=\"font-size:16px;\"><strong>Sual<\/strong><\/span><\/span>: Bebe\u011fim 17 ayl\u0131k 10.500gr k\u0131z bebek \u00e7ok yava\u015ftan kilo al\u0131yor ve biraz i\u015ftahs\u0131zl\u0131k var ne t\u00fcr yiyecekler yedirirsem i\u015ftah\u0131 a\u00e7\u0131l\u0131r, vitamin eksikli\u011fi de var?<\/p>\n<p><span style=\"color:#FF8C00;\"><span style=\"font-size:16px;\"><strong>CEVAP<\/strong><\/span><\/span><\/p>\n<p>Beslenme Uzman\u0131 Ve Diyetisyen Nihan Orta\u00e7&#8217;\u0131n cevab\u0131: (Standartlara g\u00f6re 17 ayl\u0131k k\u0131z bebek i\u00e7in 10,5 kg zay\u0131f kategorisine girmemektedir. Ancak geli\u015fimini g\u00f6zlemlemek i\u00e7in kilonun yan\u0131nda boy uzunlu\u011fu da \u00e7ok \u00f6nemli bir g\u00f6stergedir. vitamin eksikli\u011finin var olmas\u0131 bebe\u011finizin d\u00fczenli ve dengeli beslenmedi\u011finin bir g\u00f6stergesi olabilir. Bu nedenle bir \u00e7ocuk doktorundan veya diyetisyenden yard\u0131m alarak ana ve ara \u00f6\u011f\u00fcnlerden olu\u015fan bir beslenme program\u0131 haz\u0131rlanmas\u0131 sa\u011fl\u0131kl\u0131 olacakt\u0131r.)<\/p>\n<p><span style=\"color:#FF8C00;\"><span style=\"font-size:16px;\"><strong>Sual<\/strong><\/span><\/span>: Bebe\u011fim 17 ayl\u0131k. Do\u011fum kilosu 2,200 boyu 46 cm. \u015euanki kilosu 9,600 boy 82 cm \u00e7ok i\u015ftahl\u0131 bir \u00e7ocuk de\u011fil ama az da olsa d\u00fczenli bir beslenmesi var. Fakat kilo hep b\u00f6yle az geli\u015fimini de\u011ferlendirebilir misiniz?<\/p>\n<p><span style=\"color:#FF8C00;\"><span style=\"font-size:16px;\"><strong>CEVAP<\/strong><\/span><\/span><\/p>\n<p>\u00c7ocuk Doktoru Mehmet \u00d6zt\u00fcrk&#8217;\u00fcn cevab\u0131: (Bebe\u011finizin do\u011fum kilosu d\u00fc\u015f\u00fck oldu\u011fu i\u00e7in geli\u015fmesinin ya\u015f\u0131tlar\u0131ndan geri olmas\u0131 do\u011fal ama daha do\u011fru de\u011ferlendirme i\u00e7in ayr\u0131nt\u0131l\u0131 muayene ve tetkikler yap\u0131lmal\u0131)<\/p>\n<p><span style=\"font-size:16px;\"><strong><a href=\"https:\/\/www.mavikadin.com\/kizim-oglum-kilo-almiyor-bebeklerin-kilo-almamasi-problemi\" target=\"_blank\" rel=\"noopener\"><span style=\"color:#FF0000;\">Bebe\u011fim Kilo Alm\u0131yor Ne Yapmal\u0131y\u0131m? Uzman Doktorlar Cevapl\u0131yor T\u0131klay\u0131n\u0131z<\/span><\/a><\/strong><\/span><\/p>\n<p><span style=\"font-size:16px;\"><strong><a href=\"https:\/\/www.mavikadin.com\/kilo-aldiran-bebek-yemekleri-tarifleri-listesi-tatlilar-corbalar\" target=\"_blank\" rel=\"noopener\">Bebeklere Kilo Ald\u0131ran Tarifler (En Lezzetli, Kilo Ald\u0131r\u0131c\u0131 Tarifler) T\u0131klay\u0131n\u0131z<\/a><\/strong><\/span><\/p>\n<p><span style=\"font-size:16px;\"><strong><a href=\"https:\/\/www.mavikadin.com\/bebeklerde-boy-kilo-endeksi-cetveli-0-12-aylik-bebekler-icin\" target=\"_blank\" rel=\"noopener\"><span style=\"color:#FF0000;\">Bebekler Hangi Ayda Ka\u00e7 Kilo Olmal\u0131 Ve Boylar\u0131 Ka\u00e7 Olmal\u0131d\u0131r? T\u0131klay\u0131n\u0131z<\/span><\/a><\/strong><\/span><\/p>\n<p><span style=\"font-size:16px;\"><strong><a href=\"https:\/\/www.mavikadin.com\/bebegim-emmek-istemiyor-emmiyor-emmeyi-neden-reddeder-neden-aglar\" target=\"_blank\" rel=\"noopener\">Bebek Neden Emmez, Emmesi \u0130\u00e7in Ne Yapmal\u0131y\u0131m? &nbsp;Doktorlar Cevapl\u0131yor T\u0131klay\u0131n\u0131z<\/a><\/strong><\/span><\/p>\n<p><span style=\"font-size:16px;\"><strong><a href=\"https:\/\/www.mavikadin.com\/bebek-gazi-ilaci-ve-gaz-damlasi-markalari-doktorlar-bilgi-veriyor\" target=\"_blank\" rel=\"noopener\"><span style=\"color:#FF0000;\">Bebekler \u0130\u00e7in Gaz Giderici \u0130la\u00e7lar Nelerdir? Doktorlar Cevapl\u0131yor T\u0131klay\u0131n\u0131z<\/span><\/a><\/strong><\/span><\/p>\n","protected":false},"excerpt":{"rendered":"<p>Bebek geli\u015fim cetvelleri, bebek ve \u00e7ocuklar\u0131n, normal boy ve kilo aral\u0131\u011f\u0131n\u0131 izlemek i\u00e7in kullan\u0131l\u0131r. \u00c7ocu\u011funuz normal de\u011ferlerin \u00e7ok alt\u0131nda yahut \u00e7ok \u00fcst\u00fcnde Bebek geli\u015fim cetvelleri, bebek ve \u00e7ocuklar\u0131n, normal boy ve kilo aral\u0131\u011f\u0131n\u0131 izlemek i\u00e7in kullan\u0131l\u0131r. \u00c7ocu\u011funuz normal de\u011ferlerin \u00e7ok alt\u0131nda yahut \u00e7ok \u00fcst\u00fcnde de\u011filse ortada endi\u015felenecek hi\u00e7 bir \u015fey yoktur. Bebeklerde ilk 1 y\u0131l [&hellip;]<\/p>\n","protected":false},"author":30,"featured_media":42391,"comment_status":"closed","ping_status":"open","sticky":false,"template":"","format":"standard","meta":{"rank_math_lock_modified_date":false,"footnotes":""},"categories":[111],"tags":[33209,32922,32823,33210,8092],"class_list":["post-42392","post","type-post","status-publish","format-standard","has-post-thumbnail","hentry","category-anne-cocuk","tag-17-ay-bebek-gelisimi","tag-bebek-bas-cevresi","tag-bebek-boy-kilo","tag-bebek-gelisim-cetveli","tag-cocuk-gelisimi"],"_links":{"self":[{"href":"https:\/\/www.tgrthaber.com\/mavikadin\/wp-json\/wp\/v2\/posts\/42392"}],"collection":[{"href":"https:\/\/www.tgrthaber.com\/mavikadin\/wp-json\/wp\/v2\/posts"}],"about":[{"href":"https:\/\/www.tgrthaber.com\/mavikadin\/wp-json\/wp\/v2\/types\/post"}],"author":[{"embeddable":true,"href":"https:\/\/www.tgrthaber.com\/mavikadin\/wp-json\/wp\/v2\/users\/30"}],"replies":[{"embeddable":true,"href":"https:\/\/www.tgrthaber.com\/mavikadin\/wp-json\/wp\/v2\/comments?post=42392"}],"version-history":[{"count":1,"href":"https:\/\/www.tgrthaber.com\/mavikadin\/wp-json\/wp\/v2\/posts\/42392\/revisions"}],"predecessor-version":[{"id":42393,"href":"https:\/\/www.tgrthaber.com\/mavikadin\/wp-json\/wp\/v2\/posts\/42392\/revisions\/42393"}],"wp:featuredmedia":[{"embeddable":true,"href":"https:\/\/www.tgrthaber.com\/mavikadin\/wp-json\/wp\/v2\/media\/42391"}],"wp:attachment":[{"href":"https:\/\/www.tgrthaber.com\/mavikadin\/wp-json\/wp\/v2\/media?parent=42392"}],"wp:term":[{"taxonomy":"category","embeddable":true,"href":"https:\/\/www.tgrthaber.com\/mavikadin\/wp-json\/wp\/v2\/categories?post=42392"},{"taxonomy":"post_tag","embeddable":true,"href":"https:\/\/www.tgrthaber.com\/mavikadin\/wp-json\/wp\/v2\/tags?post=42392"}],"curies":[{"name":"wp","href":"https:\/\/api.w.org\/{rel}","templated":true}]}}