{"id":42401,"date":"2017-03-26T20:59:02","date_gmt":"2017-03-26T17:59:02","guid":{"rendered":"https:\/\/new.mavikadin.com\/?p=42401"},"modified":"2024-09-16T10:33:49","modified_gmt":"2024-09-16T07:33:49","slug":"cocuklarin-istahini-ne-acar-cocugum-cok-istahsiz-ne-yapmaliyim","status":"publish","type":"post","link":"https:\/\/www.tgrthaber.com\/mavikadin\/cocuklarin-istahini-ne-acar-cocugum-cok-istahsiz-ne-yapmaliyim\/","title":{"rendered":"\u00c7ocuklar\u0131n \u0130\u015ftah\u0131n\u0131 Ne A\u00e7ar, \u00c7ocu\u011fum \u00c7ok \u0130\u015ftahs\u0131z Ne Yapmal\u0131y\u0131m?"},"content":{"rendered":"<p>\u00c7ocuklarda i\u015ftahs\u0131zl\u0131k s\u0131k kar\u015f\u0131la\u015f\u0131lan bir sorundur ve kans\u0131zl\u0131ktan, ba\u011f\u0131rsak parazitlerine kadar \u00e7e\u015fitli sa\u011fl\u0131k sorunlar\u0131ndan kaynaklanabilmektedir. \u0130\u015fte <\/p>\n<p>\u00c7ocuklarda i\u015ftahs\u0131zl\u0131k s\u0131k kar\u015f\u0131la\u015f\u0131lan bir sorundur ve kans\u0131zl\u0131ktan, ba\u011f\u0131rsak parazitlerine kadar \u00e7e\u015fitli sa\u011fl\u0131k sorunlar\u0131ndan kaynaklanabilmektedir. \u0130\u015fte \u00e7ocuklardaki i\u015ftahs\u0131zl\u0131\u011f\u0131n nedenleri ve tedavisi;<\/p>\n<p><span style=\"color:#FF8C00;\"><span style=\"font-size:18px;\"><strong><u>Kans\u0131zl\u0131k<\/u><\/strong><\/span><\/span><\/p>\n<p>Kans\u0131zl\u0131k \u00e7ocuklardaki i\u015ftahs\u0131zl\u0131\u011f\u0131n en s\u0131k kar\u015f\u0131la\u015f\u0131lan nedenidir. Demir a\u00e7\u0131s\u0131ndan yetersiz beslenen \u00e7ocuklar\u0131n v\u00fccudunda demir miktar\u0131 d\u00fc\u015fer ve kans\u0131zl\u0131k sorunu ortaya \u00e7\u0131kar. <strong>\u00c7ocuklarda kans\u0131zl\u0131\u011f\u0131n di\u011fer belirtileri ise soluk cilt, \u00e7abuk yorulma, halsizlik ve ba\u011f\u0131\u015f\u0131kl\u0131k sisteminin zay\u0131f olup s\u0131k hasta olmakt\u0131r.<\/strong> \u00c7ocuk doktoruna ba\u015fvurup kan testi yapt\u0131rarak \u00e7ocu\u011funuzda kans\u0131zl\u0131k olup olmad\u0131\u011f\u0131n\u0131 tespit ettirebilir, gerekli tedaviyi g\u00f6rebilirsiniz.<\/p>\n<p><span style=\"color:#FF8C00;\"><span style=\"font-size:18px;\"><strong><u>Ba\u011f\u0131rsak parazitleri (Ba\u011f\u0131rsak kurdu)<\/u><\/strong><\/span><\/span><\/p>\n<p>Ba\u011f\u0131rsak solucanlar\u0131 da \u00e7ocu\u011fun i\u015ftah\u0131n\u0131 ka\u00e7\u0131rabilmektedir. Solucanlar \u00e7e\u015fitli vesilelerle \u00e7ocu\u011fun sindirim sistemine girer ve ba\u011f\u0131rsak kanamas\u0131, i\u015ftahs\u0131zl\u0131k dizanteri gibi sorunlara yol a\u00e7arlar.<\/p>\n<p><span style=\"color:#FF8C00;\"><span style=\"font-size:18px;\"><strong><u>Kronik hastal\u0131klar<\/u><\/strong><\/span><\/span><\/p>\n<p>Troid yetersizli\u011fi, \u015feker hastal\u0131\u011f\u0131, kistik fibroz, \u00e7\u00f6lyak, gibi sa\u011fl\u0131k sorunlar\u0131 \u00e7ocuklar\u0131 \u00e7ocuklarda i\u015ftahs\u0131zl\u0131k&nbsp; ve b\u00fcy\u00fcme gerili\u011fi yapabilir. Bu \u00e7ocuklar\u0131n erken te\u015fhisi \u00f6nemlidir. Ayr\u0131ca bu \u00e7ocuklar \u00e7o\u011fu kez ba\u015fka sa\u011fl\u0131k problemleri de ya\u015farlar.<\/p>\n<p><span style=\"color:#FF8C00;\"><span style=\"font-size:18px;\"><strong><u>\u00c7ocuk istismar\u0131 (fiziksel ya da duygusal)<\/u><\/strong><\/span><\/span><\/p>\n<p>\u0130stismara u\u011frayan \u00e7ocuklarda i\u015ftahs\u0131zl\u0131k s\u0131k\u00e7a g\u00f6r\u00fcl\u00fcr ayr\u0131ca pek \u00e7ok di\u011fer duygusal ve fiziksel problemler de bu soruna e\u015flik eder.<\/p>\n<p><span style=\"color:#FF8C00;\"><span style=\"font-size:18px;\"><strong><u>Kab\u0131zl\u0131k<\/u><\/strong><\/span><\/span><\/p>\n<p>\u00c7ocuklardaki i\u015ftahs\u0131zl\u0131\u011f\u0131n bir di\u011fer nedeni de kab\u0131zl\u0131kt\u0131r. Kab\u0131zl\u0131\u011f\u0131n tedavisiyle birlikte \u00e7ocu\u011fun i\u015ftah\u0131 da geri gelecektir.<\/p>\n<p><span style=\"color:#FF8C00;\"><span style=\"font-size:18px;\"><strong><u>Ge\u00e7ici durumlar<\/u><\/strong><\/span><\/span><\/p>\n<p>Di\u015f \u00e7\u0131karma d\u00f6nemi, ev ta\u015f\u0131nmas\u0131 nedeniyle hava de\u011fi\u015fimi, tatil nedeniyle evden uzakla\u015fma, anneden ya da babadan ayr\u0131lma gibi nedenler \u00e7ocuklarda ge\u00e7ici olarak i\u015ftah\u0131n azalmas\u0131na yol a\u00e7abilir. Yeni duruma al\u0131\u015ft\u0131k\u00e7a i\u015ftahs\u0131zl\u0131k da ortadan kalkacakt\u0131r.<\/p>\n<p><span style=\"color:#FF8C00;\"><span style=\"font-size:18px;\"><strong><u>\u00c7ocuklarda i\u015ftahs\u0131zl\u0131\u011f\u0131n di\u011fer nedenleri<\/u><\/strong><\/span><\/span><\/p>\n<ol>\n<li>Vitamin ve mineral eksiklikleri<\/li>\n<li>\u00c7inko eksikli\u011fi<\/li>\n<li>Gastrointestinal problemler<\/li>\n<li>Gastro \u00f6zofagial refl\u00fc<\/li>\n<li>Orofaringeal ve gastrointestinal anomaliler<\/li>\n<li>N\u00f6rolojik problemler<\/li>\n<li>Ba\u011f\u0131rsak hastal\u0131klar\u0131<\/li>\n<li>Gastrit, \u00fclser<\/li>\n<li>Kar\u0131n a\u011fr\u0131s\u0131, kab\u0131zl\u0131k<\/li>\n<li>Gecikmi\u015f gastrik bo\u015falma<\/li>\n<li>Yiyecek alerjileri<\/li>\n<li>Serebral palsi<\/li>\n<li>Epilepsi<\/li>\n<li>Annenin ya da bak\u0131c\u0131n\u0131n bask\u0131c\u0131 tutumu<\/li>\n<li>Psikolojik problemler<\/li>\n<li>Galatozemi, fenilketon\u00fcri vb.<\/li>\n<\/ol>\n<p><span style=\"color:#FF8C00;\"><span style=\"font-size:18px;\"><strong><u>\u00c7ocuklarda i\u015ftahs\u0131zl\u0131k nas\u0131l ge\u00e7er?<\/u><\/strong><\/span><\/span><\/p>\n<p>\u00c7ocu\u011funuzdaki i\u015ftahs\u0131zl\u0131ktan muzdaripseniz ilk yapman\u0131z gereken onu \u00dcniversite ara\u015ft\u0131rma hastanesi \u00c7ocuk doktoruna g\u00f6t\u00fcrmek olmal\u0131d\u0131r. Doktor \u00e7e\u015fitli tetkikleri yapt\u0131ktan sonra durumun nedenini tespit edip gerekli tedaviyi uygulayacakt\u0131r.<\/p>\n<p><span style=\"color:#FF8C00;\"><span style=\"font-size:18px;\"><strong><u>\u00c7ocuklarda i\u015ftahs\u0131zl\u0131kla ilgili \u00c7ocuk Doktorlar\u0131na sorular ve cevaplar\u0131<\/u><\/strong><\/span><\/span><\/p>\n<p><span style=\"color:#FF8C00;\"><strong><span style=\"font-size:16px;\">Sual<\/span><\/strong><\/span>: O\u011flum 18 ayl\u0131k a\u015f\u0131r\u0131 \u015f\u0131r\u0131 derecede i\u015ftahs\u0131zl\u0131\u011f\u0131 i\u00e7in bal\u0131k ya\u011f\u0131 ve vitamin i\u00e7eren hangi i\u015ftah a\u00e7\u0131c\u0131 \u015furubu tavsiye edersiniz?<\/p>\n<p><span style=\"color:#FF8C00;\"><span style=\"font-size:16px;\"><strong>CEVAP<\/strong><\/span><\/span><\/p>\n<p>\u00c7ocuk Doktoru Ramazan \u00d6zen&#8217;in cevab\u0131: (Zincomega veya nutrigen OMEGA adl\u0131 \u015furuptan g\u00fcnde 1 kez 1 tatl\u0131 ka\u015f\u0131\u011f\u0131 vermenizi \u00f6neririm.)<\/p>\n<p><span style=\"color:#FF8C00;\"><span style=\"font-size:16px;\"><strong>Sual<\/strong><\/span><\/span>: Benim 16 ayl\u0131k k\u0131z\u0131m var \u00e7ok i\u015ftahs\u0131z bal\u0131k ya\u011f\u0131m\u0131 yoksa vitamin mi kullanay\u0131m siz ne \u00f6nerirsiniz?<\/p>\n<p><span style=\"color:#FF8C00;\"><span style=\"font-size:16px;\"><strong>CEVAP<\/strong><\/span><\/span><\/p>\n<p>\u00c7ocuk Doktoru Murat Ayd\u0131n&#8217;\u0131n cevab\u0131: (ila\u00e7 kullanmadan \u00f6nce muayene edilip de\u011ferlendirmenin yap\u0131lmas\u0131 uygun olur.)<\/p>\n<p><span style=\"color:#FF8C00;\"><span style=\"font-size:16px;\"><strong>Sual<\/strong><\/span><\/span>: 2 ya\u015f\u0131nda 4-5 g\u00fcnd\u00fcr \u00e7ok i\u015ftahs\u0131z yemek yemiyor a\u00e7 oluncada \u00e7ok huysuz zinferol diye bir vitamin ilac\u0131 duydum acaba nas\u0131l kullanmal\u0131m\u0131y\u0131m bir yarar\u0131 olur mu sizce sak\u0131ncas\u0131 var m\u0131d\u0131r?<\/p>\n<p><span style=\"color:#FF8C00;\"><span style=\"font-size:16px;\"><strong>CEVAP<\/strong><\/span><\/span><\/p>\n<p>\u00c7ocuk Doktoru Murat Ayd\u0131n&#8217;\u0131n cevab\u0131: (Sak\u0131ncas\u0131 olmas\u0131na yok da muayene edilerek gereken \u00f6nerilerin yap\u0131lmas\u0131 daha do\u011fru olur.)<\/p>\n<p><span style=\"color:#FF8C00;\"><span style=\"font-size:18px;\"><strong><u>Doktorlardan i\u015ftahs\u0131z \u00e7ocuklar i\u00e7in tavsiyeler<\/u><\/strong><\/span><\/span><\/p>\n<ol>\n<li>Yemekten \u00f6nce \u00e7ocu\u011fa abur cubur g\u0131dalar yedirmeyin. \u00c7ocu\u011fun i\u015ftah\u0131n\u0131 ka\u00e7\u0131rabilir.<\/li>\n<li>\u00c7ocu\u011fun taba\u011f\u0131na yiyebilece\u011fi kadar yemek koymak, bazen de azar azar yemek koyarak tabaktaki yeme\u011fin&nbsp;<strong>her biti\u015finde \u00e7ocu\u011fu takdir etmek onun yemek yeme davran\u0131\u015f\u0131n\u0131n peki\u015fmesine yard\u0131mc\u0131 olabilir.<\/strong><\/li>\n<li>\u00c7ocuklar\u0131n mide kapasiteleri k\u00fc\u00e7\u00fck oldu\u011fu i\u00e7in 7\u20138 ka\u015f\u0131ktan sonra yemek istemeyebilirler. Bu durumda \u00e7ocuklar\u0131 zorlamay\u0131n.<\/li>\n<li>\u0130\u00e7ecekleri yemekten \u00f6nce t\u00fcketmemesini sa\u011flay\u0131n.Pek \u00e7ok \u00e7ocuk, yemek saatinden \u00f6nce ac\u0131k\u0131r ve bir \u015feyler i\u00e7mek ister. <strong>Bunun sonucunda, midesi dolu oldu\u011fundan yemek yemek istemez, kendini tok hisseder<\/strong>. Bu nedenle; \u00e7ocu\u011funuzun yemekten 1 saat \u00f6ncesine kadar ve tabii yemek s\u0131ras\u0131nda, s\u0131v\u0131 al\u0131m\u0131n\u0131 s\u0131n\u0131rland\u0131r\u0131n. Masaya i\u00e7ecek koymamaya \u00e7al\u0131\u015f\u0131n<\/li>\n<li>Yemek s\u0131ras\u0131nda \u00e7ocu\u011fu \u00fczecek veya korkutacak \u015feyler s\u00f6ylemeyin. Evde kavga eden ebeveynlerin varl\u0131\u011f\u0131 \u00e7ocuklarda yemek yemeyerek tepki vermelerine sebep olabilir.<\/li>\n<li>Anneleri ya da babalar\u0131 taraf\u0131ndan d\u00f6v\u00fclen ve s\u0131k azarlan\u0131p ele\u015ftirilen \u00e7ocuklarda da i\u015ftahs\u0131zl\u0131k g\u00f6r\u00fclebilir. <strong>\u00c7ocuk yemek yemeyerek b\u00fcy\u00fcklerini cezaland\u0131rmak itiyor olabilir<\/strong>. Yemek yemedi\u011finde anne ya da babas\u0131n\u0131 \u00fcz\u00fcld\u00fc\u011f\u00fcn\u00fc g\u00f6ren \u00e7ocuk bundan zevk alabilir ve k\u0131zd\u0131\u011f\u0131nda ebeveynlerini \u00fczmek i\u00e7in bu yola ba\u015fvurabilir.<\/li>\n<\/ol>\n<p>Not: Bu makalede ge\u00e7en doktorlara sorulan sorular\u0131n cevaplar\u0131 \u015fah\u0131slara m\u00fcnhas\u0131rd\u0131r. Doktorunuza dan\u0131\u015fmadan \u00e7ocu\u011funuza hi\u00e7bir ilac\u0131 vermeyin.<\/p>\n<p><span style=\"font-size:16px;\"><strong><a href=\"https:\/\/www.mavikadin.com\/kilo-aldiran-bebek-yemekleri-tarifleri-listesi-tatlilar-corbalar\" target=\"_blank\" rel=\"noopener\"><span style=\"color:#FF0000;\">Bebeklere Kilo Ald\u0131ran Tarifler (En Lezzetli, Kilo Ald\u0131r\u0131c\u0131 Tarifler) T\u0131klay\u0131n\u0131z<\/span><\/a><\/strong><\/span><\/p>\n<p><span style=\"font-size:16px;\"><a href=\"https:\/\/www.mavikadin.com\/kizim-oglum-kilo-almiyor-bebeklerin-kilo-almamasi-problemi\" target=\"_blank\" rel=\"noopener\"><strong>K\u0131z\u0131m, O\u011flum Kilo Alm\u0131yor, Bebeklerin Kilo Almamas\u0131 Problemi T\u0131klay\u0131n\u0131z<\/strong><\/a><\/span><\/p>\n","protected":false},"excerpt":{"rendered":"<p>\u00c7ocuklarda i\u015ftahs\u0131zl\u0131k s\u0131k kar\u015f\u0131la\u015f\u0131lan bir sorundur ve kans\u0131zl\u0131ktan, ba\u011f\u0131rsak parazitlerine kadar \u00e7e\u015fitli sa\u011fl\u0131k sorunlar\u0131ndan kaynaklanabilmektedir. \u0130\u015fte \u00c7ocuklarda i\u015ftahs\u0131zl\u0131k s\u0131k kar\u015f\u0131la\u015f\u0131lan bir sorundur ve kans\u0131zl\u0131ktan, ba\u011f\u0131rsak parazitlerine kadar \u00e7e\u015fitli sa\u011fl\u0131k sorunlar\u0131ndan kaynaklanabilmektedir. \u0130\u015fte \u00e7ocuklardaki i\u015ftahs\u0131zl\u0131\u011f\u0131n nedenleri ve tedavisi; Kans\u0131zl\u0131k Kans\u0131zl\u0131k \u00e7ocuklardaki i\u015ftahs\u0131zl\u0131\u011f\u0131n en s\u0131k kar\u015f\u0131la\u015f\u0131lan nedenidir. Demir a\u00e7\u0131s\u0131ndan yetersiz beslenen \u00e7ocuklar\u0131n v\u00fccudunda demir miktar\u0131 d\u00fc\u015fer ve [&hellip;]<\/p>\n","protected":false},"author":30,"featured_media":42400,"comment_status":"closed","ping_status":"open","sticky":false,"template":"","format":"standard","meta":{"rank_math_lock_modified_date":false,"footnotes":""},"categories":[111],"tags":[31972,26843,33217,33219,33218],"class_list":["post-42401","post","type-post","status-publish","format-standard","has-post-thumbnail","hentry","category-anne-cocuk","tag-cocuk-beslenmesi","tag-cocuk-sagligi","tag-cocuklarda-istahsizlik","tag-istah-acici-suruplar","tag-istahsizlik-nedenleri"],"_links":{"self":[{"href":"https:\/\/www.tgrthaber.com\/mavikadin\/wp-json\/wp\/v2\/posts\/42401"}],"collection":[{"href":"https:\/\/www.tgrthaber.com\/mavikadin\/wp-json\/wp\/v2\/posts"}],"about":[{"href":"https:\/\/www.tgrthaber.com\/mavikadin\/wp-json\/wp\/v2\/types\/post"}],"author":[{"embeddable":true,"href":"https:\/\/www.tgrthaber.com\/mavikadin\/wp-json\/wp\/v2\/users\/30"}],"replies":[{"embeddable":true,"href":"https:\/\/www.tgrthaber.com\/mavikadin\/wp-json\/wp\/v2\/comments?post=42401"}],"version-history":[{"count":1,"href":"https:\/\/www.tgrthaber.com\/mavikadin\/wp-json\/wp\/v2\/posts\/42401\/revisions"}],"predecessor-version":[{"id":42402,"href":"https:\/\/www.tgrthaber.com\/mavikadin\/wp-json\/wp\/v2\/posts\/42401\/revisions\/42402"}],"wp:featuredmedia":[{"embeddable":true,"href":"https:\/\/www.tgrthaber.com\/mavikadin\/wp-json\/wp\/v2\/media\/42400"}],"wp:attachment":[{"href":"https:\/\/www.tgrthaber.com\/mavikadin\/wp-json\/wp\/v2\/media?parent=42401"}],"wp:term":[{"taxonomy":"category","embeddable":true,"href":"https:\/\/www.tgrthaber.com\/mavikadin\/wp-json\/wp\/v2\/categories?post=42401"},{"taxonomy":"post_tag","embeddable":true,"href":"https:\/\/www.tgrthaber.com\/mavikadin\/wp-json\/wp\/v2\/tags?post=42401"}],"curies":[{"name":"wp","href":"https:\/\/api.w.org\/{rel}","templated":true}]}}