{"id":42404,"date":"2017-03-28T00:15:59","date_gmt":"2017-03-27T21:15:59","guid":{"rendered":"https:\/\/new.mavikadin.com\/?p=42404"},"modified":"2024-09-16T10:33:52","modified_gmt":"2024-09-16T07:33:52","slug":"cocugumun-uyurken-burnu-kaniyor-neden-olur-nasil-gecer","status":"publish","type":"post","link":"https:\/\/www.tgrthaber.com\/mavikadin\/cocugumun-uyurken-burnu-kaniyor-neden-olur-nasil-gecer\/","title":{"rendered":"\u00c7ocu\u011fumun Uyurken Burnu Kan\u0131yor, Neden Olur, Nas\u0131l Ge\u00e7er?"},"content":{"rendered":"<p>\u00c7ocuklarda gece burun kanamas\u0131 odan\u0131n s\u0131cak ve kuru olmas\u0131ndan \u00e7ocuktaki mevcut olan kan hastal\u0131klar\u0131na kadar pek \u00e7ok nedenden kaynaklanabilen bir durumdur.<\/p>\n<p>\u00c7ocuklarda gece burun kanamas\u0131 odan\u0131n s\u0131cak ve kuru olmas\u0131ndan \u00e7ocuktaki mevcut olan kan hastal\u0131klar\u0131na kadar pek \u00e7ok nedenden kaynaklanabilen bir durumdur. \u0130\u015fte bu konuda doktorlar\u0131n verdi\u011fi bilgiler;<\/p>\n<p><span style=\"color:#FF8C00;\"><span style=\"font-size:18px;\"><strong><u>\u00c7ocuklarda gece burun kanamas\u0131 neden olur?<\/u><\/strong><\/span><\/span><\/p>\n<ol>\n<li>Kan p\u0131ht\u0131la\u015fma bozukluklar\u0131, \u00e7e\u015fitli kad\u0131n hastal\u0131klar\u0131<\/li>\n<li>Alerji<\/li>\n<li>Kuru hava (Bu nedenden kaynaklan\u0131yorsa odada buhar makinesi \u00e7al\u0131\u015ft\u0131r\u0131n)<\/li>\n<li>So\u011fuk alg\u0131nl\u0131\u011f\u0131, nezle, gripten dolay\u0131 burun i\u00e7inin tahri\u015f olmas\u0131<\/li>\n<li>L\u00f6semi (Kan kanseri)<\/li>\n<li>B\u00f6brek ve karaci\u011fer hastal\u0131klar\u0131<\/li>\n<li>Buruna yabanc\u0131 cisim ka\u00e7mas\u0131<\/li>\n<li>Buruna al\u0131nan darbe<\/li>\n<li>Uzun s\u00fcre g\u00fcne\u015flenme<\/li>\n<li>\u00c7ok s\u0131k ve \u015fiddetli hap\u015f\u0131rmalar ya\u015fama<\/li>\n<li>Y\u00fcksek tansiyon<\/li>\n<li>Von Willebrand hastal\u0131\u011f\u0131, hemofili ya da d\u00fc\u015f\u00fck trombosit gibi kan hastal\u0131klar\u0131<\/li>\n<li>Enfeksiy\u00f6z Monon\u00fckleoz (Preiffer Hastal\u0131\u011f\u0131 )Gland\u00fcler Ate\u015f Hastal\u0131\u011f\u0131<\/li>\n<li>S\u0131cak hava<\/li>\n<\/ol>\n<p><span style=\"color:#FF8C00;\"><span style=\"font-size:18px;\"><strong><u>\u00c7ocuklarda burun kanamas\u0131 an\u0131nda ne yapmal\u0131?<\/u><\/strong><\/span><\/span><\/p>\n<ol>\n<li>\u00d6ncelikle sakin olup, korktu\u011funuzu, tela\u015fland\u0131\u011f\u0131n\u0131z\u0131 \u00e7ocu\u011funuza belli etmeyin.<\/li>\n<li>\u00c7ocu\u011fun ba\u015f\u0131n\u0131 \u00f6ne e\u011fip ba\u015f ve i\u015faret parma\u011f\u0131n\u0131zla \u00e7ocu\u011fun burun ucuna nazik\u00e7e bast\u0131r\u0131p kan\u0131n durmas\u0131n\u0131 sa\u011flamaya \u00e7al\u0131\u015f\u0131n. Bu arada \u00e7ocu\u011funuza a\u011f\u0131zdan nefes almas\u0131n\u0131 tembihleyin. Ve ara ara parmaklar\u0131n\u0131z\u0131 gev\u015fetin ki \u00e7ocu\u011funuz nefes als\u0131n.<\/li>\n<li>Burun kanarken ba\u015f geriye do\u011fru yaslanmamal\u0131d\u0131r. B\u00f6ylece kan\u0131n genize ve bo\u011faza ka\u00e7mas\u0131 ve yutulmas\u0131 \u00f6nlenebilir. Kanaman\u0131n durmas\u0131n\u0131 bekleyin e\u011fer kanama durmam\u0131\u015fsa burun ucuna bask\u0131 uygulamaya devam edin.<\/li>\n<li>Kanama durduktan sonra, so\u011fuk buz uygulamas\u0131 ile burna kompres yapabilirsiniz. Kanama devam ediyorsa e\u011fer acil doktora g\u00f6t\u00fcr\u00fclmelidir.<\/li>\n<\/ol>\n<p><span style=\"color:#FF8C00;\"><span style=\"font-size:18px;\"><u><strong>\u00c7ocuklarda burun kanamas\u0131 nas\u0131l ge\u00e7er?<\/strong><\/u><\/span><\/span><\/p>\n<p>\u00c7ocu\u011funuzda burun kanamas\u0131 sorunu varsa onu bir Kulak Burun Bo\u011faz doktoruna g\u00f6t\u00fcr\u00fcn. Kulak Burun Bo\u011faz Doktoru Co\u015fkun \u015eanverdi&nbsp; \u00e7ocuklarda burun kanamas\u0131 tedavisiyle ilgili \u015fu bilgileri veriyor;<strong> Endoskopik y\u00f6ntemle burun incelendikten sonra hastaya en uygun olacak tedavi se\u00e7ene\u011fi tercih edilir. <\/strong>Burun i\u00e7i tamponlar, kanamay\u0131 kontrol alt\u0131na almak i\u00e7in, s\u0131kl\u0131kla ba\u015fvurdu\u011fumuz y\u00f6ntemlerdendir. Bunun d\u0131\u015f\u0131nda, k\u0131lcal damar kanamalar\u0131nda koterizasyon (g\u00fcm\u00fc\u015f nitrat \u00e7ubu\u011fu ile yakma) veya elektrokoter kullanmak da, hastan\u0131n durumuna g\u00f6re uygulanabilecek y\u00f6ntemler aras\u0131ndad\u0131r. Tamponlar, kanaman\u0131n durumuna g\u00f6re 2-7 g\u00fcn aral\u0131\u011f\u0131nda kullan\u0131labilir. Yakma y\u00f6ntemi ise, birka\u00e7 dakika s\u00fcren, uygulamas\u0131 kolay bir tedavi \u015feklidir.&#8221;<\/p>\n<p><span style=\"color:#FF8C00;\"><span style=\"font-size:18px;\"><strong><u>\u00c7ocuklarda gece burun kanamas\u0131 ile ilgili doktorlara sorular ve cevaplar\u0131<\/u><\/strong><\/span><\/span><\/p>\n<p><span style=\"color:#FF8C00;\"><span style=\"font-size:16px;\"><strong>Sual<\/strong><\/span><\/span>: \u00c7ocu\u011fum 3 ya\u015f\u0131nda zaman zaman gece uykusunda burun kanamas\u0131 oluyor. Ciddi bir sorun olabilir mi? Ne tavsiye edersiniz?<\/p>\n<p><span style=\"color:#FF8C00;\"><span style=\"font-size:16px;\"><strong>CEVAP<\/strong><\/span><\/span><\/p>\n<p><strong>\u00c7ocuk Doktoru Halit \u00d6zkaya&#8217;n\u0131n cevab\u0131: ( Muhtemelen burunu a\u015f\u0131r\u0131 kuruyordur. Ancak&nbsp; yinede burunu kanayan her \u00e7ocu\u011fun detayl\u0131 bir KBB muayenesi \u00e7ocuk hastal\u0131klar\u0131 veya KBB uzman\u0131 taraf\u0131ndan de\u011ferlendirilmelidir. <\/strong>Baz\u0131 kanama testleri ve tam kan testi , tansiyon \u00f6l\u00e7\u00fclmesi gerekebiliyor. Bazen sin\u00fcsitte burun kanmas\u0131na yol a\u00e7abiliyor. Veya allerjik rinit ve burunda yabanc\u0131 cisim olmas\u0131da yol a\u00e7abilir. En s\u0131k neden ise enfeksiyonlar sonras\u0131 burun mukozas\u0131 tahri\u015f olmas\u0131, burun bir b\u00f6lgesindeki damarlar\u0131n \u00e7ok y\u00fczeyel olmas\u0131 ve kolayca kendili\u011finden , kurcalama veya hap\u015f\u0131rma ile kanmas\u0131d\u0131r.)<\/p>\n<p><span style=\"color:#FF8C00;\"><span style=\"font-size:16px;\"><strong>Sual<\/strong><\/span><\/span>:&nbsp; \u00dc\u00e7 ya\u015f\u0131ndaki k\u0131z\u0131m\u0131n uyurken burnu kanad\u0131 neden olabilir? Herhangi bi rahats\u0131zl\u0131\u011f\u0131 yok.<\/p>\n<p><span style=\"color:#FF8C00;\"><span style=\"font-size:16px;\"><strong>CEVAP<\/strong><\/span><\/span><\/p>\n<p><strong>\u00c7ocuk Doktoru Murat Ayd\u0131n&#8217;\u0131n cevab\u0131: (Kulak Burun Bo\u011faz doktoru taraf\u0131ndan muayene edilmesi uygun olur. Belki de burnunu kurcalam\u0131\u015ft\u0131r veya burun damarlar\u0131 hassast\u0131r.)<\/strong><\/p>\n<p><span style=\"color:#FF8C00;\"><span style=\"font-size:16px;\"><strong>Sual<\/strong><\/span><\/span>: 3.5 ya\u015f\u0131nda k\u0131z\u0131m var uyurken iki burnundan da kan gelmi\u015f herhangi bir hastal\u0131\u011f\u0131 da yoktu. Neden olmu\u015f olabilir ?<\/p>\n<p><span style=\"color:#FF8C00;\"><span style=\"font-size:16px;\"><strong>CEVAP<\/strong><\/span><\/span><\/p>\n<p><strong>\u00c7ocuk Doktoru Ahmet Ak\u00e7ay&#8217;\u0131n cevab\u0131: (Bir kan say\u0131m\u0131 yapt\u0131r\u0131n\u0131z. Plt de\u011feri d\u00fc\u015fm\u00fc\u015f olabilir. \u00c7ocuklarda rastlanabiliyor.)<\/strong><\/p>\n<p><span style=\"color:#FF8C00;\"><span style=\"font-size:16px;\"><strong>Sual<\/strong><\/span><\/span>: 7 ya\u015f\u0131ndaki o\u011flumun hem g\u00fcnd\u00fcz hem de geceleri uykuda burnu kan\u0131yor. Neden olabilir ne yapmal\u0131y\u0131m?<\/p>\n<p><span style=\"color:#FF8C00;\"><span style=\"font-size:16px;\"><strong>CEVAP<\/strong><\/span><\/span><\/p>\n<p>\u00c7ocuk Doktoru Mehmet \u00d6zt\u00fcrk&#8217;\u00fcn cevab\u0131:( Bir kbb uzman\u0131 muayenesi ve kanama ile ilgili testler yapt\u0131rabilirsiniz. Burnu ile oynuyorsa ve nezlesi varsa da burun kanar.)<\/p>\n<p><span style=\"color:#FF8C00;\"><span style=\"font-size:16px;\"><strong>Sual<\/strong><\/span><\/span>: 5 ya\u015f\u0131nda bir o\u011flum var. \u00c7ok s\u0131k de\u011fil ama zaman zaman burnu kan\u0131yor.5-6 ay \u00f6nce birka\u00e7 g\u00fcn \u00fcst \u00fcste gece kanad\u0131\u011f\u0131n\u0131 fark ettim. Yast\u0131\u011f\u0131na akm\u0131\u015ft\u0131. Ne yapay\u0131m?<\/p>\n<p><span style=\"color:#FF8C00;\"><span style=\"font-size:16px;\"><strong>CEVAP<\/strong><\/span><\/span><\/p>\n<p><strong>\u00c7ocuk Doktoru Seydi Battal&#8217;\u0131n cevab\u0131: (O\u011flunuzun \u00f6nce bir \u00e7ocuk doktoru taraf\u0131ndan muayene edilmesi ve kanama bozuklu\u011fu yapan hastal\u0131klar y\u00f6n\u00fcnden ara\u015ft\u0131r\u0131lmas\u0131 gerekir. Daha sonra bir KBB doktoru taraf\u0131ndan da de\u011ferlendirilmesi gerekir. KBB doktorunun kanama s\u0131ras\u0131nda muayene etmesi \u00e7ok faydal\u0131 olur.)<\/strong><\/p>\n<p><span style=\"color:#FF8C00;\"><span style=\"font-size:16px;\"><strong>Sual<\/strong><\/span><\/span>:1 senedir \u00e7ocu\u011fumda meydana gelen burun kanamas\u0131 sebebiyle endi\u015fe duymaktay\u0131m. \u00d6zellikle geceleri burnu uykuda kan\u0131yor buda beni \u00e7ok korkutuyor. Kbb uzman\u0131na g\u00f6t\u00fcrd\u00fck kan de\u011ferleri d\u00fc\u015f\u00fck \u00e7\u0131kt\u0131 birde k\u0131lcal damarlar\u0131ndaki hassasl\u0131ktan denildi. Bu konu hakk\u0131nda bilgi verir misiniz?<\/p>\n<p><span style=\"color:#FF8C00;\"><span style=\"font-size:16px;\"><strong>CEVAP<\/strong><\/span><\/span><\/p>\n<p>\u00c7ocuk Doktoru Eliya Benbib\u00e7a\u00e7o&#8217;nun cevab\u0131: (Kan de\u011ferleri d\u00fc\u015f\u00fckse bir kan hastal\u0131\u011f\u0131 olabilir. Tetkik etmek gerekir)<\/p>\n<p><span style=\"font-size:16px;\"><strong><a href=\"https:\/\/www.mavikadin.com\/cocuklarin-istahini-ne-acar-cocugum-cok-istahsiz-ne-yapmaliyim\" target=\"_blank\" rel=\"noopener\"><span style=\"color:#FF0000;\">\u00c7ocu\u011fum Yemek Yemiyor, \u0130\u015ftahs\u0131z Yemek Yemeyen \u00c7ocu\u011fa Ne Yapmal\u0131? T\u0131klay\u0131n\u0131z<\/span><\/a><\/strong><\/span><\/p>\n<p><span style=\"font-size:16px;\"><strong><a href=\"https:\/\/www.mavikadin.com\/kizim-oglum-kilo-almiyor-bebeklerin-kilo-almamasi-problemi\" target=\"_blank\" rel=\"noopener\">K\u0131z\u0131m, O\u011flum Kilo Alm\u0131yor, Bebeklerin Kilo Almamas\u0131 Problemi T\u0131klay\u0131n\u0131z<\/a><\/strong><\/span><\/p>\n<p><span style=\"font-size:16px;\"><strong><a href=\"https:\/\/www.mavikadin.com\/cocuklarda-burun-tikanmasi-neden-olur-nasil-gecer-en-etkili-yontemler\" target=\"_blank\" rel=\"noopener\"><span style=\"color:#FF0000;\">\u00c7o\u00e7uklarda Burun T\u0131kan\u0131kl\u0131\u011f\u0131 Nas\u0131l Ge\u00e7er? 10 Kesin \u00c7\u00f6z\u00fcm Y\u00f6ntemi T\u0131klay\u0131n\u0131z<\/span><\/a><\/strong><\/span><\/p>\n<p><span style=\"font-size:16px;\"><strong><a href=\"https:\/\/www.mavikadin.com\/cocuklarda-balgamli-oksuruge-ne-iyi-gelir-bitkisel-ve-dogal-tedaviler\" target=\"_blank\" rel=\"noopener\">\u00c7ocuklarda Balgaml\u0131 \u00d6ks\u00fcr\u00fck Nas\u0131l Giderilir? Uzman Doktor Cevapl\u0131yor T\u0131klay\u0131n\u0131z<\/a><\/strong><\/span><\/p>\n<p><span style=\"font-size:16px;\"><strong><a href=\"https:\/\/www.mavikadin.com\/cocuklarda-bogaz-agrisi-neden-olur-nasil-giderilir\" target=\"_blank\" rel=\"noopener\"><span style=\"color:#FF0000;\">\u00c7ocuklarda Bo\u011faz A\u011fr\u0131s\u0131 Neden Olur, Nas\u0131l Giderilir? T\u0131klay\u0131n\u0131z<\/span><\/a><\/strong><\/span><\/p>\n","protected":false},"excerpt":{"rendered":"<p>\u00c7ocuklarda gece burun kanamas\u0131 odan\u0131n s\u0131cak ve kuru olmas\u0131ndan \u00e7ocuktaki mevcut olan kan hastal\u0131klar\u0131na kadar pek \u00e7ok nedenden kaynaklanabilen bir durumdur. \u00c7ocuklarda gece burun kanamas\u0131 odan\u0131n s\u0131cak ve kuru olmas\u0131ndan \u00e7ocuktaki mevcut olan kan hastal\u0131klar\u0131na kadar pek \u00e7ok nedenden kaynaklanabilen bir durumdur. \u0130\u015fte bu konuda doktorlar\u0131n verdi\u011fi bilgiler; \u00c7ocuklarda gece burun kanamas\u0131 neden olur? Kan [&hellip;]<\/p>\n","protected":false},"author":30,"featured_media":42403,"comment_status":"closed","ping_status":"open","sticky":false,"template":"","format":"standard","meta":{"rank_math_lock_modified_date":false,"footnotes":""},"categories":[111],"tags":[33139,33141,33140,33221,33220],"class_list":["post-42404","post","type-post","status-publish","format-standard","has-post-thumbnail","hentry","category-anne-cocuk","tag-bebek-burun-kanamasi","tag-burun-kanamasi-nedenleri","tag-cocuk-burun-kanamasi","tag-cocukta-burun-kanamasi-tedavisi","tag-gece-burun-kanamasi"],"_links":{"self":[{"href":"https:\/\/www.tgrthaber.com\/mavikadin\/wp-json\/wp\/v2\/posts\/42404"}],"collection":[{"href":"https:\/\/www.tgrthaber.com\/mavikadin\/wp-json\/wp\/v2\/posts"}],"about":[{"href":"https:\/\/www.tgrthaber.com\/mavikadin\/wp-json\/wp\/v2\/types\/post"}],"author":[{"embeddable":true,"href":"https:\/\/www.tgrthaber.com\/mavikadin\/wp-json\/wp\/v2\/users\/30"}],"replies":[{"embeddable":true,"href":"https:\/\/www.tgrthaber.com\/mavikadin\/wp-json\/wp\/v2\/comments?post=42404"}],"version-history":[{"count":1,"href":"https:\/\/www.tgrthaber.com\/mavikadin\/wp-json\/wp\/v2\/posts\/42404\/revisions"}],"predecessor-version":[{"id":42405,"href":"https:\/\/www.tgrthaber.com\/mavikadin\/wp-json\/wp\/v2\/posts\/42404\/revisions\/42405"}],"wp:featuredmedia":[{"embeddable":true,"href":"https:\/\/www.tgrthaber.com\/mavikadin\/wp-json\/wp\/v2\/media\/42403"}],"wp:attachment":[{"href":"https:\/\/www.tgrthaber.com\/mavikadin\/wp-json\/wp\/v2\/media?parent=42404"}],"wp:term":[{"taxonomy":"category","embeddable":true,"href":"https:\/\/www.tgrthaber.com\/mavikadin\/wp-json\/wp\/v2\/categories?post=42404"},{"taxonomy":"post_tag","embeddable":true,"href":"https:\/\/www.tgrthaber.com\/mavikadin\/wp-json\/wp\/v2\/tags?post=42404"}],"curies":[{"name":"wp","href":"https:\/\/api.w.org\/{rel}","templated":true}]}}