{"id":42407,"date":"2017-03-29T00:25:00","date_gmt":"2017-03-28T21:25:00","guid":{"rendered":"https:\/\/new.mavikadin.com\/?p=42407"},"modified":"2024-09-16T10:33:55","modified_gmt":"2024-09-16T07:33:55","slug":"mama-yemeyen-bebek-icin-ne-yapmali-doktorlar-cevapliyor","status":"publish","type":"post","link":"https:\/\/www.tgrthaber.com\/mavikadin\/mama-yemeyen-bebek-icin-ne-yapmali-doktorlar-cevapliyor\/","title":{"rendered":"Mama Yemeyen Bebek \u0130\u00e7in Ne Yapmal\u0131? Doktorlar Cevapl\u0131yor"},"content":{"rendered":"<p>Bebeklerin sa\u011fl\u0131kl\u0131 b\u00fcy\u00fcy\u00fcp geli\u015fmeleri i\u00e7in beslenmeleri \u00e7ok \u00f6nemlidir. Maalesef i\u015ftahs\u0131zl\u0131k bebeklerde ve \u00e7ocuklarda s\u0131k kar\u015f\u0131la\u015f\u0131lan bir sorundur.<\/p>\n<p><strong>Bebeklerin sa\u011fl\u0131kl\u0131 b\u00fcy\u00fcy\u00fcp geli\u015fmeleri i\u00e7in beslenmeleri \u00e7ok \u00f6nemlidir. Maalesef i\u015ftahs\u0131zl\u0131k bebeklerde ve \u00e7ocuklarda s\u0131k kar\u015f\u0131la\u015f\u0131lan bir sorundur. \u00d6zellikle 2, 3, 4, 5, 6 ayl\u0131k bebeklerde mama yememe, mamay\u0131 red etme durumu ya\u015fanabilir.&nbsp; Siz de bebe\u011fim mama yemiyor diye bu husustan muzdaripseniz, i\u015fte bu konuda doktorlara sorulan sorular ve cevaplar\u0131.<\/strong><\/p>\n<p><span style=\"color:#FF8C00;\"><span style=\"font-size:16px;\"><strong>Sual:<\/strong><\/span><\/span>&nbsp;3,5 ayl\u0131k bebe\u011fim bir haftad\u0131r meme emmek istemiyor. Uyuklar hale gelince biraz emiyor ama k\u0131sa kesiyor. Ate\u015fi yok, g\u00fcnl\u00fck hareketleri rutin. Kaka say\u0131s\u0131 da azald\u0131. Biberonda vermedik bu zamanda.&nbsp;<strong>Gece bile emmek i\u00e7in uyanm\u0131yor. Mama vermek i\u00e7in zorlamal\u0131 m\u0131y\u0131m, yoksa anne s\u00fct\u00fc az da olsa devam m\u0131 etmeli?<\/strong><\/p>\n<p><span style=\"color:#FF8C00;\"><span style=\"font-size:16px;\"><strong>CEVAP<\/strong><\/span><\/span><\/p>\n<p>\u00c7ocuk Doktoru G\u00fclay Kara\u2019n\u0131n cevab\u0131 : (<strong>Merhaba, bu durumda en do\u011fru yap\u0131lacak \u015fey bebe\u011finizin kilo al\u0131m\u0131n\u0131 yak\u0131ndan izlemek. Doktorunuza dan\u0131\u015farak haftal\u0131k tart\u0131 al\u0131m\u0131n\u0131 izleyebilirsiniz. 3-6 ay aras\u0131 haftal\u0131k tart\u0131 al\u0131m\u0131n\u0131n 75-150gr olmas\u0131 gerekli. Beslenmeyi reddetme s\u00fcrerse refl\u00fc, idrar yolu iltihab\u0131, kans\u0131zl\u0131k vb ilave i\u015ftahs\u0131zl\u0131k yapabilecek nedenlerin ara\u015ft\u0131r\u0131lmas\u0131 gerekir<\/strong>.)<\/p>\n<p><strong><span style=\"color:#FF8C00;\"><span style=\"font-size:16px;\">Sual:<\/span><\/span>&nbsp;<\/strong>K\u0131z\u0131m 3 ayl\u0131k 1 ayd\u0131r meme reddi ya\u015f\u0131yoruz. Ya ayakta ya da oturarak sallayarak emziriyorum. Uyuyunca problem olmuyor. \u0130lk iki ay s\u00fct\u00fcm \u00e7ok olmad\u0131\u011f\u0131ndan meme + mama kullan\u0131yorduk \u015fimdi s\u00fct\u00fcm var ama bebe\u011fimin daha yat\u0131rmamla a\u011flamas\u0131, memeyi zorla tutmas\u0131 beni \u00e7ok y\u0131prat\u0131yor. Hem sanki \u00e7ok verimsiz emiyor hem de ayakta emzirmekten belim \u00e7ok a\u011fr\u0131yor. Neden bu kadar \u00e7ok a\u011fl\u0131yor anlam\u0131yorum. Bazen sorunsuz al\u0131yor, bazen emerken kendini geriyor, sa\u011fa sola at\u0131yor ba\u015fl\u0131yor a\u011flamaya yine zorlan\u0131yoruz. Gaz\u0131 var diyorum \u00e7\u0131kart\u0131yorum bu sefer yine alm\u0131yor memeyi l\u00fctfen bana yard\u0131m edin.<\/p>\n<p><span style=\"color:#FF8C00;\"><span style=\"font-size:16px;\"><strong>CEVAP<\/strong><\/span><\/span><\/p>\n<p><strong>\u00c7ocuk doktoru Rabia G\u00fcne\u015f\u2019in cevab\u0131 : (\u0130lk 2 ay biberon ile beslediyseniz memeyi reddetmesi ola\u011fan, \u00e7\u00fcnk\u00fc biberon ile beslenmek daha kolay ve zahmetsiz geliyor. Bebekler kolay olan\u0131 se\u00e7iyor.&nbsp;<\/strong>Sallayarak beslemek do\u011fru y\u00f6ntem de\u011fil. E\u011fer s\u00fct\u00fcn\u00fcz yeterli ise bir s\u00fcre sadece emzirmeyi deneyebilirsiniz. Biraz sab\u0131r ve u\u011fra\u015f\u0131 gerekir. Huzursuzlu\u011funun alt\u0131nda kolik dedi\u011fimiz gaz, refl\u00fc veya alerji de olabilir. Anlatt\u0131klar\u0131n\u0131zdan gaz gibi duruyor. Gaz \u00e7\u0131karma y\u00f6ntemleri ve gaz damlalar\u0131, masaj hepsini birlikte uygulamak gerek. Bir \u00e7ocuk doktorunun g\u00f6rmesi ve onun y\u00f6nlendirmelerine ve takibine g\u00f6re gitmeniz daha do\u011fru olur.)<\/p>\n<p><span style=\"color:#FF8C00;\"><span style=\"font-size:16px;\"><strong>Sual:<\/strong><\/span><\/span>&nbsp;3 ay 10gunluk bir o\u011flum var. \u015eu an 8 kg 70 cm. Do\u011fum kilosu 4 kg 52 cm, idi. Anne s\u00fct\u00fc veremedim, do\u011fumdan itibaren mama yiyor. \u0130ki bu\u00e7uk ay aptamil severek yedi birden onu b\u0131rakt\u0131 asla yemedi. Humana denedim yemedi. \u015eimdi bebelac gold kullan\u0131yorum. Onu da 24 saat i\u00e7erisinde 400-500 cc zorla i\u00e7iriyorum. Gece mama yemiyor bende uyand\u0131rm\u0131yorum. Verdi\u011fim miktar yeterli oluyor mudur? Bir de ek g\u0131da i\u00e7in \u00e7ok erken midir?<\/p>\n<p><strong><span style=\"color:#FF8C00;\"><span style=\"font-size:16px;\">CEVAP<\/span><\/span><\/strong><\/p>\n<p>\u00c7ocuk Doktoru \u00dcmit K\u00f6se\u2019nin Cevab\u0131: (Kilo ve boyu do\u011fumuna g\u00f6re de iyi g\u00f6r\u00fcn\u00fcyor \u015fu an<strong>. Ek g\u0131dalar\u0131 4 ay\u0131 doldurmadan ba\u015flamay\u0131 uygun bulmuyoruz. Dedi\u011finiz g\u00fcnl\u00fck miktar ay\u0131na ve kilosuna g\u00f6re az tabi. \u00d6zellikle kilo al\u0131m\u0131 ve idrar \u00e7\u0131k\u0131\u015f\u0131 bizim i\u00e7in \u00e7ok \u00f6nemli.<\/strong>&nbsp;Bu a\u00e7\u0131dan bir \u00e7ocuk doktoruna ba\u015fvurup sistemik muayenesini yapt\u0131rman\u0131z ve ba\u015fka bir neden a\u00e7\u0131s\u0131ndan de\u011ferlendirmeniz gerekli.)<\/p>\n<p><span style=\"color:#FF8C00;\"><span style=\"font-size:16px;\"><strong>Sual:<\/strong><\/span><\/span>&nbsp;4.5ayl\u0131k k\u0131z\u0131m mama yemiyor anne s\u00fct\u00fc yetersiz, emmiyor sa\u011farak veriyorum.&nbsp; Anne s\u00fct\u00fcyle mamay\u0131 kar\u0131\u015ft\u0131rarak verebilir miyim? Mamay\u0131 tek yemiyor. S\u00fct sa\u011f\u0131l\u0131nca de\u011ferleri d\u00fc\u015fer mi? 4.ay\u0131nda kilo al\u0131m\u0131 az te\u015fekk\u00fcrler.<\/p>\n<p><span style=\"color:#FF8C00;\"><span style=\"font-size:16px;\"><strong>CEVAP<\/strong><\/span><\/span><\/p>\n<p><strong>\u00c7ocuk Doktoru Eray Esra \u00d6nal\u2019\u0131n Cevab\u0131: (Anne s\u00fct\u00fcne mama kar\u0131\u015ft\u0131rmak tercih edilmez. Ancak bebe\u011fin neden kilo almad\u0131\u011f\u0131n\u0131 incelemek ve baz\u0131 tetkikler yapmak gerekir. 4.5 ayl\u0131k oldu\u011funa g\u00f6re art\u0131k ka\u015f\u0131kla beslenmeye de ge\u00e7ilebilir.)<\/strong><\/p>\n<p><span style=\"color:#FF8C00;\"><span style=\"font-size:16px;\"><strong>Sual:<\/strong><\/span><\/span>&nbsp;O\u011flum 4,5 ayl\u0131k yakla\u015f\u0131k 10 g\u00fcnd\u00fcr ek g\u0131dalara ba\u015flad\u0131k.( anne s\u00fct\u00fc hi\u00e7 alm\u0131yor).Fakat ek g\u0131dalara ba\u015flad\u0131\u011f\u0131m\u0131zdan beri mama yemiyor. Acaba doydu\u011fu i\u00e7in mi? Her ay 1 kilo al\u0131yordu ama bu ay 700gr alm\u0131\u015f. Ne yapmal\u0131y\u0131m?<\/p>\n<p><span style=\"color:#FF8C00;\"><span style=\"font-size:16px;\"><strong>CEVAP<\/strong><\/span><\/span><\/p>\n<p>\u00c7ocuk Doktoru Murat Ayd\u0131n\u2019\u0131n Cevab\u0131: (ortalama ayda 500 gram al\u0131m\u0131 normaldir. yani sizin kilo al\u0131m\u0131n\u0131z gayet iyi. Sadece anne s\u00fct\u00fc devam edin.)<\/p>\n<p>\u00c7ocuk Doktoru Asaf G\u00fcven\u2019in Cevab\u0131: (700 gram almas\u0131 normal Mama yemesi \u015fart de\u011fil. Taze meyve suyu, yo\u011furt ve sebze \u00e7orbalar\u0131 alabilir.)<\/p>\n<p><span style=\"color:#FF8C00;\"><span style=\"font-size:16px;\"><strong>Sual:<\/strong><\/span><\/span>&nbsp;2 ay 11 g\u00fcnl\u00fck k\u0131z\u0131m var boyu 57 kilo 5100 gr. Son 1 haftad\u0131r mama yemek istemiyor, normalde 2 saatte 1 yerdi s\u0131caklardan m\u0131d\u0131r? 16 g\u00fcnde 400 gr alm\u0131\u015f. Mama olarak milupa comform\u0131l 1 kullan\u0131yorum. (ishal ve ate\u015fi yok).Ne \u00f6nerirsiniz?<\/p>\n<p><span style=\"color:#FF8C00;\"><span style=\"font-size:16px;\"><strong>CEVAP<\/strong><\/span><\/span><\/p>\n<p>\u00c7ocuk Doktoru Murat Ayd\u0131n\u2019\u0131n Cevab\u0131: (Geli\u015fimi normal, ayda 500 gram almas\u0131 do\u011fal. Yani sorun yok. 3-4 saatte bir beslenmesi uygun olur.)<\/p>\n<p><span style=\"color:#FF8C00;\"><span style=\"font-size:16px;\"><strong>Sual:<\/strong><\/span><\/span>&nbsp;3 ayl\u0131k bebe\u011fim beslenmeyi istemiyor mama ile besliyorum s\u00fct\u00fcm\u00fc de almad\u0131. 2850gr do\u011fdu \u015fimdi 5 kg. Son 15 g\u00fcnde 300 gr ald\u0131 ama art\u0131k eskisine g\u00f6re yar\u0131 yar\u0131ya azaltt\u0131 ne \u00f6neriyorsunuz?<\/p>\n<p><span style=\"color:#FF8C00;\"><span style=\"font-size:16px;\"><strong>CEVAP<\/strong><\/span><\/span><\/p>\n<p>\u00c7ocuk Doktoru Murat Ayd\u0131n\u2019\u0131n Cevab\u0131: (Do\u011fum kilosuna g\u00f6re geli\u015fimi iyi, sorun yok. Ayr\u0131ca bu aydan sonra da di\u015f \u00e7\u0131karma durumu olabilece\u011finden i\u015ftah az olabilir.)<\/p>\n<p><span style=\"color:#FF8C00;\"><span style=\"font-size:16px;\"><strong>Sual:<\/strong><\/span><\/span>&nbsp;3 ayl\u0131k bebe\u011fime birka\u00e7 kez pirin\u00e7 unuyla mamay\u0131 muhallebi yap\u0131p verdim severek yedi \u015fimdiyse biberon mamas\u0131n istemiyor muhallebi istiyor. Her \u00f6\u011f\u00fcnde muhallebi versem olur mu? Kilo almas\u0131na engel olur mu?<\/p>\n<p><span style=\"color:#FF8C00;\"><span style=\"font-size:16px;\"><strong>CEVAP<\/strong><\/span><\/span><\/p>\n<p>\u00c7ocuk Doktoru Murat Ayd\u0131n\u2019\u0131n Cevab\u0131: (ilk 6 ay anne s\u00fct\u00fc veya mama d\u0131\u015f\u0131nda ek g\u0131da verildi\u011finde anne s\u00fct\u00fc veya mamay\u0131 terk edebilir bebekler. Dolay\u0131s\u0131 ile ek g\u0131daya 6.aydan sonra ba\u015flamak daha uygundur.)<\/p>\n<p><span style=\"font-size:16px;\"><strong><a href=\"https:\/\/www.mavikadin.com\/bebeklerde-boy-kilo-endeksi-cetveli-0-12-aylik-bebekler-icin\" target=\"_blank\" rel=\"noopener\"><span style=\"color:#FF0000;\">Bebekler Hangi Ayda Ka\u00e7 Kilo Olmal\u0131 Ve Boylar\u0131 Ka\u00e7 Olmal\u0131d\u0131r? T\u0131klay\u0131n\u0131z<\/span><\/a><\/strong><\/span><\/p>\n<p><span style=\"font-size:16px;\"><strong><a href=\"https:\/\/www.mavikadin.com\/kizim-oglum-kilo-almiyor-bebeklerin-kilo-almamasi-problemi\" target=\"_blank\" rel=\"noopener\">Bebe\u011fim Kilo Alm\u0131yor Ne Yapmal\u0131y\u0131m? Uzman Doktorlar Cevapl\u0131yor T\u0131klay\u0131n\u0131z<\/a><\/strong><\/span><\/p>\n<p><span style=\"font-size:16px;\"><strong><a href=\"https:\/\/www.mavikadin.com\/kilo-aldiran-bebek-yemekleri-tarifleri-listesi-tatlilar-corbalar\" target=\"_blank\" rel=\"noopener\"><span style=\"color:#FF0000;\">Bebeklere Kilo Ald\u0131ran Tarifler (En Lezzetli, Kilo Ald\u0131r\u0131c\u0131 Tarifler) T\u0131klay\u0131n\u0131z<\/span><\/a><\/strong><\/span><\/p>\n<p><span style=\"font-size:16px;\"><strong><a href=\"https:\/\/www.mavikadin.com\/bebeklere-gaz-yapmayan-mama-markalari-neledir\" target=\"_blank\" rel=\"noopener\">Bebeklerde Gaz Yapmayan Mama Markalar\u0131 \u0130\u00e7in T\u0131klay\u0131n\u0131z<\/a><\/strong><\/span><\/p>\n<p><span style=\"font-size:16px;\"><strong><a href=\"https:\/\/www.mavikadin.com\/kilo-almayan-bebekler-icin-ev-yapimi-kilo-aldiran-bebek-mamasi-tarifleri\" target=\"_blank\" rel=\"noopener\"><span style=\"color:#FF0000;\">Kilo Almayan Bebekler \u0130\u00e7in Ev Yap\u0131m\u0131 Kilo Ald\u0131ran Bebek Mamas\u0131 Tarifleri T\u0131klay\u0131n\u0131z<\/span><\/a><\/strong><\/span><\/p>\n","protected":false},"excerpt":{"rendered":"<p>Bebeklerin sa\u011fl\u0131kl\u0131 b\u00fcy\u00fcy\u00fcp geli\u015fmeleri i\u00e7in beslenmeleri \u00e7ok \u00f6nemlidir. Maalesef i\u015ftahs\u0131zl\u0131k bebeklerde ve \u00e7ocuklarda s\u0131k kar\u015f\u0131la\u015f\u0131lan bir sorundur. Bebeklerin sa\u011fl\u0131kl\u0131 b\u00fcy\u00fcy\u00fcp geli\u015fmeleri i\u00e7in beslenmeleri \u00e7ok \u00f6nemlidir. Maalesef i\u015ftahs\u0131zl\u0131k bebeklerde ve \u00e7ocuklarda s\u0131k kar\u015f\u0131la\u015f\u0131lan bir sorundur. \u00d6zellikle 2, 3, 4, 5, 6 ayl\u0131k bebeklerde mama yememe, mamay\u0131 red etme durumu ya\u015fanabilir.&nbsp; Siz de bebe\u011fim mama yemiyor diye [&hellip;]<\/p>\n","protected":false},"author":30,"featured_media":42406,"comment_status":"closed","ping_status":"open","sticky":false,"template":"","format":"standard","meta":{"rank_math_lock_modified_date":false,"footnotes":""},"categories":[111],"tags":[4049,32475,33223,33222,33224],"class_list":["post-42407","post","type-post","status-publish","format-standard","has-post-thumbnail","hentry","category-anne-cocuk","tag-bebek-beslenmesi","tag-bebek-doktoru","tag-istahsiz-bebek","tag-mama-reddi","tag-saglikli-buyume"],"_links":{"self":[{"href":"https:\/\/www.tgrthaber.com\/mavikadin\/wp-json\/wp\/v2\/posts\/42407"}],"collection":[{"href":"https:\/\/www.tgrthaber.com\/mavikadin\/wp-json\/wp\/v2\/posts"}],"about":[{"href":"https:\/\/www.tgrthaber.com\/mavikadin\/wp-json\/wp\/v2\/types\/post"}],"author":[{"embeddable":true,"href":"https:\/\/www.tgrthaber.com\/mavikadin\/wp-json\/wp\/v2\/users\/30"}],"replies":[{"embeddable":true,"href":"https:\/\/www.tgrthaber.com\/mavikadin\/wp-json\/wp\/v2\/comments?post=42407"}],"version-history":[{"count":1,"href":"https:\/\/www.tgrthaber.com\/mavikadin\/wp-json\/wp\/v2\/posts\/42407\/revisions"}],"predecessor-version":[{"id":42408,"href":"https:\/\/www.tgrthaber.com\/mavikadin\/wp-json\/wp\/v2\/posts\/42407\/revisions\/42408"}],"wp:featuredmedia":[{"embeddable":true,"href":"https:\/\/www.tgrthaber.com\/mavikadin\/wp-json\/wp\/v2\/media\/42406"}],"wp:attachment":[{"href":"https:\/\/www.tgrthaber.com\/mavikadin\/wp-json\/wp\/v2\/media?parent=42407"}],"wp:term":[{"taxonomy":"category","embeddable":true,"href":"https:\/\/www.tgrthaber.com\/mavikadin\/wp-json\/wp\/v2\/categories?post=42407"},{"taxonomy":"post_tag","embeddable":true,"href":"https:\/\/www.tgrthaber.com\/mavikadin\/wp-json\/wp\/v2\/tags?post=42407"}],"curies":[{"name":"wp","href":"https:\/\/api.w.org\/{rel}","templated":true}]}}