{"id":42410,"date":"2017-03-29T21:53:38","date_gmt":"2017-03-29T18:53:38","guid":{"rendered":"https:\/\/new.mavikadin.com\/?p=42410"},"modified":"2024-09-16T10:33:57","modified_gmt":"2024-09-16T07:33:57","slug":"cocuklarda-bogaz-enfeksiyonu-belirtileri-nedenleri-tedavi-yontemleri","status":"publish","type":"post","link":"https:\/\/www.tgrthaber.com\/mavikadin\/cocuklarda-bogaz-enfeksiyonu-belirtileri-nedenleri-tedavi-yontemleri\/","title":{"rendered":"\u00c7ocuklarda Bo\u011faz Enfeksiyonu Belirtileri, Nedenleri, Tedavi Y\u00f6ntemleri"},"content":{"rendered":"<p>\u00c7ocuklarda bo\u011faz enfeksiyonu( bo\u011faz iltihab\u0131) \u00e7ocukluk \u00e7a\u011f\u0131nda \u00e7ok s\u0131k kar\u015f\u0131la\u015f\u0131lan sa\u011fl\u0131k sorunlar\u0131ndand\u0131r. Bunlar\u0131n \u00e7o\u011fu viral kaynakl\u0131d\u0131r. Yani vir\u00fcsler <\/p>\n<p>\u00c7ocuklarda bo\u011faz enfeksiyonu( bo\u011faz iltihab\u0131) \u00e7ocukluk \u00e7a\u011f\u0131nda \u00e7ok s\u0131k kar\u015f\u0131la\u015f\u0131lan sa\u011fl\u0131k sorunlar\u0131ndand\u0131r. Bunlar\u0131n \u00e7o\u011fu viral kaynakl\u0131d\u0131r. Yani vir\u00fcsler taraf\u0131ndan meydana gelir. Bu makalemizde <strong>\u00e7ocuklarda bo\u011faz enfeksiyonunun nedenlerine, belirtilerine ve tedavisi konusuna yer verdik<\/strong>. \u00c7ocuklarda bo\u011faz iltihab\u0131yla ilgili \u00c7ocuk doktorlar\u0131na sorulan sorular\u0131 ve cevaplar\u0131 yay\u0131mlad\u0131k.<\/p>\n<p><span style=\"color:#FF8C00;\"><span style=\"font-size:18px;\"><strong><u>\u00c7ocuklarda bo\u011faz enfeksiyonu neden olur?<\/u><\/strong><\/span><\/span><\/p>\n<ol>\n<li>Vir\u00fcs kaynakl\u0131 nedenler<\/li>\n<li>Kulak iltihab\u0131<\/li>\n<li>Bademcik \u0130ltihab\u0131 (Tonsilit)<\/li>\n<li>Faranjit<\/li>\n<li>Larenjit<\/li>\n<li>Su \u00e7i\u00e7e\u011fi<\/li>\n<li>K\u0131zam\u0131k<\/li>\n<li>Aftlar<\/li>\n<li>U\u00e7uk vir\u00fcs\u00fc<\/li>\n<li>Bakteriyel kaynakl\u0131 olanlar;<\/li>\n<li>Sin\u00fczit<\/li>\n<li>Streptokokal Bo\u011faz A\u011fr\u0131s\u0131 (Strep Throat)<\/li>\n<li>Bo\u011fmaca<\/li>\n<li>Epiglotit<\/li>\n<\/ol>\n<p><span style=\"color:#FF8C00;\"><span style=\"font-size:18px;\"><strong><u>\u00c7ocuklarda bo\u011faz enfeksiyonu belirtileri<\/u><\/strong><\/span><\/span><\/p>\n<ol>\n<li>Bo\u011fazda k\u0131zarma, \u015fi\u015fme, iltihap<\/li>\n<li>Yutkunmada zorluk, bo\u011faz a\u011fr\u0131s\u0131<\/li>\n<li>V\u00fccutta k\u0131rg\u0131nl\u0131k<\/li>\n<li>Ate\u015f<\/li>\n<li>Ses k\u0131s\u0131kl\u0131\u011f\u0131<\/li>\n<li>Solunumda zorlanma<\/li>\n<li>Kulak veya boyunda a\u011fr\u0131<\/li>\n<li>H\u0131r\u0131lt\u0131l\u0131 nefes alma<\/li>\n<li>Bo\u011faz kurulu\u011fu<\/li>\n<li>Bademciklerin \u015fi\u015fmesi<\/li>\n<\/ol>\n<p><span style=\"color:#FF8C00;\"><span style=\"font-size:18px;\"><strong><u>\u00c7ocuklarda bo\u011faz enfeksiyonu nas\u0131l tedavi edilir?<\/u><\/strong><\/span><\/span><\/p>\n<ol>\n<li>\u00c7ocu\u011funuzdaki bo\u011faz enfeksiyonu i\u00e7in bir \u00c7ocuk doktoruna ba\u015fvurmal\u0131s\u0131n\u0131z. \u00c7ocuk doktorunuz \u00e7ocu\u011fun durumuna g\u00f6re antibiyotik ve a\u011fr\u0131 kesici re\u00e7ete edecektir.<\/li>\n<li>\u015eayet bo\u011faz enfeksiyonu s\u0131k tekrarl\u0131yorsa \u00e7ocu\u011fun bademciklerinin al\u0131nmas\u0131na da karar verebilir.<\/li>\n<li>\u00c7ocuklarda bo\u011faz enfeksiyonuna iyi gelen do\u011fal \u00e7areler;<\/li>\n<li>Bir bardak \u0131l\u0131k suya 1 tatl\u0131 ka\u015f\u0131\u011f\u0131 bal ve 1-2 tatl\u0131 ka\u015f\u0131\u011f\u0131 limon suyu kat\u0131n. \u00c7ocu\u011funuza bu kar\u0131\u015f\u0131m\u0131 g\u00fcnde bir ka\u00e7 kez i\u00e7irin.<\/li>\n<li>\u00c7ocu\u011funuzun g\u00fcnde 4-5 bardak su i\u00e7mesini sa\u011flay\u0131n. Su bo\u011faz yollar\u0131n\u0131 temizleyecektir.<\/li>\n<li>Bol bol dinlensin ve uyusun.<\/li>\n<li>Tuzlu su ile gargara yapmak iltihab\u0131, \u015fi\u015fme ve a\u011fr\u0131y\u0131 azaltabilir.<\/li>\n<\/ol>\n<p><span style=\"color:#FF8C00;\"><span style=\"font-size:18px;\"><strong><u>\u00c7ocuklarda bo\u011faz enfeksiyonu ile ilgili doktorlara sorular ve cevaplar\u0131<\/u><\/strong><\/span><\/span><\/p>\n<p><span style=\"color:#FF8C00;\"><span style=\"font-size:16px;\"><strong>Sual:<\/strong><\/span><\/span> 1 ya\u015f\u0131nda o\u011flum var. S\u0131k olarak bo\u011faz enfeksiyonu ge\u00e7iriyor. Ba\u011f\u0131\u015f\u0131kl\u0131\u011f\u0131na destek i\u00e7in immuzinc diye bir \u015furup duydum kullanabilir miyim? Bir de bal\u0131k ya\u011f\u0131 hakk\u0131nda bilgi almak istiyorum kullanmamda bir sak\u0131nca olur mu? Yararlar\u0131n\u0131 g\u00f6r\u00fcr m\u00fcy\u00fcm?<\/p>\n<p><span style=\"color:#FF8C00;\"><span style=\"font-size:16px;\"><strong>CEVAP<\/strong><\/span><\/span><\/p>\n<p>\u00c7ocuk Doktoru Bar\u0131\u015f \u0130lhan&#8217;\u0131n cevab\u0131: (Bal\u0131k ya\u011f\u0131n\u0131 rutinde \u00f6nermiyorum. B\u00fcy\u00fcme gerili\u011fi veya i\u015ftahs\u0131zl\u0131\u011f\u0131 olan \u00e7ocuklara verilebilir bal\u0131k ya\u011f\u0131.)<\/p>\n<p><span style=\"color:#FF8C00;\"><span style=\"font-size:16px;\"><strong>Sual:<\/strong><\/span><\/span> \u00c7ocu\u011fum 15 g\u00fcnde bir hastalan\u0131yor her doktora g\u00f6t\u00fcrd\u00fc\u011f\u00fcmde s\u00fcrekli bo\u011faz enfeksiyonu ge\u00e7irdigini s\u00f6yl\u00fcyorlar ve ben her 15 g\u00fcnde bir antibiyotik kullan\u0131yorum bu kadar s\u0131kl\u0131kta antibiyotik kullanmam\u0131n \u00e7ocu\u011fuma bir zarar\u0131 olabilir mi?<\/p>\n<p><span style=\"font-size:16px;\"><span style=\"color:#FF8C00;\"><strong>CEVAP<\/strong><\/span><\/span><\/p>\n<p>\u00c7ocuk Doktoru \u00c7a\u011flar Acar&#8217;\u0131n cevab\u0131: (\u00d6ncelikle antibiyotik kullanmadan \u00f6nce bo\u011faz k\u00fclt\u00fcr\u00fc yapt\u0131r\u0131n, immunglobulinlere bak\u0131lsa iyi olur)<\/p>\n<p>\u00c7ocuk Doktoru Abdurrahim \u00c7ekin&#8217;in cevab\u0131: (<strong>Bu kadar s\u0131k antibiyotik kullanman\u0131z, \u00e7ocu\u011fun ba\u011f\u0131rsa\u011f\u0131nda \u00e7ocu\u011funuza yararl\u0131 olan bakterileri de \u00f6ld\u00fcrece\u011finden, barsak floras\u0131n\u0131 bozar <\/strong>buda \u00e7ocukta istenmeyen baz\u0131 vitamin eksikliklerine yol a\u00e7ar, bir di\u011fer zarar\u0131 mevcut bakteriler verilen antibiyoti\u011fe diren\u00e7 kazan\u0131rlar, bu da \u00e7ocu\u011funuzun bir daha ayn\u0131 antibiyotik ile tedavi olmas\u0131n\u0131 zorla\u015ft\u0131r\u0131r. En iyisi \u00e7ocu\u011funuz \u00e7ok \u00fcsye ge\u00e7iriyorsa ya ayl\u0131k i\u011fne dedi\u011fimiz penadur yapt\u0131rman\u0131z veya bir kbb uzman\u0131na muayene olup gerekirse bademcik operasyonu olman\u0131z gerekmektedir. )<\/p>\n<p>\u00c7ocuk Doktoru Deniz Ertem&#8217;in cevab\u0131: (Ya\u015f\u0131 ne olursa olsun y\u0131lda 6-7 den fazla antibiyotik kullanmay\u0131 gerektirecek s\u0131kl\u0131kta hastalanma \u00e7ocu\u011funuzda buna neden olan nedenlerinin ara\u015ft\u0131r\u0131lmas\u0131n\u0131 gerektirir. Bir ara\u015ft\u0131rma kurumunda (\u00fcniversite vb.) \u00e7ocu\u011funuzun ara\u015ft\u0131r\u0131lmas\u0131 gerekir. )<\/p>\n<p><span style=\"color:#FF8C00;\"><span style=\"font-size:16px;\"><strong>Sual: <\/strong><\/span><\/span>4 ya\u015f\u0131nda bir o\u011flum var may\u0131s ay\u0131ndan itibaren her 15-20 g\u00fcnde bo\u011faz enfeksiyonu ge\u00e7iriyor.ayl\u0131k i\u011fne kulland\u0131k bi faydas\u0131 olmad\u0131 enson tahlillerde demir eksikli\u011fi \u00e7\u0131kt\u0131 yine bo\u011faz enfeksiyonu devam ediyor kbb bize bir ila\u00e7 \u00f6nerdi&nbsp;ama nafile bu ila\u00e7 iyimidir ve ne yapmal\u0131y\u0131z ?<\/p>\n<p><span style=\"color:#FF8C00;\"><span style=\"font-size:16px;\"><strong>CEVAP<\/strong><\/span><\/span><\/p>\n<p>Allerjik Hastal\u0131klar ve G\u00f6\u011f\u00fcs Hastal\u0131klar\u0131 Uzman\u0131 Sami \u00d6zt\u00fcrk&#8217;\u00fcn cevab\u0131: (<strong>S\u0131k hasta olanlarda allerjik neden ve ba\u011f\u0131\u015f\u0131kl\u0131k sistemi ara\u015ft\u0131r\u0131lmas\u0131 uygundur<\/strong>. &#8220;Total IgE (allerji ara\u015ft\u0131rmas\u0131 i\u00e7in)&#8221; IgA (Ba\u011f\u0131\u015f\u0131kl\u0131k sistemi ara\u015ft\u0131rmas\u0131 i\u00e7in)&#8221; ve &#8220;Allerji deri prick testi (allerji ara\u015ft\u0131rmas\u0131 i\u00e7in) (\u00c7ok k\u00fc\u00e7\u00fck hastalarda sadece kandan da baz\u0131lar\u0131 bak\u0131labilmektedir) yapt\u0131r\u0131rsan\u0131z s\u0131k hastalanma ile ilgili b\u00fcy\u00fck oranda tan\u0131sal yakla\u015f\u0131m yeterli olacakt\u0131r diye d\u00fc\u015f\u00fcnmekteyim. Allerji Uzman\u0131 muayenesi ve testi \u00f6neririm. )<\/p>\n<p><span style=\"color:#FF8C00;\"><span style=\"font-size:16px;\"><strong>Sual: <\/strong><\/span><\/span>O\u011flum 3,5 ya\u015f\u0131nda. Kre\u015fe gitti\u011finden beri s\u0131k s\u0131k bo\u011faz enfeksiyonu ge\u00e7iriyor.Ge\u00e7en hafta tonsilit te\u015fhi\u015fi konuldu ve 6 tane i\u011fne vuruldu. Bu hastal\u0131k tekrar eder mi \u00e7ocu\u011fumu nas\u0131l korururum?<\/p>\n<p><span style=\"color:#FF8C00;\"><span style=\"font-size:16px;\"><strong>CEVAP<\/strong><\/span><\/span><\/p>\n<p>\u00c7ocuk Doktoru Murat Ayd\u0131n&#8217;\u0131n cevab\u0131: (E\u011fer s\u0131k s\u0131k tonsillit ataklar\u0131 ge\u00e7iriyorsa ya bademciklerin ameliyat ile al\u0131nmas\u0131 gerekir veya 21 g\u00fcnde bir koruyucu i\u011fne kullanmak gerekiyor. Bunun karar\u0131n\u0131 kbb hekimi verecektir.)<\/p>\n<p>Not: Bu makalede ge\u00e7en soru cevaplar soru soran \u015fah\u0131slara m\u00fcnhas\u0131rd\u0131r. Doktorunuza dan\u0131\u015fmadan hi\u00e7bir ilac\u0131 \u00e7ocu\u011funuz i\u00e7in kullanmay\u0131n.<\/p>\n<p><span style=\"font-size:18px;\"><a href=\"https:\/\/www.mavikadin.com\/cocuklarda-bogaz-agrisi-neden-olur-nasil-giderilir\" target=\"_blank\" rel=\"noopener\"><strong>\u00c7ocuklarda Bo\u011faz Enfeksiyonunun Nedenleri Ve Tedavi Y\u00f6ntemleri T\u0131klay\u0131n\u0131z<\/strong><\/a><\/span><\/p>\n<p><span style=\"font-size:18px;\"><strong><a href=\"https:\/\/www.mavikadin.com\/adacayi-ile-bogaz-iltihabi-faranjit-bogaz-agrisi-icin-gargara-tarifi\" target=\"_blank\" rel=\"noopener\"><span style=\"color:#FF0000;\">Ada\u00e7ay\u0131 \u0130le Bo\u011faz \u0130ltihab\u0131, Faranjit, Bo\u011faz A\u011fr\u0131s\u0131 \u0130\u00e7in Gargara Tarifi T\u0131klay\u0131n\u0131z<\/span><\/a><\/strong><\/span><\/p>\n<p><span style=\"font-size:18px;\"><strong><a href=\"https:\/\/www.mavikadin.com\/cocuklarda-bogaz-agrisi-neden-olur-nasil-giderilir\" target=\"_blank\" rel=\"noopener\">\u00c7ocuklarda Bo\u011faz A\u011fr\u0131s\u0131 Neden Olur, Nas\u0131l Giderilir? T\u0131klay\u0131n\u0131z<\/a><\/strong><\/span><\/p>\n<p><span style=\"font-size:18px;\"><a href=\"https:\/\/www.mavikadin.com\/cocuklarda-burun-tikanmasi-neden-olur-nasil-gecer-en-etkili-yontemler\" target=\"_blank\" rel=\"noopener\"><span style=\"color:#FF0000;\"><strong>\u00c7o\u00e7uklarda Burun T\u0131kan\u0131kl\u0131\u011f\u0131 Nas\u0131l Ge\u00e7er? 10 Kesin \u00c7\u00f6z\u00fcm Y\u00f6ntemi T\u0131klay\u0131n\u0131z<\/strong><\/span><\/a><\/span><\/p>\n","protected":false},"excerpt":{"rendered":"<p>\u00c7ocuklarda bo\u011faz enfeksiyonu( bo\u011faz iltihab\u0131) \u00e7ocukluk \u00e7a\u011f\u0131nda \u00e7ok s\u0131k kar\u015f\u0131la\u015f\u0131lan sa\u011fl\u0131k sorunlar\u0131ndand\u0131r. Bunlar\u0131n \u00e7o\u011fu viral kaynakl\u0131d\u0131r. Yani vir\u00fcsler \u00c7ocuklarda bo\u011faz enfeksiyonu( bo\u011faz iltihab\u0131) \u00e7ocukluk \u00e7a\u011f\u0131nda \u00e7ok s\u0131k kar\u015f\u0131la\u015f\u0131lan sa\u011fl\u0131k sorunlar\u0131ndand\u0131r. Bunlar\u0131n \u00e7o\u011fu viral kaynakl\u0131d\u0131r. Yani vir\u00fcsler taraf\u0131ndan meydana gelir. Bu makalemizde \u00e7ocuklarda bo\u011faz enfeksiyonunun nedenlerine, belirtilerine ve tedavisi konusuna yer verdik. \u00c7ocuklarda bo\u011faz iltihab\u0131yla ilgili [&hellip;]<\/p>\n","protected":false},"author":30,"featured_media":42409,"comment_status":"closed","ping_status":"open","sticky":false,"template":"","format":"standard","meta":{"rank_math_lock_modified_date":false,"footnotes":""},"categories":[111],"tags":[33227,33226,33229,33225,33228],"class_list":["post-42410","post","type-post","status-publish","format-standard","has-post-thumbnail","hentry","category-anne-cocuk","tag-bogaz-enfeksiyonu-belirtileri","tag-bogaz-enfeksiyonu-nedenleri","tag-bogaz-iltihabi","tag-cocuklarda-bogaz-enfeksiyonu","tag-cocuklarda-bogaz-enfeksiyonu-tedavisi"],"_links":{"self":[{"href":"https:\/\/www.tgrthaber.com\/mavikadin\/wp-json\/wp\/v2\/posts\/42410"}],"collection":[{"href":"https:\/\/www.tgrthaber.com\/mavikadin\/wp-json\/wp\/v2\/posts"}],"about":[{"href":"https:\/\/www.tgrthaber.com\/mavikadin\/wp-json\/wp\/v2\/types\/post"}],"author":[{"embeddable":true,"href":"https:\/\/www.tgrthaber.com\/mavikadin\/wp-json\/wp\/v2\/users\/30"}],"replies":[{"embeddable":true,"href":"https:\/\/www.tgrthaber.com\/mavikadin\/wp-json\/wp\/v2\/comments?post=42410"}],"version-history":[{"count":1,"href":"https:\/\/www.tgrthaber.com\/mavikadin\/wp-json\/wp\/v2\/posts\/42410\/revisions"}],"predecessor-version":[{"id":42411,"href":"https:\/\/www.tgrthaber.com\/mavikadin\/wp-json\/wp\/v2\/posts\/42410\/revisions\/42411"}],"wp:featuredmedia":[{"embeddable":true,"href":"https:\/\/www.tgrthaber.com\/mavikadin\/wp-json\/wp\/v2\/media\/42409"}],"wp:attachment":[{"href":"https:\/\/www.tgrthaber.com\/mavikadin\/wp-json\/wp\/v2\/media?parent=42410"}],"wp:term":[{"taxonomy":"category","embeddable":true,"href":"https:\/\/www.tgrthaber.com\/mavikadin\/wp-json\/wp\/v2\/categories?post=42410"},{"taxonomy":"post_tag","embeddable":true,"href":"https:\/\/www.tgrthaber.com\/mavikadin\/wp-json\/wp\/v2\/tags?post=42410"}],"curies":[{"name":"wp","href":"https:\/\/api.w.org\/{rel}","templated":true}]}}