{"id":42446,"date":"2017-04-09T23:22:02","date_gmt":"2017-04-09T20:22:02","guid":{"rendered":"https:\/\/new.mavikadin.com\/?p=42446"},"modified":"2024-09-16T10:34:31","modified_gmt":"2024-09-16T07:34:31","slug":"cocuklarda-kulak-agrisi-nasil-giderilir-evde-bitkisel-kesin-cozumler","status":"publish","type":"post","link":"https:\/\/www.tgrthaber.com\/mavikadin\/cocuklarda-kulak-agrisi-nasil-giderilir-evde-bitkisel-kesin-cozumler\/","title":{"rendered":"\u00c7o\u00e7uklarda Kulak A\u011fr\u0131s\u0131 Nas\u0131l Giderilir? Evde Bitkisel Kesin \u00c7\u00f6z\u00fcmler"},"content":{"rendered":"<p>Otalji yani kulak a\u011fr\u0131s\u0131 \u00e7ocuklarda s\u0131k rastlanan bir sa\u011fl\u0131k sorunudur ve \u00e7e\u015fitli nedenlerden kaynaklan\u0131r. \u00c7ocu\u011funuzun kula\u011f\u0131 m\u0131 a\u011fr\u0131yor?\u00c7ocuklarda kulak a\u011fr\u0131s\u0131<\/p>\n<p>Otalji yani kulak a\u011fr\u0131s\u0131 \u00e7ocuklarda s\u0131k rastlanan bir sa\u011fl\u0131k sorunudur ve \u00e7e\u015fitli nedenlerden kaynaklan\u0131r. \u00c7ocu\u011funuzun kula\u011f\u0131 m\u0131 a\u011fr\u0131yor?&nbsp;<strong>\u00c7o\u00e7uklarda kulak a\u011fr\u0131s\u0131 nas\u0131l giderilir?<\/strong>Makalemizde&nbsp;<strong>\u00e7ocuklarda kulak a\u011fr\u0131s\u0131 nas\u0131l ge\u00e7er, ne yapmal\u0131? bitkisel, do\u011fal \u00e7\u00f6z\u00fcmler<\/strong>konusuna yer verdik.&nbsp;<\/p>\n<p><span style=\"color:#FF8C00;\"><span style=\"font-size:18px;\"><strong><u>\u00c7ocuklarda kulak a\u011fr\u0131s\u0131 nedenleri<\/u><\/strong><\/span><\/span><\/p>\n<ol>\n<li>Orta kulak iltihab\u0131<\/li>\n<li><strong>\u00d6staki borusunda veya kula\u011f\u0131nda yap\u0131s\u0131nda olan bir bozukluk<\/strong><\/li>\n<li>Di\u015f \u00e7\u0131karma d\u00f6nemi<\/li>\n<li><strong>Bademcik veya geniz eti problemi<\/strong><\/li>\n<li>Kula\u011fa yabanc\u0131 cisim ka\u00e7mas\u0131<\/li>\n<li><strong>Kulak kiri birikmesi<\/strong><\/li>\n<li>U\u00e7ak yolculu\u011fu<\/li>\n<li><strong>Akut otitis media(kulak zar\u0131 iltihab\u0131)<\/strong><\/li>\n<li>Temporomandibuler eklem problemleri<\/li>\n<\/ol>\n<p><span style=\"color:#008080;\"><span style=\"font-size:18px;\"><strong><u>\u00c7ocuklarda kulak a\u011fr\u0131s\u0131 bitkisel \u00e7\u00f6z\u00fcm y\u00f6ntemleri<\/u><\/strong><\/span><\/span><\/p>\n<p><span style=\"color:#FF8C00;\"><span style=\"font-size:18px;\"><strong><u>Zeytinya\u011f\u0131<\/u><\/strong><\/span><\/span><\/p>\n<p><strong>Zeytinya\u011f\u0131 kulak a\u011fr\u0131lar\u0131ndan kurtulmak i\u00e7in y\u00fczy\u0131llard\u0131r kullan\u0131lan do\u011fal \u00e7arelerdendir. Zeytinya\u011f\u0131 ayr\u0131ca kulaktaki u\u011fultu hissinden de kurtar\u0131c\u0131d\u0131r. <\/strong>Kulak deli\u011finizin i\u00e7ine, ocakta cezvede \u0131s\u0131tt\u0131\u011f\u0131n\u0131zdan zeytinya\u011f\u0131ndan 2-3 damla \u0131l\u0131k zeytinya\u011f\u0131 damlat\u0131n. Alternatif olarak bir pamu\u011fu zeytinya\u011f\u0131na band\u0131r\u0131p kula\u011f\u0131n\u0131z i\u00e7ine de iyice s\u0131k\u0131\u015ft\u0131rabilirsiniz. Ayn\u0131 \u015fekilde zeytinya\u011f\u0131 yerine hardal ya\u011f\u0131 da kullanabilirsiniz.<\/p>\n<p><span style=\"color:#FF8C00;\"><span style=\"font-size:18px;\"><strong><u>Sar\u0131msak<\/u><\/strong><\/span><\/span><\/p>\n<p><strong>Sar\u0131msak, analjezik ve antibiyotik \u00f6zellikleri &nbsp;ile kulak enfeksiyonun yol a\u00e7t\u0131\u011f\u0131 a\u011fr\u0131lar\u0131 azaltmaya yard\u0131mc\u0131d\u0131r. 1 \u00e7ay ka\u015f\u0131\u011f\u0131 k\u0131y\u0131lm\u0131\u015f sar\u0131msa\u011f\u0131 2 yemek ka\u015f\u0131\u011f\u0131 susam ya\u011f\u0131na yahut zeytinya\u011f\u0131na ekleyip \u0131s\u0131t\u0131n. <\/strong>So\u011futun ve s\u00fcz\u00fcn. Sonra a\u011fr\u0131yan kula\u011f\u0131n\u0131za 2-3 damla damlat\u0131n. Di\u011fer bir se\u00e7enek ise birka\u00e7 di\u015f sar\u0131msa\u011f\u0131n suyunu s\u0131kmak ve bunu a\u011fr\u0131yan kula\u011fa damlatmakt\u0131r.<\/p>\n<p><strong><span style=\"color:#FF8C00;\"><span style=\"font-size:18px;\"><u>So\u011fan<\/u><\/span><\/span><\/strong><\/p>\n<p><strong>So\u011fan&nbsp;antiseptik ve antibakteriyel \u00f6zellikleri ile \u00e7ocuklarda kulak a\u011fr\u0131s\u0131na kesin \u00e7\u00f6z\u00fcm y\u00f6ntemlerindendir. 1 yemek ka\u015f\u0131\u011f\u0131 k\u0131y\u0131lm\u0131\u015f so\u011fan\u0131 ocakta \u0131s\u0131t\u0131p, suyunu s\u00fcz\u00fcn.&nbsp;A\u011fr\u0131yan kula\u011fa 2-3 damla olmak \u00fczere g\u00fcnde 2-3 kez damlat\u0131n.<\/strong> Bir taze so\u011fan\u0131 al\u0131n ve iyice ezin. Bu par\u00e7alar\u0131 temiz bir beze sar\u0131p a\u011fr\u0131yan b\u00f6lgenin \u00fczerinde 5-10 dk tutun. G\u00fcnde birka\u00e7 kez tekrarlay\u0131n.<\/p>\n<p><span style=\"color:#FF8C00;\"><span style=\"font-size:18px;\"><strong><u>S\u0131cak su \u015fisesi<\/u><\/strong><\/span><\/span><\/p>\n<p>S\u0131cak uygulamas\u0131 a\u011fr\u0131l\u0131 b\u00f6lgeleri rahatlat\u0131r. S\u0131cak su dolu bir \u015fi\u015feyi ince bir beze sar\u0131n ve a\u011fr\u0131yan kulak \u00fczerine birka\u00e7 dk bast\u0131r\u0131n. Bu i\u015flem i\u00e7in s\u0131cak su torbas\u0131 da kullanabilirsiniz, yaln\u0131z kula\u011fa zarar vermemek i\u00e7in su \u00e7ok s\u0131cak olmamal\u0131.<\/p>\n<p><span style=\"color:#FF8C00;\"><span style=\"font-size:18px;\"><strong><u>Zencefil<\/u><\/strong><\/span><\/span><\/p>\n<p><strong>Zencefil, anti-inflamatuar \u00f6zleri ile kulaktaki enfeksiyon, ilthap&nbsp; tedavisinde olduk\u00e7a etkilidir.<\/strong>&nbsp; Zencefil ayn\u0131 zamanda m\u00fckemmel bir do\u011fal a\u011fr\u0131 kesicidir. Taze zencefilin suyunu \u00e7\u0131kart\u0131n ve kulak deli\u011finden damlat\u0131n. \u0130nflamasyonu azalt\u0131r ve a\u011fr\u0131y\u0131 rahatlat\u0131r. Alternatif olarak 1 tatl\u0131 ka\u015f\u0131\u011f\u0131 taze rendelenmi\u015f zencefil k\u00f6k\u00fc ile 2 \u00e7orba ka\u015f\u0131\u011f\u0131 zeytinya\u011f\u0131n\u0131 kar\u0131\u015ft\u0131r\u0131n. 5-10 dk bekleyin ve sonra a\u011fr\u0131yan kula\u011f\u0131n\u0131za birka\u00e7 damla damlat\u0131n.<\/p>\n<p><span style=\"color:#FF8C00;\"><span style=\"font-size:18px;\"><strong><u>Nane Yapraklar\u0131<\/u><\/strong><\/span><\/span><\/p>\n<p>Nane yapraklar\u0131 ve nane ya\u011f\u0131 kulak a\u011fr\u0131lar\u0131n\u0131 yat\u0131\u015ft\u0131rmakta kullan\u0131labilir. Taze nane yapraklar\u0131n\u0131 s\u0131k\u0131p suyunu \u00e7\u0131kar\u0131n ve a\u011fr\u0131yan kula\u011fa birka\u00e7 damla damlat\u0131n. Bir pamuklu \u00e7ubu\u011fu nane ya\u011f\u0131na band\u0131rarak kulak a\u00e7\u0131kl\u0131\u011f\u0131 \u00e7evresine uygulay\u0131n.&nbsp; Bunu kulak i\u00e7ine direk uygulamay\u0131n. Ayr\u0131ca zeytinya\u011f\u0131 ya\u011f\u0131yla nane ya\u011f\u0131n\u0131 seyreltip uygulaman\u0131z da m\u00fcmk\u00fcnd\u00fcr.<\/p>\n<p>Not: Bu y\u00f6ntemleri doktorunuza dan\u0131\u015fmadan uygulamay\u0131n\u0131z.<\/p>\n<p><span style=\"font-size:20px;\"><a href=\"https:\/\/www.mavikadin.com\/sol-veya-sag-kulak-agrisi-icin-ne-yapilir-sogan-suyu-ve-diger-cozumler\" target=\"_blank\" rel=\"noopener\"><strong>Kulak A\u011fr\u0131s\u0131na Ne \u0130yi Gelir? Evde Yapabilece\u011finiz Kesin Bitkisel \u00c7\u00f6z\u00fcmler T\u0131klay\u0131n\u0131z<\/strong><\/a><\/span><\/p>\n<p><span style=\"font-size:20px;\"><strong><a href=\"https:\/\/www.mavikadin.com\/cocuklarda-bogaz-enfeksiyonu-belirtileri-nedenleri-tedavi-yontemleri\" target=\"_blank\" rel=\"noopener\"><span style=\"color:#FF0000;\">\u00c7o\u00e7uklarda Bo\u011faz \u0130ltihaplanmas\u0131na Ne \u0130yi Gelir? Doktorlar Cevapl\u0131yor T\u0131klay\u0131n\u0131z<\/span><\/a><\/strong><\/span><\/p>\n<p><span style=\"font-size:20px;\"><strong><a href=\"https:\/\/www.mavikadin.com\/cocuklarda-bogaz-agrisi-neden-olur-nasil-giderilir\" target=\"_blank\" rel=\"noopener\">\u00c7ocuklarda Bo\u011faz A\u011fr\u0131s\u0131 Neden Olur, Nas\u0131l Giderilir? T\u0131klay\u0131n\u0131z<\/a><\/strong><\/span><\/p>\n<p><span style=\"font-size:20px;\"><strong><a href=\"https:\/\/www.mavikadin.com\/cocuklarda-balgamli-oksuruge-ne-iyi-gelir-bitkisel-ve-dogal-tedaviler\" target=\"_blank\" rel=\"noopener\"><span style=\"color:#FF0000;\">\u00c7ocuklarda Balgaml\u0131 \u00d6ks\u00fcr\u00fck Nas\u0131l Giderilir? Uzman Doktor Cevapl\u0131yor T\u0131klay\u0131n\u0131z<\/span><\/a><\/strong><\/span><\/p>\n<p><span style=\"font-size:20px;\"><strong><a href=\"https:\/\/www.mavikadin.com\/cocugumun-sesi-kisildi-cocuklarda-ses-kisikligina-ne-iyi-gelir\" target=\"_blank\" rel=\"noopener\">\u00c7ocu\u011fumun Sesi K\u0131s\u0131ld\u0131, \u00c7ocuklarda Ses K\u0131s\u0131kl\u0131\u011f\u0131na Ne \u0130yi Gelir? T\u0131klay\u0131n\u0131z<\/a><\/strong><\/span><\/p>\n<p><span style=\"font-size:20px;\"><a href=\"https:\/\/www.mavikadin.com\/kulakta-dolgunluk-tikaniklik-hissi-neden-olur-nasil-gecer\" target=\"_blank\" rel=\"noopener\"><span style=\"color:#FF0000;\"><strong>Kulakta Dolgunluk, T\u0131kan\u0131kl\u0131k Hissi Neden Olur, Nas\u0131l Ge\u00e7er? T\u0131klay\u0131n\u0131z<\/strong><\/span><\/a><\/span><\/p>\n","protected":false},"excerpt":{"rendered":"<p>Otalji yani kulak a\u011fr\u0131s\u0131 \u00e7ocuklarda s\u0131k rastlanan bir sa\u011fl\u0131k sorunudur ve \u00e7e\u015fitli nedenlerden kaynaklan\u0131r. \u00c7ocu\u011funuzun kula\u011f\u0131 m\u0131 a\u011fr\u0131yor?\u00c7ocuklarda kulak a\u011fr\u0131s\u0131 Otalji yani kulak a\u011fr\u0131s\u0131 \u00e7ocuklarda s\u0131k rastlanan bir sa\u011fl\u0131k sorunudur ve \u00e7e\u015fitli nedenlerden kaynaklan\u0131r. \u00c7ocu\u011funuzun kula\u011f\u0131 m\u0131 a\u011fr\u0131yor?&nbsp;\u00c7o\u00e7uklarda kulak a\u011fr\u0131s\u0131 nas\u0131l giderilir?Makalemizde&nbsp;\u00e7ocuklarda kulak a\u011fr\u0131s\u0131 nas\u0131l ge\u00e7er, ne yapmal\u0131? bitkisel, do\u011fal \u00e7\u00f6z\u00fcmlerkonusuna yer verdik.&nbsp; \u00c7ocuklarda kulak [&hellip;]<\/p>\n","protected":false},"author":30,"featured_media":42445,"comment_status":"closed","ping_status":"open","sticky":false,"template":"","format":"standard","meta":{"rank_math_lock_modified_date":false,"footnotes":""},"categories":[111],"tags":[33267,33265,33266,33268,33269],"class_list":["post-42446","post","type-post","status-publish","format-standard","has-post-thumbnail","hentry","category-anne-cocuk","tag-bebeklerde-kulak-agrisi","tag-cocuklarda-kulak-agrisi","tag-kulak-agrisi-dogal-cozum","tag-kulak-agrisina-bitkisel-cozum","tag-kulak-iltihabi-dogal-tedavi"],"_links":{"self":[{"href":"https:\/\/www.tgrthaber.com\/mavikadin\/wp-json\/wp\/v2\/posts\/42446"}],"collection":[{"href":"https:\/\/www.tgrthaber.com\/mavikadin\/wp-json\/wp\/v2\/posts"}],"about":[{"href":"https:\/\/www.tgrthaber.com\/mavikadin\/wp-json\/wp\/v2\/types\/post"}],"author":[{"embeddable":true,"href":"https:\/\/www.tgrthaber.com\/mavikadin\/wp-json\/wp\/v2\/users\/30"}],"replies":[{"embeddable":true,"href":"https:\/\/www.tgrthaber.com\/mavikadin\/wp-json\/wp\/v2\/comments?post=42446"}],"version-history":[{"count":1,"href":"https:\/\/www.tgrthaber.com\/mavikadin\/wp-json\/wp\/v2\/posts\/42446\/revisions"}],"predecessor-version":[{"id":42447,"href":"https:\/\/www.tgrthaber.com\/mavikadin\/wp-json\/wp\/v2\/posts\/42446\/revisions\/42447"}],"wp:featuredmedia":[{"embeddable":true,"href":"https:\/\/www.tgrthaber.com\/mavikadin\/wp-json\/wp\/v2\/media\/42445"}],"wp:attachment":[{"href":"https:\/\/www.tgrthaber.com\/mavikadin\/wp-json\/wp\/v2\/media?parent=42446"}],"wp:term":[{"taxonomy":"category","embeddable":true,"href":"https:\/\/www.tgrthaber.com\/mavikadin\/wp-json\/wp\/v2\/categories?post=42446"},{"taxonomy":"post_tag","embeddable":true,"href":"https:\/\/www.tgrthaber.com\/mavikadin\/wp-json\/wp\/v2\/tags?post=42446"}],"curies":[{"name":"wp","href":"https:\/\/api.w.org\/{rel}","templated":true}]}}