{"id":42497,"date":"2017-04-22T00:07:20","date_gmt":"2017-04-21T21:07:20","guid":{"rendered":"https:\/\/new.mavikadin.com\/?p=42497"},"modified":"2024-09-16T10:35:18","modified_gmt":"2024-09-16T07:35:18","slug":"bebegim-hic-uyumuyor-uyumayan-bebeklere-ne-yapmali","status":"publish","type":"post","link":"https:\/\/www.tgrthaber.com\/mavikadin\/bebegim-hic-uyumuyor-uyumayan-bebeklere-ne-yapmali\/","title":{"rendered":"Bebe\u011fim Hi\u00e7 Uyumuyor, Uyumayan Bebeklere Ne Yapmal\u0131?"},"content":{"rendered":"<p>Bebeklerin uyumamas\u0131 bebeklerde en s\u0131k kar\u015f\u0131la\u015f\u0131lan uyku sorunlar\u0131ndand\u0131r.\u00a0\u00d6zellikle 1 ayl\u0131k, 2 ayl\u0131k, 3 ayl\u0131k , 4 ayl\u0131k, 5 ayl\u0131k, 6 ayl\u0131k bebeklerde bu sorunla<\/p>\n<p>Bebeklerin uyumamas\u0131 bebeklerde en s\u0131k kar\u015f\u0131la\u015f\u0131lan uyku sorunlar\u0131ndand\u0131r.&nbsp;\u00d6zellikle 1 ayl\u0131k, 2 ayl\u0131k, 3 ayl\u0131k , 4 ayl\u0131k, 5 ayl\u0131k, 6 ayl\u0131k bebeklerde bu sorunla s\u0131kl\u0131kla kar\u015f\u0131la\u015f\u0131l\u0131r. Bebe\u011fim uyumuyor, ne yapay\u0131m? Makalemizde bu konu hakk\u0131ndaki doktorlara sorulan sorulara ve cevaplar\u0131na yer verdik.<\/p>\n<p><strong><span style=\"color:#FF8C00;\"><span style=\"font-size:16px;\">Sual:<\/span><\/span><\/strong> 47 g\u00fcnl\u00fck bebe\u011fim var, hi\u00e7 uyumuyor ne yapmal\u0131y\u0131m?<\/p>\n<p><span style=\"color:#FF8C00;\"><span style=\"font-size:16px;\"><strong>CEVAP<\/strong><\/span><\/span><\/p>\n<p><strong>\u00c7ocuk Doktoru S\u00fcheyla G\u00f6r&#8217;\u00fcn cevab\u0131: (Sa\u011fl\u0131kl\u0131 bir bebe\u011fe uyumas\u0131 i\u00e7in ila\u00e7 verilmez. Bebeklerde gaz sanc\u0131s\u0131 ve huzursuzluk en \u00e7ok 30-60.g\u00fcnler aras\u0131nda g\u00f6r\u00fcl\u00fcr. Biraz sab\u0131rl\u0131 olun, doktorunuzun gaz sanc\u0131s\u0131 i\u00e7in verdi\u011fi ila\u00e7lar\u0131 deneyin.)<\/strong><\/p>\n<p><span style=\"color:#FF8C00;\"><span style=\"font-size:16px;\"><strong>Sual:<\/strong><\/span><\/span> Hocam merhaba bebe\u011fim 17 ayl\u0131k. Geceleri uyumuyor, a\u011fl\u0131yor ne yapt\u0131ysak uyumuyor. G\u00fcnd\u00fczleri uyumas\u0131n\u0131 k\u0131s\u0131tlad\u0131k yine de uyumuyor. Ne yapabilirim?<\/p>\n<p><span style=\"color:#FF8C00;\"><span style=\"font-size:16px;\"><strong>CEVAP<\/strong><\/span><\/span><\/p>\n<p><strong>Doktor Filiz Yakman Bas\u0131lgan\u2019\u0131n cevab\u0131: (Organik bir sorunu olup olmad\u0131\u011f\u0131na \u00e7ocuk hastal\u0131klar\u0131 uzman\u0131 taraf\u0131ndan muayenesi ve gerekli de\u011ferlendirmeleri yap\u0131larak karar verilmeli.)<\/strong><\/p>\n<p><span style=\"color:#A52A2A;\"><span style=\"font-size:16px;\"><strong>Sual:<\/strong><\/span><\/span> 6 Ayl\u0131k k\u0131z\u0131m do\u011fumdan itibaren 24 saatte sadece 4 saat uyuyor bu normal mi? Ne yapmam gerekir?<\/p>\n<p><span style=\"color:#A52A2A;\"><span style=\"font-size:16px;\"><strong>CEVAP<\/strong><\/span><\/span><\/p>\n<p><strong>\u00c7ocuk N\u00f6rolojisi Dr. Canan Y\u0131ld\u0131r\u0131m&#8217;\u0131n cevab\u0131: (Bu s\u00fcre \u00e7ok az. Lo\u015f ortamda ten temas\u0131 ile uyku kalitesini s\u00fcresini art\u0131rmaya \u00e7al\u0131\u015f\u0131n. Banyo saatlerini ak\u015fama kayd\u0131r\u0131n. Milupa rezene \u00e7ay\u0131 bir iki tatl\u0131 ka\u015f\u0131\u011f\u0131 kolayla\u015ft\u0131racakt\u0131r uykusunu.)<\/strong><\/p>\n<p><span style=\"color:#FF8C00;\"><span style=\"font-size:16px;\"><strong>Sual:<\/strong><\/span><\/span> 2 ayl\u0131k bebe\u011fim var uyutam\u0131yorum ne yapsam uyumuyor uykusu var uyumamak i\u00e7in direniyor \u00e7ok a\u011fl\u0131yor nedeni ne olabilir ne yapmam gerek?<\/p>\n<p><span style=\"color:#FF8C00;\"><span style=\"font-size:16px;\"><strong>CEVAP<\/strong><\/span><\/span><\/p>\n<p>Dr. Eda G\u00f6kduman&#8217;\u0131n cevab\u0131: (Kolik denilen gaz sanc\u0131lar\u0131 ya\u015fan\u0131yor olabilir ama en sa\u011fl\u0131kl\u0131s\u0131 \u00e7ocuk doktorunuza muayene ettirmeniz, ge\u00e7mi\u015f olsun.)<\/p>\n<p><span style=\"color:#FF8C00;\"><span style=\"font-size:16px;\"><strong>Sual:<\/strong><\/span><\/span> Bebe\u011fim 18 ayl\u0131k k\u00f6pek di\u015fleri \u00e7\u0131kam\u0131yor, yakla\u015f\u0131k 2 ayd\u0131r \u00e7ok zorluyor. Bebe\u011fim hi\u00e7 uyumuyor acaba bir s\u0131k\u0131nt\u0131m\u0131 var ne yapmam gerekiyor?<\/p>\n<p><span style=\"color:#FF8C00;\"><span style=\"font-size:16px;\"><strong>CEVAP<\/strong><\/span><\/span><\/p>\n<p>Di\u015f Doktoru Tuba \u015eentut&#8217;un cevab\u0131:(Parma\u011f\u0131n\u0131zla kabaran b\u00f6lgeye masaj yap\u0131n, sorun \u00e7ok fazlaysa bir pedodontiste g\u00f6t\u00fcrmenizi tavsiye ederim.)<\/p>\n<p><span style=\"color:#A52A2A;\"><span style=\"font-size:16px;\"><strong>Sual:<\/strong><\/span> <\/span>2 bu\u00e7uk ayl\u0131k bebe\u011fim var, 1 haftad\u0131r geceleri uyumuyor ya kucakta uyuyo yada be\u015fi\u011fini s\u00fcrekli sallarsam gece \u00e7ay\u0131 kullanmam\u0131 \u00f6nerdiler siz tavsiye edermisiniz ?<\/p>\n<p><span style=\"color:#A52A2A;\"><span style=\"font-size:16px;\"><strong>CEVAP<\/strong><\/span><\/span><\/p>\n<p><strong>\u00c7ocuk Doktoru Murat Ayd\u0131n&#8217;\u0131n cevab\u0131: (Tabi kullanabilirsiniz.)<\/strong><\/p>\n<p><span style=\"color:#FF8C00;\"><span style=\"font-size:16px;\"><strong>Sual:<\/strong><\/span><\/span> O\u011flum 25. ay\u0131na ba\u015flad\u0131 ama 2 ayd\u0131r art\u0131k g\u00fcnd\u00fczleri uyumuyor bir sebebi olabilir mi?<\/p>\n<p><span style=\"color:#FF8C00;\"><span style=\"font-size:16px;\"><strong>CEVAP<\/strong><\/span><\/span><\/p>\n<p>\u00c7ocuk Doktoru Murat Ayd\u0131n&#8217;\u0131n cevab\u0131: (G\u00fcnd\u00fcz uyku \u015fart de\u011fildir.)<\/p>\n<p><span style=\"color:#A52A2A;\"><span style=\"font-size:16px;\"><strong>Sual:<\/strong><\/span><\/span> 1 ayl\u0131k bebe\u011fim var son yirmi g\u00fcnd\u00fcr do\u011fru d\u00fczg\u00fcn uyumuyor sadece ak\u015fam saatlerinde deliksiz 3-4 saat uyuyor ve gece g\u00fcnd\u00fcz 20 dk uyuyor 2 saat uyumuyor s\u00fcrekli b\u00f6yle gaz\u0131 i\u00e7in damla kullan\u0131yorum ama yine ayn\u0131 hep emmek istiyor doymuyor diye mama da veriyorum sizce bu normal mi uyumas\u0131 i\u00e7in ne yapmal\u0131y\u0131m?<\/p>\n<p><span style=\"color:#A52A2A;\"><span style=\"font-size:16px;\"><strong>CEVAP<\/strong><\/span><\/span><\/p>\n<p><strong>\u00c7ocuk Doktoru Erdal Erginer&#8217;in cevab\u0131: (Mama verdi\u011finizde de uyumuyorsa a\u00e7 oldu\u011fundan de\u011fil ba\u015fka nedenlerle uyumuyor demektir. Malesef 6. aya kadar bu durum devam edecektir.)<\/strong><\/p>\n<p><span style=\"color:#FF8C00;\"><span style=\"font-size:16px;\"><strong>Sual: <\/strong><\/span><\/span>Bebe\u011fim 6 ayl\u0131k ama hala uyumuyor ne yapmal\u0131y\u0131m sallarsam uyuyor yoksa a\u011fl\u0131yor gece de b\u00f6yle g\u00fcnd\u00fcz de, ne yapay\u0131m?<\/p>\n<p><span style=\"color:#FF8C00;\"><span style=\"font-size:16px;\"><strong>CEVAP<\/strong><\/span><\/span><\/p>\n<p>\u00c7ocuk Psikiyatrisi Filiz K\u0131l\u0131\u00e7&#8217;\u0131n cevab\u0131: (Herhangi bir sa\u011fl\u0131k problemi yoksa \u00e7ok endi\u015fe etmeyin zamanla uyku d\u00fczeni olu\u015facakt\u0131r, hen\u00fcz \u00e7ok k\u00fc\u00e7\u00fck.)<\/p>\n<p><span style=\"color:#A52A2A;\"><span style=\"font-size:16px;\"><strong>Sual:<\/strong><\/span><\/span> 2 ayl\u0131k bir k\u0131z\u0131m var do\u011fdu\u011fundan beri gaz problemimiz var sabahlar\u0131 deliksiz 9 10 saat uyuyor emmek i\u00e7in bile uyanm\u0131yor ama gece uykusu yok sabah olana kadar uyumuyor uyutmuyor \u00e7al\u0131\u015fan bir anneyim uyku d\u00fczenini nas\u0131l sa\u011flayabilirim uykusuzluktan ve yorgunluktan s\u00fct\u00fcm azald\u0131 art\u0131k yetmiyor, ne yapay\u0131m?<\/p>\n<p><span style=\"color:#A52A2A;\"><span style=\"font-size:16px;\"><strong>CEVAP<\/strong><\/span><\/span><\/p>\n<p><strong>\u00c7ocuk Doktoru Sibel K\u0131l\u0131\u00e7arslan&#8217;\u0131n cevab\u0131: (2 aydan sonra uyku d\u00fczeni geli\u015fir ve geceleri uzar g\u00fcnd\u00fcz k\u0131sal\u0131r, gece asla \u0131\u015f\u0131k yapmay\u0131n ve g\u00fcr\u00fclt\u00fc yapmay\u0131n,g\u00fcnd\u00fcz uzun uyumas\u0131na m\u00fcsade etmeyin,uyand\u0131r\u0131n.)<\/strong><\/p>\n<p><span style=\"color:#FF8C00;\"><span style=\"font-size:16px;\"><strong>Sual:<\/strong><\/span><\/span>5 ayl\u0131k o\u011flum var ve son birka\u00e7 haftad\u0131r ne geceleri ne g\u00fcnd\u00fczleri uyumuyor en uzun uykusu 1 saat s\u00fcrm\u00fcyor geceleride ayn\u0131 \u015fekilde 4-5 saat uyan\u0131k kal\u0131yor 15 dk 30 dk uyuyor keyfide yerinde iyice bitap d\u00fc\u015ft\u00fcm banyo bile yapam\u0131yorum uykusuzluk yorgunluk sinirlerim bozuldu kimsemde yok bana \u00f6nerebilece\u011finiz kesin bir \u00e7\u00f6z\u00fcm yolu var m\u0131?<\/p>\n<p><span style=\"color:#FF8C00;\"><span style=\"font-size:16px;\"><strong>CEVAP<\/strong><\/span><\/span><\/p>\n<p>\u00c7ocuk Doktoru Erdal Erginer&#8217;in cevab\u0131: (Doktorunuzla g\u00f6r\u00fc\u015f\u00fcn.Erken di\u015f \u00e7\u0131karmaya ba\u011fl\u0131 olabilir. Ayr\u0131ca idrar tahlili yapt\u0131r\u0131rn.)<\/p>\n<p><span style=\"font-size:16px;\"><strong><a href=\"https:\/\/www.mavikadin.com\/bebekler-icin-uyku-surubu-uyku-damlasi-uyku-ilaci-markalari-nelerdir\" target=\"_blank\" rel=\"noopener\"><span style=\"color:#FF0000;\">Bebeklere Uyku \u0130lac\u0131, \u015eurubu, Damlas\u0131 Verilirmi? Doktorlar Cevapl\u0131yor T\u0131klay\u0131n\u0131z<\/span><\/a><\/strong><\/span><\/p>\n<p><span style=\"font-size:16px;\"><strong><a href=\"https:\/\/www.mavikadin.com\/bebegim-uykusunda-agliyor-bebekler-gece-neden-aglar\" target=\"_blank\" rel=\"noopener\">Bebekler Uykuda Neden A\u011flar?\u00c7ocuk Doktorlar\u0131 Cevapl\u0131yor T\u0131klay\u0131n\u0131z<\/a><\/strong><\/span><\/p>\n<p><span style=\"font-size:16px;\"><strong><a href=\"https:\/\/www.mavikadin.com\/bebegim-gece-uyumuyor-bebeklerin-gece-rahat-uyumasi-icin-ne-yapmali\" target=\"_blank\" rel=\"noopener\"><span style=\"color:#FF0000;\">Gece Uyumayan Bebek \u0130\u00e7in Ne Yapmal\u0131? \u00c7ocuk Doktorlar\u0131 Cevapl\u0131yor.T\u0131klay\u0131n\u0131z<\/span><\/a><\/strong><\/span><\/p>\n<p><span style=\"font-size:16px;\"><strong><a href=\"https:\/\/www.mavikadin.com\/peditus-bebek-surubu-kullanimi-ve-peditus-uyku-yaparmi\" target=\"_blank\" rel=\"noopener\">Peditus \u015eurup Bebeklerde Kullan\u0131m\u0131 (Doktorlar Bilgi Veriyor) T\u0131klay\u0131n\u0131z<\/a><\/strong><\/span><\/p>\n<p><span style=\"font-size:16px;\"><strong><a href=\"https:\/\/www.mavikadin.com\/bebeklerin-gece-uyanmamasi-icin-ne-yapmali-uzman-onerileri\" target=\"_blank\" rel=\"noopener\"><span style=\"color:#FF0000;\">Bebe\u011fim Gece \u00c7ok Uyan\u0131yor, Ne Yapay\u0131m? \u00c7ocuk Doktorlar\u0131 Cevapl\u0131yor T\u0131klay\u0131n\u0131z<\/span><\/a><\/strong><\/span><\/p>\n","protected":false},"excerpt":{"rendered":"<p>Bebeklerin uyumamas\u0131 bebeklerde en s\u0131k kar\u015f\u0131la\u015f\u0131lan uyku sorunlar\u0131ndand\u0131r.\u00a0\u00d6zellikle 1 ayl\u0131k, 2 ayl\u0131k, 3 ayl\u0131k , 4 ayl\u0131k, 5 ayl\u0131k, 6 ayl\u0131k bebeklerde bu sorunla Bebeklerin uyumamas\u0131 bebeklerde en s\u0131k kar\u015f\u0131la\u015f\u0131lan uyku sorunlar\u0131ndand\u0131r.&nbsp;\u00d6zellikle 1 ayl\u0131k, 2 ayl\u0131k, 3 ayl\u0131k , 4 ayl\u0131k, 5 ayl\u0131k, 6 ayl\u0131k bebeklerde bu sorunla s\u0131kl\u0131kla kar\u015f\u0131la\u015f\u0131l\u0131r. Bebe\u011fim uyumuyor, ne yapay\u0131m? Makalemizde [&hellip;]<\/p>\n","protected":false},"author":30,"featured_media":42496,"comment_status":"closed","ping_status":"open","sticky":false,"template":"","format":"standard","meta":{"rank_math_lock_modified_date":false,"footnotes":""},"categories":[111],"tags":[33056,33068,33314,33315,4445],"class_list":["post-42497","post","type-post","status-publish","format-standard","has-post-thumbnail","hentry","category-anne-cocuk","tag-bebek-uyku-duzeni","tag-bebek-uykusu","tag-bebeklerde-uyku-sorunlari","tag-cocuk-doktoru-tavsiyeleri","tag-uyumayan-bebek"],"_links":{"self":[{"href":"https:\/\/www.tgrthaber.com\/mavikadin\/wp-json\/wp\/v2\/posts\/42497"}],"collection":[{"href":"https:\/\/www.tgrthaber.com\/mavikadin\/wp-json\/wp\/v2\/posts"}],"about":[{"href":"https:\/\/www.tgrthaber.com\/mavikadin\/wp-json\/wp\/v2\/types\/post"}],"author":[{"embeddable":true,"href":"https:\/\/www.tgrthaber.com\/mavikadin\/wp-json\/wp\/v2\/users\/30"}],"replies":[{"embeddable":true,"href":"https:\/\/www.tgrthaber.com\/mavikadin\/wp-json\/wp\/v2\/comments?post=42497"}],"version-history":[{"count":1,"href":"https:\/\/www.tgrthaber.com\/mavikadin\/wp-json\/wp\/v2\/posts\/42497\/revisions"}],"predecessor-version":[{"id":42498,"href":"https:\/\/www.tgrthaber.com\/mavikadin\/wp-json\/wp\/v2\/posts\/42497\/revisions\/42498"}],"wp:featuredmedia":[{"embeddable":true,"href":"https:\/\/www.tgrthaber.com\/mavikadin\/wp-json\/wp\/v2\/media\/42496"}],"wp:attachment":[{"href":"https:\/\/www.tgrthaber.com\/mavikadin\/wp-json\/wp\/v2\/media?parent=42497"}],"wp:term":[{"taxonomy":"category","embeddable":true,"href":"https:\/\/www.tgrthaber.com\/mavikadin\/wp-json\/wp\/v2\/categories?post=42497"},{"taxonomy":"post_tag","embeddable":true,"href":"https:\/\/www.tgrthaber.com\/mavikadin\/wp-json\/wp\/v2\/tags?post=42497"}],"curies":[{"name":"wp","href":"https:\/\/api.w.org\/{rel}","templated":true}]}}