{"id":42545,"date":"2017-05-02T23:39:13","date_gmt":"2017-05-02T20:39:13","guid":{"rendered":"https:\/\/new.mavikadin.com\/?p=42545"},"modified":"2024-09-16T10:36:03","modified_gmt":"2024-09-16T07:36:03","slug":"bebegim-2-aylik1-ayini-dolduran-bebek-neler-yapar-doktor-cevapliyor","status":"publish","type":"post","link":"https:\/\/www.tgrthaber.com\/mavikadin\/bebegim-2-aylik1-ayini-dolduran-bebek-neler-yapar-doktor-cevapliyor\/","title":{"rendered":"Bebe\u011fim 2 Ayl\u0131k,1.Ay\u0131n\u0131 Dolduran Bebek Neler Yapar? Doktor Cevapl\u0131yor"},"content":{"rendered":"<p>Anneli\u011fin ilk ay\u0131n\u0131 atlatt\u0131n\u0131z ve bebe\u011finiz art\u0131k 2 ayl\u0131k oldu. Peki 2 ve iki bu\u00e7uk ayl\u0131k bebekler neler yapabilir? \u0130\u015fte bu sorunun cevab\u0131n\u0131 \u00c7ocuk doktorlar\u0131 \u015fu<\/p>\n<p>Anneli\u011fin ilk ay\u0131n\u0131 atlatt\u0131n\u0131z ve bebe\u011finiz art\u0131k 2 ayl\u0131k oldu. Peki 2 ve iki bu\u00e7uk ayl\u0131k bebekler neler yapabilir? \u0130\u015fte bu sorunun cevab\u0131n\u0131 <strong>\u00c7ocuk doktorlar\u0131 \u015fu \u015fekilde veriyor;<\/strong><\/p>\n<ol>\n<li>Eline bir \u015fey verdi\u011finizde tutmaya \u00e7al\u0131\u015fabilir.<\/li>\n<li>Ba\u015f kontrol\u00fc geli\u015fir, ba\u015f\u0131n\u0131 dik tutabilir.<\/li>\n<li>Bak\u0131\u015flar\u0131n\u0131 bir nesne \u00fczerinde odakla\u015ft\u0131rabilir Ancak g\u00f6zlerinde zaman zaman kayma olabilir.<\/li>\n<li>Y\u00fcz \u00fcst\u00fc yatt\u0131\u011f\u0131 zaman ba\u015f\u0131n\u0131 ve g\u00f6\u011fs\u00fcn\u00fc kald\u0131rabilir.<\/li>\n<li>Eline ald\u0131\u011f\u0131 oyunca\u011f\u0131 d\u00fc\u015f\u00fcrmeden 1-2 saniye tutabilir.<\/li>\n<li>Y\u00fcz\u00fcn\u00fcze bakar. Ona bakarken ba\u015f\u0131n\u0131z\u0131 hafif\u00e7e sa\u011fa-sola oynatt\u0131\u011f\u0131n\u0131zda y\u00fcz\u00fcn\u00fcz\u00fc izler.<\/li>\n<li>S\u0131rt\u00fcst\u00fc yatarken ellerinden tutup kald\u0131rmaya \u00e7al\u0131\u015f\u0131rsan\u0131z ba\u015f\u0131n\u0131 tam tutamay\u0131p arkaya d\u00fc\u015f\u00fcrebilir.<\/li>\n<li>Kucakta dik tutuldu\u011funda ba\u015f\u0131n\u0131 dik tutabilir ve sa\u011fa sola bakabilir.<\/li>\n<li>Elinde tutabildi\u011fi her \u015feyi a\u011fz\u0131na g\u00f6t\u00fcrmeye \u00e7al\u0131\u015f\u0131r.<\/li>\n<li>Sizin g\u00fclmenize, g\u00fcl\u00fcc\u00fcklerle kar\u015f\u0131l\u0131k verebilir.<\/li>\n<li>Etraf\u0131n\u0131 inceler, nesneleri takip edebilir.<\/li>\n<li>S\u00fcrekli el ve ayaklar\u0131 ile oynayabilir.<\/li>\n<li>Y\u00fcz\u00fckoyun yat\u0131nca ba\u015f\u0131n\u0131 1-2 santimetre kald\u0131rabilir.<\/li>\n<li>Ani seslerle irkilir.<\/li>\n<li>Geceleri daha uzun s\u00fcre uyur. Etraf\u0131nda birileri varsa g\u00fcnd\u00fczleri daha uzun uyan\u0131k kal\u0131r.<\/li>\n<li>Kendi sesini duymaktan \u00e7ok mutlu oldu\u011fu i\u00e7in s\u00fcrekli ses \u00e7\u0131kar\u0131r.<\/li>\n<li>Sesin kayna\u011f\u0131na do\u011fru ba\u015f\u0131n\u0131 \u00e7evirip, g\u00f6zleriyle sesin kayna\u011f\u0131n\u0131 arar.<\/li>\n<li>Etraf\u0131 ilgi ile izler.<\/li>\n<li>Kuca\u011fa al\u0131nmak ho\u015funa gider. Kucakta olmay\u0131 sever.<\/li>\n<li>Tan\u0131d\u0131k sesleri duymakla sakinle\u015fir. \u00c7evresinde birilerinin olmas\u0131 ho\u015funa gider, sevin\u00e7 \u00e7\u0131\u011fl\u0131klar\u0131 ve g\u00fcl\u00fcc\u00fckler atabilir.<\/li>\n<li>Heyecanland\u0131\u011f\u0131 zaman tekmeler atar ve kollar\u0131n\u0131 sallar.<\/li>\n<li>Bu ay bebe\u011finiz sizi tan\u0131r ve ilk kez bilin\u00e7li olarak g\u00fcl\u00fcmser.<\/li>\n<li>Ellerini ke\u015ffeder. Elini dikkatle inceler.<\/li>\n<li>Karn\u0131n\u0131n \u00fczerindeyken ba\u015f\u0131n\u0131 45 derece yukar\u0131 kald\u0131rabilir.<\/li>\n<li>Hareket eden bir cismi g\u00f6zleriyle takip edebilir. Daha iyi odaklanabilir.<\/li>\n<li>S\u0131rt \u00fcst\u00fc yatarken bacaklar\u0131n\u0131 yukar\u0131 kald\u0131rabilir.<\/li>\n<li>Ellerini ve kollar\u0131 \u00e7ok fazla hareket ettirir.<\/li>\n<li>Y\u00fcz\u00fckoyun yatt\u0131\u011f\u0131nda, g\u00f6vdesini kald\u0131rmaya \u00e7al\u0131\u015f\u0131r.<\/li>\n<li>Annesi ya da ona bakan ki\u015fiyi g\u00f6r\u00fcnce mutlu sesler \u00e7\u0131kar\u0131r, sevindi\u011fini belli eder.<\/li>\n<li>Bulundu\u011fu yerden bir yana yuvarlanabilir.<\/li>\n<li>Bebe\u011finizi &nbsp;g\u00f6be\u011finin \u00fcst\u00fcne koydu\u011funuzda ba\u015f\u0131n\u0131 yukar\u0131 kald\u0131rabilir.<\/li>\n<li>Kendi kendine m\u0131r\u0131ldanma gibi sesler \u00e7\u0131kartabilir.<\/li>\n<li>Elini a\u011fz\u0131na g\u00f6t\u00fcrmeye ba\u015flayabilir.<\/li>\n<li>Biberonu g\u00f6r\u00fcnce a\u011fz\u0131n\u0131 \u015fap\u0131rdatmaya, emme hareketi yapmaya ba\u015flayabilir.<\/li>\n<li>Annenin sesini tan\u0131r ve anneye g\u00fcl\u00fcmseyerek bakar.<\/li>\n<li>S\u0131rt\u00fcst\u00fc yatarken yakla\u015f\u0131k yar\u0131m metre \u00fcst\u00fcnde sallayaca\u011f\u0131n\u0131z renkli bir halkay\u0131 sa\u011fa sola sallad\u0131\u011f\u0131n\u0131zda izleyebilir. Yukar\u0131-a\u015fa\u011f\u0131 sallad\u0131\u011f\u0131n\u0131zda ayn\u0131 beceriyi g\u00f6steremez.<\/li>\n<li>Ortamdaki sesin sinirli ya da sakin olu\u015funa g\u00f6re sakin ya da sinirli bir \u015fekilde tepki verir.<\/li>\n<li>Nesneleri 180 derece izleyebilir ama genelde insan y\u00fcz\u00fcn\u00fc izlemeyi tercih eder.<\/li>\n<li>Sizi tan\u0131r ve sizinle direkt g\u00f6z temas\u0131 kurmaya ba\u015flar.<\/li>\n<\/ol>\n<p><span style=\"font-size:16px;\"><strong><a href=\"https:\/\/www.mavikadin.com\/2-aylik-bebek-boy-kilo-ve-bas-cevresi-kactir-doktorlar-cevapliyor\" target=\"_blank\" rel=\"noopener\"><span style=\"color:#FF0000;\">2 Ayl\u0131k (\u0130ki Ayl\u0131k) Bebek Ka\u00e7 Kilo Olmal\u0131? Uzman Doktorlar Cevapl\u0131yor T\u0131klay\u0131n\u0131z&nbsp;<\/span><\/a><\/strong><\/span><\/p>\n<p><span style=\"font-size:16px;\"><strong><a href=\"https:\/\/www.mavikadin.com\/kilo-almayan-bebekler-icin-ev-yapimi-kilo-aldiran-bebek-mamasi-tarifleri\" target=\"_blank\" rel=\"noopener\">Bebeklere Kilo Ald\u0131ran Mama Tarifleri (En Etkili Kilo Ald\u0131r\u0131c\u0131 6 Tarif) T\u0131klay\u0131n\u0131z<\/a><\/strong><\/span><\/p>\n<p><span style=\"font-size:16px;\"><strong><a href=\"https:\/\/www.mavikadin.com\/bebeklerde-boy-kilo-endeksi-cetveli-0-12-aylik-bebekler-icin\" target=\"_blank\" rel=\"noopener\"><span style=\"color:#FF0000;\">Bebekler Hangi Ayda Ka\u00e7 Kilo Olmal\u0131 Ve Boylar\u0131 Ka\u00e7 Olmal\u0131d\u0131r? T\u0131klay\u0131n\u0131z<\/span><\/a><\/strong><\/span><\/p>\n<p><span style=\"font-size:16px;\"><strong><a href=\"https:\/\/www.mavikadin.com\/bebeklerde-kansizliga-ne-iyi-gelir-kansizlik-nasil-giderilir\" target=\"_blank\" rel=\"noopener\">Bebeklerde Kans\u0131zl\u0131k Belirtileri, Nedenleri Ve Tedavi Y\u00f6ntemleri T\u0131klay\u0131n\u0131z<\/a><\/strong><\/span><\/p>\n<p><span style=\"font-size:16px;\"><strong><a href=\"https:\/\/www.mavikadin.com\/bebeklerde-demir-eksikligi-icin-ne-yemeli\" target=\"_blank\" rel=\"noopener\"><span style=\"color:#FF0000;\">Bebeklerde Demir Eksikli\u011fi Neden Olur, Belirtileri Neler, Nas\u0131l Ge\u00e7er? T\u0131klay\u0131n\u0131z<\/span><\/a><\/strong><\/span><\/p>\n","protected":false},"excerpt":{"rendered":"<p>Anneli\u011fin ilk ay\u0131n\u0131 atlatt\u0131n\u0131z ve bebe\u011finiz art\u0131k 2 ayl\u0131k oldu. Peki 2 ve iki bu\u00e7uk ayl\u0131k bebekler neler yapabilir? \u0130\u015fte bu sorunun cevab\u0131n\u0131 \u00c7ocuk doktorlar\u0131 \u015fu Anneli\u011fin ilk ay\u0131n\u0131 atlatt\u0131n\u0131z ve bebe\u011finiz art\u0131k 2 ayl\u0131k oldu. Peki 2 ve iki bu\u00e7uk ayl\u0131k bebekler neler yapabilir? \u0130\u015fte bu sorunun cevab\u0131n\u0131 \u00c7ocuk doktorlar\u0131 \u015fu \u015fekilde veriyor; Eline [&hellip;]<\/p>\n","protected":false},"author":30,"featured_media":42544,"comment_status":"closed","ping_status":"open","sticky":false,"template":"","format":"standard","meta":{"rank_math_lock_modified_date":false,"footnotes":""},"categories":[111],"tags":[33362,31068,33364,21561,33363],"class_list":["post-42545","post","type-post","status-publish","format-standard","has-post-thumbnail","hentry","category-anne-cocuk","tag-2-aylik-bebek-gelisimi","tag-bebek-bakimi","tag-bebek-gelisim-evreleri","tag-bebek-gelisimi","tag-iki-aylik-bebek"],"_links":{"self":[{"href":"https:\/\/www.tgrthaber.com\/mavikadin\/wp-json\/wp\/v2\/posts\/42545"}],"collection":[{"href":"https:\/\/www.tgrthaber.com\/mavikadin\/wp-json\/wp\/v2\/posts"}],"about":[{"href":"https:\/\/www.tgrthaber.com\/mavikadin\/wp-json\/wp\/v2\/types\/post"}],"author":[{"embeddable":true,"href":"https:\/\/www.tgrthaber.com\/mavikadin\/wp-json\/wp\/v2\/users\/30"}],"replies":[{"embeddable":true,"href":"https:\/\/www.tgrthaber.com\/mavikadin\/wp-json\/wp\/v2\/comments?post=42545"}],"version-history":[{"count":1,"href":"https:\/\/www.tgrthaber.com\/mavikadin\/wp-json\/wp\/v2\/posts\/42545\/revisions"}],"predecessor-version":[{"id":42546,"href":"https:\/\/www.tgrthaber.com\/mavikadin\/wp-json\/wp\/v2\/posts\/42545\/revisions\/42546"}],"wp:featuredmedia":[{"embeddable":true,"href":"https:\/\/www.tgrthaber.com\/mavikadin\/wp-json\/wp\/v2\/media\/42544"}],"wp:attachment":[{"href":"https:\/\/www.tgrthaber.com\/mavikadin\/wp-json\/wp\/v2\/media?parent=42545"}],"wp:term":[{"taxonomy":"category","embeddable":true,"href":"https:\/\/www.tgrthaber.com\/mavikadin\/wp-json\/wp\/v2\/categories?post=42545"},{"taxonomy":"post_tag","embeddable":true,"href":"https:\/\/www.tgrthaber.com\/mavikadin\/wp-json\/wp\/v2\/tags?post=42545"}],"curies":[{"name":"wp","href":"https:\/\/api.w.org\/{rel}","templated":true}]}}