{"id":42560,"date":"2017-05-05T20:40:06","date_gmt":"2017-05-05T17:40:06","guid":{"rendered":"https:\/\/new.mavikadin.com\/?p=42560"},"modified":"2024-09-16T10:36:17","modified_gmt":"2024-09-16T07:36:17","slug":"1-2-3-yasindaki-bebek123-yas-cocugu-gunde-kac-saat-uyumali","status":"publish","type":"post","link":"https:\/\/www.tgrthaber.com\/mavikadin\/1-2-3-yasindaki-bebek123-yas-cocugu-gunde-kac-saat-uyumali\/","title":{"rendered":"1, 2, 3 Ya\u015f\u0131ndaki Bebek,1,2,3 Ya\u015f \u00c7ocu\u011fu G\u00fcnde Ka\u00e7 Saat Uyumal\u0131?"},"content":{"rendered":"<p>Yeni anne babalar\u0131n en \u00e7ok merak etti\u011fi konular\u0131n ba\u015f\u0131nda bebekler ka\u00e7 saat uyur? Konusu gelir. Bir bebe\u011fin sa\u011fl\u0131kl\u0131 bir \u015fekilde b\u00fcy\u00fcy\u00fcp geli\u015fmesi i\u00e7in uyku \u00e7ok<\/p>\n<p>Yeni anne babalar\u0131n en \u00e7ok merak etti\u011fi konular\u0131n ba\u015f\u0131nda bebekler ka\u00e7 saat uyur? Konusu gelir. Bir bebe\u011fin sa\u011fl\u0131kl\u0131 bir \u015fekilde b\u00fcy\u00fcy\u00fcp geli\u015fmesi i\u00e7in uyku \u00e7ok \u00f6nemlidir. <strong>Uyku sayesinde bebe\u011fin h\u00fccreleri yenilenir, ba\u011f\u0131\u015f\u0131kl\u0131\u011f\u0131 g\u00fc\u00e7lenir, boyu uzar, fiziksel geli\u015fir. <\/strong>Uyku ihtiyac\u0131 bebeklerde beslenme ihtiyac\u0131ndan sonraki en \u00f6nemli ihtiya\u00e7lardand\u0131r. Yenido\u011fan bir bebek zaman\u0131n\u0131n \u00e7o\u011funu uyuyarak ge\u00e7irecektir. Hatta yenido\u011fan bebeklerde uyku s\u00fcresi 18 saate kadar s\u00fcrebilmektedir. Bir di\u011fer deyi\u015fle yenido\u011fan bebekler ortalama 16-18 saat uyur. Bebek b\u00fcy\u00fcd\u00fck\u00e7e uyku s\u00fcresi de zamanla k\u0131salacakt\u0131r. Baz\u0131 bebekler s\u0131k aral\u0131klarla uyan\u0131rken baz\u0131lar\u0131 4-5 saat kadar aral\u0131ks\u0131z uyuyabilirler.<\/p>\n<p><span style=\"color:#FF8C00;\"><span style=\"font-size:18px;\"><strong><u>Bebeklerde ya\u015f ve ihtiya\u00e7 duyulan yakla\u015f\u0131k uyku miktar\u0131:<\/u><\/strong><\/span><\/span><\/p>\n<ol>\n<li><strong>Yeni do\u011fan<\/strong>&nbsp;g\u00fcnde 16 &#8211; 18 saat<\/li>\n<li><strong>3 haftal\u0131k bebek<\/strong>&nbsp;g\u00fcnde 15 &#8211; 18 saat<\/li>\n<li><strong>6 haftal\u0131k bebek<\/strong>&nbsp;g\u00fcnde 15 &#8211; 16 saat<\/li>\n<li><strong>4 ayl\u0131k bebek&nbsp;<\/strong>9 &#8211; 12 saat art\u0131 iki k\u0131sa uyku (her biri 2 \u2013 3 saat)<\/li>\n<li><strong>6 ayl\u0131k bebek&nbsp;<\/strong>10 &#8211; 11 saat art\u0131 iki k\u0131sa uyku (her biri 2 \u2013 3 saat)<\/li>\n<li><strong>9 ayl\u0131k bebek<\/strong>&nbsp;10 &#8211; 12 saat art\u0131 iki k\u0131sa uyku (her biri 1 \u2013 2 saat)<\/li>\n<li><strong>1 ya\u015f\u0131nda bebek<\/strong>&nbsp;10 &#8211; 11 saat art\u0131 bir \u2013 iki k\u0131sa uyku (her biri 1 \u2013 2 saat)<\/li>\n<li><strong>18 ayl\u0131k bebek<\/strong>&nbsp;10 &#8211; 12 saat art\u0131 genellikle bir k\u0131sa uyku (1 &#8211; 2 saat)<\/li>\n<li><strong>2 ya\u015f\u0131nda \u00e7ocuk<\/strong>&nbsp;11 &#8211; 12 saat art\u0131 bir k\u0131sa uyku (1 &#8211; 2 saat)<\/li>\n<li><strong>3 ya\u015f\u0131nda \u00e7ocuk<\/strong>&nbsp;10 &#8211; 11 saat art\u0131 muhtemelen bir k\u0131sa uyku (2 saat)<\/li>\n<li><strong>4-5 ya\u015f\u0131nda \u00e7ocuk<\/strong>&nbsp;10-12 saat<\/li>\n<\/ol>\n<p><span style=\"color:#FF8C00;\"><span style=\"font-size:18px;\"><strong><u>Bebekler ka\u00e7 saat uyur ile ilgili doktorlara sorular ve cevaplar<\/u><\/strong><\/span><\/span><\/p>\n<p><strong><span style=\"color:#A52A2A;\"><span style=\"font-size:16px;\">Sual:<\/span><\/span> <\/strong>&nbsp;Bebe\u011fim 7 ayl\u0131k uyurken \u00e7ok a\u011fl\u0131yor g\u00fcnde \u00fc\u00e7 defa toplam \u00fc\u00e7 saat uyuyor sadece ne yapmal\u0131y\u0131z nas\u0131l uyutmal\u0131y\u0131z bilemiyorum<\/p>\n<p><strong><span style=\"color:#A52A2A;\"><span style=\"font-size:16px;\">CEVAP<\/span><\/span><\/strong><\/p>\n<p>\u00c7ocuk Doktoru Mehmet \u00d6zt\u00fcrk\u2019\u00fcn cevab\u0131: (Uykusuzluk yapacak bir neden var m\u0131? \u00d6nce muayene ve tetkik edilerek bulunmal\u0131.&nbsp; Bulunamaz ise uygun tedaviler verilir.)<\/p>\n<p><span style=\"color:#FF8C00;\"><span style=\"font-size:16px;\"><strong>Sual:<\/strong><\/span> <\/span>8 ayl\u0131k bebe\u011fin 24 saate ka\u00e7 saat uyumas\u0131 gerekiyor?<\/p>\n<p><span style=\"color:#FF8C00;\"><span style=\"font-size:16px;\"><strong>CEVAP<\/strong><\/span><\/span><\/p>\n<p>\u00c7ocuk Doktoru Faruk Demir&#8217;in cevab\u0131 \ud83d\ude41 10-12 saat yeterlidir.)<\/p>\n<p><span style=\"color:#A52A2A;\"><span style=\"font-size:16px;\"><strong>Sual:<\/strong><\/span><\/span> 9,5 ayl\u0131k bir bebek g\u00fcnde toplam ka\u00e7 saat uyumal\u0131d\u0131r, k\u0131z\u0131m yakla\u015f\u0131k 14 saat uyuyor 11 saati gece olmak \u00fczere bu durum normal midir?<\/p>\n<p><span style=\"color:#A52A2A;\"><span style=\"font-size:16px;\"><strong>CEVAP<\/strong><\/span><\/span><\/p>\n<p>\u00c7ocuk Doktoru Murat Ayd\u0131n\u2019\u0131n cevab\u0131: (G\u00fcnde 15 saate kadar uyuyabilir.)<\/p>\n<p><span style=\"color:#FF8C00;\"><span style=\"font-size:16px;\"><strong>Sual:<\/strong><\/span><\/span> O\u011flum 12 ayl\u0131 g\u00fcnde 2 kez 15 20 dk uyuyor geceleri ise 1.5 2 saatte bir uyan\u0131p emmek istiyor 8 9 saat uyuyor iyice huzursuzla\u015ft\u0131 art\u0131k yemek yemek bile istemiyor ne yapmal\u0131y\u0131m?<\/p>\n<p><span style=\"color:#FF8C00;\"><span style=\"font-size:16px;\"><strong>CEVAP<\/strong><\/span><\/span><\/p>\n<p>\u00c7ocuk Doktoru Murat Ayd\u0131n\u2019\u0131n cevab\u0131: (Muhtemelen di\u015f \u00e7\u0131kar\u0131yordur ve de i\u015ftah az olur,huysuzluk ve de uyku d\u00fczensizli\u011fi olur,rahat olun. \u00f6nemli bir durum yoktur.)<\/p>\n<p><span style=\"color:#A52A2A;\"><span style=\"font-size:16px;\"><strong>Sual:<\/strong><\/span><\/span> Bebe\u011fim 15 g\u00fcnl\u00fck ve ilk g\u00fcnlerden itibaren uyku problemi var uykuya \u00e7ok zor dal\u0131yor, hatta bazen g\u00fcnd\u00fczleri &nbsp;7 saat aral\u0131ks\u0131z uyumad\u0131\u011f\u0131 oldu, son 2 g\u00fcnd\u00fcr toplamda 13-14 saat uyumaya ba\u015flad\u0131 Yenido\u011fan bebe\u011fin 17-18 saat uyumas\u0131 gerekiyor deniliyor. Ne yapay\u0131m?<\/p>\n<p><span style=\"color:#A52A2A;\"><span style=\"font-size:16px;\"><strong>CEVAP<\/strong><\/span><\/span><\/p>\n<p>\u00c7ocuk Doktoru Seydi Battal G\u00f6lgeli\u2019nin cevab\u0131: (Ger\u00e7ekten de yeni do\u011fmu\u015f sa\u011fl\u0131kl\u0131 bir bebe\u011fin g\u00fcnde ortalama 15-16 saat uyumas\u0131 beklenir. Ama sizin bebe\u011finiz mutluysa ve huzurluysa uyudu\u011fu s\u00fcre onun i\u00e7in yeterli oluyor demektir.)<\/p>\n<p><span style=\"font-size:16px;\"><strong><a href=\"https:\/\/www.mavikadin.com\/bebekler-icin-uyku-surubu-uyku-damlasi-uyku-ilaci-markalari-nelerdir\" target=\"_blank\" rel=\"noopener\">Bebeklere Uyku \u0130lac\u0131, \u015eurubu, Damlas\u0131 Verilirmi? Doktorlar Cevapl\u0131yor T\u0131klay\u0131n\u0131z<\/a><\/strong><\/span><\/p>\n<p><span style=\"font-size:16px;\"><strong><a href=\"https:\/\/www.mavikadin.com\/bebeklerde-boy-kilo-endeksi-cetveli-0-12-aylik-bebekler-icin\" target=\"_blank\" rel=\"noopener\"><span style=\"color:#FF0000;\">Bebekler Hangi Ayda Ka\u00e7 Kilo Olmal\u0131 Ve Boylar\u0131 Ka\u00e7 Olmal\u0131d\u0131r? T\u0131klay\u0131n\u0131z<\/span><\/a><\/strong><\/span><\/p>\n<p><span style=\"font-size:16px;\"><strong><a href=\"https:\/\/www.mavikadin.com\/bebegim-hic-uyumuyor-uyumayan-bebeklere-ne-yapmali\" target=\"_blank\" rel=\"noopener\">Bebe\u011fim Uyumuyor Ne Yapay\u0131m? \u00c7ocuk Doktorlar\u0131 Cevapl\u0131yor T\u0131klay\u0131n\u0131z<\/a><\/strong><\/span><\/p>\n<p><span style=\"font-size:16px;\"><strong><a href=\"https:\/\/www.mavikadin.com\/kilo-almayan-bebekler-icin-ev-yapimi-kilo-aldiran-bebek-mamasi-tarifleri\" target=\"_blank\" rel=\"noopener\"><span style=\"color:#FF0000;\">Bebeklere Kilo Ald\u0131ran Mama Tarifleri (En Etkili Kilo Ald\u0131r\u0131c\u0131 6 Tarif) T\u0131klay\u0131n\u0131z<\/span><\/a><\/strong><\/span><\/p>\n","protected":false},"excerpt":{"rendered":"<p>Yeni anne babalar\u0131n en \u00e7ok merak etti\u011fi konular\u0131n ba\u015f\u0131nda bebekler ka\u00e7 saat uyur? Konusu gelir. Bir bebe\u011fin sa\u011fl\u0131kl\u0131 bir \u015fekilde b\u00fcy\u00fcy\u00fcp geli\u015fmesi i\u00e7in uyku \u00e7ok Yeni anne babalar\u0131n en \u00e7ok merak etti\u011fi konular\u0131n ba\u015f\u0131nda bebekler ka\u00e7 saat uyur? Konusu gelir. Bir bebe\u011fin sa\u011fl\u0131kl\u0131 bir \u015fekilde b\u00fcy\u00fcy\u00fcp geli\u015fmesi i\u00e7in uyku \u00e7ok \u00f6nemlidir. Uyku sayesinde bebe\u011fin h\u00fccreleri [&hellip;]<\/p>\n","protected":false},"author":30,"featured_media":42559,"comment_status":"closed","ping_status":"open","sticky":false,"template":"","format":"standard","meta":{"rank_math_lock_modified_date":false,"footnotes":""},"categories":[111],"tags":[33372,33373,33371,33056,33370],"class_list":["post-42560","post","type-post","status-publish","format-standard","has-post-thumbnail","hentry","category-anne-cocuk","tag-1-yas-bebek-uyku","tag-2-yas-bebek-uyku","tag-bebek-kac-saat-uyur","tag-bebek-uyku-duzeni","tag-cocuk-uyku-saatleri"],"_links":{"self":[{"href":"https:\/\/www.tgrthaber.com\/mavikadin\/wp-json\/wp\/v2\/posts\/42560"}],"collection":[{"href":"https:\/\/www.tgrthaber.com\/mavikadin\/wp-json\/wp\/v2\/posts"}],"about":[{"href":"https:\/\/www.tgrthaber.com\/mavikadin\/wp-json\/wp\/v2\/types\/post"}],"author":[{"embeddable":true,"href":"https:\/\/www.tgrthaber.com\/mavikadin\/wp-json\/wp\/v2\/users\/30"}],"replies":[{"embeddable":true,"href":"https:\/\/www.tgrthaber.com\/mavikadin\/wp-json\/wp\/v2\/comments?post=42560"}],"version-history":[{"count":1,"href":"https:\/\/www.tgrthaber.com\/mavikadin\/wp-json\/wp\/v2\/posts\/42560\/revisions"}],"predecessor-version":[{"id":42561,"href":"https:\/\/www.tgrthaber.com\/mavikadin\/wp-json\/wp\/v2\/posts\/42560\/revisions\/42561"}],"wp:featuredmedia":[{"embeddable":true,"href":"https:\/\/www.tgrthaber.com\/mavikadin\/wp-json\/wp\/v2\/media\/42559"}],"wp:attachment":[{"href":"https:\/\/www.tgrthaber.com\/mavikadin\/wp-json\/wp\/v2\/media?parent=42560"}],"wp:term":[{"taxonomy":"category","embeddable":true,"href":"https:\/\/www.tgrthaber.com\/mavikadin\/wp-json\/wp\/v2\/categories?post=42560"},{"taxonomy":"post_tag","embeddable":true,"href":"https:\/\/www.tgrthaber.com\/mavikadin\/wp-json\/wp\/v2\/tags?post=42560"}],"curies":[{"name":"wp","href":"https:\/\/api.w.org\/{rel}","templated":true}]}}