{"id":42725,"date":"2017-06-04T01:32:40","date_gmt":"2017-06-03T22:32:40","guid":{"rendered":"https:\/\/new.mavikadin.com\/?p=42725"},"modified":"2024-09-16T10:39:03","modified_gmt":"2024-09-16T07:39:03","slug":"bebegim-16-aylik-16-aylik-bebek-uykusu-kac-saat-olmali","status":"publish","type":"post","link":"https:\/\/www.tgrthaber.com\/mavikadin\/bebegim-16-aylik-16-aylik-bebek-uykusu-kac-saat-olmali\/","title":{"rendered":"Bebe\u011fim 16 Ayl\u0131k, 16 Ayl\u0131k Bebek Uykusu Ka\u00e7 Saat Olmal\u0131?"},"content":{"rendered":"<p>Zaman ne kadar da h\u0131zl\u0131 ge\u00e7iyor, bebe\u011fim 16 ayl\u0131k oldu, 16 ayl\u0131k bebek geli\u015fimi nas\u0131l olmal\u0131, 16 ayl\u0131k bebek neler yapabilir, ka\u00e7 saat uyur? Diye merak<\/p>\n<p>Zaman ne kadar da h\u0131zl\u0131 ge\u00e7iyor, bebe\u011fim 16 ayl\u0131k oldu, 16 ayl\u0131k bebek geli\u015fimi nas\u0131l olmal\u0131, 16 ayl\u0131k bebek neler yapabilir, ka\u00e7 saat uyur? Diye merak ediyorsan\u0131z, i\u015fte \u00c7ocuk Doktorlar\u0131n\u0131n bu konuda verdikleri bilgiler<\/p>\n<p><span style=\"color:#FF8C00;\"><span style=\"font-size:18px;\"><strong><u>16 ayl\u0131k bebek neler yapar?<\/u><\/strong><\/span><\/span><\/p>\n<ol>\n<li>16 ayl\u0131k bebek h\u0131zl\u0131 bir \u015fekilde y\u00fcr\u00fcyebilir hatta art\u0131k ko\u015fmaya da ba\u015flayabilir.<\/li>\n<li>16 ayl\u0131k bebek&nbsp;\u201cbaba gel, anne ver\u201d gibi iki s\u00f6zc\u00fckten olu\u015fan c\u00fcmleler kurabilir.<\/li>\n<li>Sordu\u011funuz sorulara evet veya hay\u0131r diye cevap verebilir.<\/li>\n<li>G\u00f6z, el, ayak gibi uvuzlar\u0131 nerde diye sordu\u011funuzda g\u00f6sterebilir, hatta bu kelimeleri s\u00f6ylemeye \u00e7al\u0131\u015fabilir.<\/li>\n<li>Eline kalem ka\u011f\u0131t verdi\u011finizde karalama yapmay\u0131 sever.<\/li>\n<li>Ka\u015f\u0131k ve bardak tutabilir. Ancak el kaslar\u0131 hen\u00fcz tam geli\u015fmedi\u011finden yemek yerken yediklerini d\u00f6kebilir.<\/li>\n<li>4 k\u00fcp\u00fc \u00fcst \u00fcste koyup kule yapabilir.<\/li>\n<li>Mutfak dolaplar\u0131n\u0131, \u00e7ekmeceleri kar\u0131\u015ft\u0131rmay\u0131 \u00e7ok sever. Burdaki e\u015fyalar\u0131 d\u0131\u015far\u0131 \u00e7\u0131kar\u0131r.<\/li>\n<li>Tencere, tava gibi mutfak e\u015fyalar\u0131yla oynamak \u00e7ok ho\u015funa gider.<\/li>\n<li>Evin i\u00e7inde farkl\u0131 diller konu\u015fuluyorsa onlar\u0131n hepsini \u00f6\u011frenebilir.<\/li>\n<li>16 ayl\u0131k bebek oyun oynamaya bay\u0131l\u0131r! Ce-cee saklanma oyunu, tahta k\u00fcpleri \u00fcst \u00fcste koymak, \u201cBurnun nerede? G\u00f6zlerin nerede?\u201d gibi v\u00fccut par\u00e7alar\u0131na i\u015faret eden oyunlar\u0131 oynamak ve bebek kitaplar\u0131na bakmaktan \u00e7ok ho\u015flan\u0131rlar.<\/li>\n<li>Oyun oynarken oyuncaklar\u0131n\u0131 kimseyle payla\u015fmak istemez.<\/li>\n<li>16 ayl\u0131k bebek merdivenleri rahatl\u0131kla emekleyerek \u00e7\u0131kabilir.<\/li>\n<li>Ayaktayken e\u011filip yerden bir nesneyi yerden alabilir.<\/li>\n<li>Eline ald\u0131\u011f\u0131 nesneleri f\u0131rlatabilir.<\/li>\n<li>Aya\u011f\u0131 ile topa vurabilir.<\/li>\n<li>Kum ve suyla oynayarak, kum kovas\u0131n\u0131 doldurup bo\u015faltarak oyun oynamay\u0131 sever.<\/li>\n<li>16 ayl\u0131k bebek sizi taklit etmeye bay\u0131l\u0131r. \u00d6rne\u011fini toz mu al\u0131yorsunuz o da eline bez al\u0131p sizin yapt\u0131\u011f\u0131n\u0131z\u0131 yapmaya \u00e7al\u0131\u015fabilir.<\/li>\n<li>Bir kitap ters verilmi\u015fse, d\u00fczg\u00fcn \u015fekilde d\u00f6nd\u00fcrerek bakabilir.<\/li>\n<li>Oyuncaklar\u0131 atmay\u0131, yuvarlamay\u0131, itmeyi, \u00e7ekmeyi sever.<\/li>\n<li>Eline di\u015f f\u0131r\u00e7as\u0131 verdi\u011finizde di\u015flerini f\u0131r\u00e7alayabilir. Yaln\u0131z verdi\u011finiz di\u015f f\u0131r\u00e7as\u0131 \u00e7ocuklar i\u00e7in olan di\u015f f\u0131r\u00e7alar\u0131ndan olsun ve hen\u00fcz macun kullanmay\u0131n.<\/li>\n<li>16 ayl\u0131k bebek anneye \u00e7ok d\u00fc\u015fk\u00fcnd\u00fcr. Tan\u0131mad\u0131\u011f\u0131 ki\u015fileri yabanc\u0131lar, yanlar\u0131na gitmek istemez.<\/li>\n<li>16 ayl\u0131k bebek ki\u015fili\u011fini ispat etmek ister ve sizinle pek \u00e7ok hususta inatla\u015f\u0131r; Alt\u0131n\u0131 bezletmek istemez, k\u0131yafet giyinmek istemez, sa\u00e7\u0131n\u0131 ba\u011flatmak istemez, ayakkab\u0131 giymek istemez, \u00e7orap giymek istemez, t\u0131rnaklar\u0131 kesilsin istemez, uyumak istemez.<\/li>\n<li>E\u015fyalar\u0131 amac\u0131na uygun kullanmaya ba\u015flar, \u00f6rne\u011fin tarakla sa\u00e7\u0131n\u0131 taramaya \u00e7al\u0131\u015f\u0131r.<\/li>\n<li>16 Ayl\u0131k olan bebe\u011finiz art\u0131k uyku d\u00fczeni olarak daha fazla uykuya ihtiya\u00e7 duyabilir, yani saat olarak de\u011fil ama kesintisiz olarak uyuma s\u00fcresi daha fazla artmaktad\u0131r. Art\u0131k sabahlar\u0131 kesik uyku saatleri yerine \u00f6\u011flen uzun bir uyku \u00e7eker ve bunun d\u0131\u015f\u0131nda gece uyumaktad\u0131r.<\/li>\n<\/ol>\n<p><span style=\"color:#FF8C00;\"><span style=\"font-size:18px;\"><strong><u>16 ayl\u0131k bebe\u011fin boyu, kilosu, ba\u015f \u00e7evresi ka\u00e7 olmal\u0131? Ortalama de\u011ferler, alt s\u0131n\u0131r ve \u00fcst s\u0131n\u0131r nedir?<\/u><\/strong><\/span><\/span><\/p>\n<p>16 ayl\u0131k bebe\u011fin kilosunun ortalama 10,5-11 kilo, boyunun 80 cm&#8217;e yakla\u015fmas\u0131, ba\u015f \u00e7evresinin de 48-49 cm olmas\u0131 beklenir. Bebe\u011fin k\u0131z ise boyu 73.3 cm ve 83.9 cm, Erkek ise 75.4 cm ve 85.1 cm aras\u0131nda olmal\u0131.<\/p>\n<p><span style=\"color:#FF8C00;\"><span style=\"font-size:18px;\"><strong><u>16 ayl\u0131k bebek g\u00fcnde ka\u00e7 saat uyumal\u0131?<\/u><\/strong><\/span><\/span><\/p>\n<p>16 ayl\u0131k bebe\u011fin toplamda hala 13-15 saat uyumal\u0131 ve uyku aral\u0131klar\u0131 da en fazla 5-6 saat olmal\u0131.<\/p>\n<p><span style=\"color:#FF8C00;\"><span style=\"font-size:18px;\"><strong><u>16 ayl\u0131k bebek uykusu ile ilgili \u00c7ocuk doktorlar\u0131na sorular ve cevapl\u0131yor<\/u><\/strong><\/span><\/span><\/p>\n<p><strong><span style=\"color:#A52A2A;\"><span style=\"font-size:18px;\">Sual:<\/span><\/span><\/strong> \u00c7ocu\u011fumuz 16 ayl\u0131k geceleri uykusu \u00e7ok d\u00fczensiz neredeyse saat ba\u015f\u0131 kalk\u0131yor ve a\u011fl\u0131yor sabaha kar\u015f\u0131 daha s\u0131k uyan\u0131yor, uykusu d\u00fczene girene kadar atarax pediatrik i\u00e7irebilir miyim?(emziriyorum)<\/p>\n<p><span style=\"color:#A52A2A;\"><span style=\"font-size:18px;\"><strong>CEVAP<\/strong><\/span><\/span><\/p>\n<p>\u00c7ocuk Doktoru Abd\u00fclkadir \u00d6zel\u2019in cevab\u0131: (\u0130\u00e7irebilirsiniz geceleri bir \u00f6l\u00e7e\u011fin 3 te 1 ini verin \u00f6zellikle gece sakin karanl\u0131k ortamda uyusun g\u00fcnd\u00fcz kalabal\u0131k veya g\u00fcr\u00fclt\u00fcl\u00fc odada uyumaya al\u0131\u015fm\u0131\u015fsa gece uykusu b\u00f6l\u00fcn\u00fcr.)<\/p>\n<p><strong>Beslenme Uzman\u0131 Ve Diyetisyen Duygu Y\u0131ld\u0131r\u0131m\u2019\u0131n cevab\u0131 \ud83d\ude41 \u00d6ncelikle g\u00fcnd\u00fcz uykusunu azalt\u0131n ve&nbsp; sabah daha erken kald\u0131r\u0131n b\u00f6ylelikle gece uyuma s\u00fcresi uzayacakt\u0131r, \u00e7ok zor kald\u0131\u011f\u0131n\u0131zda \u00e7ocu\u011funuzu takip eden doktorunuza dan\u0131\u015farak kullanmakta fayda var.)<\/strong><\/p>\n<p><span style=\"color:#A52A2A;\"><span style=\"font-size:18px;\"><strong>Sual:<\/strong><\/span><\/span> O\u011flum 16 ayl\u0131k oldu. Geceleri uyku d\u00fczeni \u00e7ok k\u00f6t\u00fc saat ba\u015f\u0131 uyan\u0131yor k\u0131vran\u0131yor. Karn\u0131 \u015fi\u015f san\u0131r\u0131m gaz sanc\u0131s\u0131 var bebekken hi\u00e7 gaz problemi ya\u015famad\u0131k. Neden oldu\u011funu anlam\u0131yorum . \u00dc\u015f\u00fctmemesine dikkat ediyorum. Geceleri s\u0131cak su torbas\u0131 koyuyorum ayaklar\u0131na karn\u0131na. ba\u015fka ne yapabilirim tavsiyelerinizi bekliyorum.<\/p>\n<p><span style=\"color:#A52A2A;\"><span style=\"font-size:18px;\"><strong>CEVAP<\/strong><\/span><\/span><\/p>\n<p>\u00c7ocuk Doktoru Murat Ayd\u0131n\u2019\u0131n cevab\u0131: (\u00d6nce muayene edilsin,herhangi bir yerinde bir enfeksiyon yoksa o zaman yatarken iyi geceler \u00e7ay\u0131 verirsiniz rahat uyuyacakt\u0131r.)<\/p>\n<p>Not: Bu makaledeki soru cevaplar \u015fah\u0131slara m\u00fcnhas\u0131rd\u0131r. Doktorunuza dan\u0131\u015fmadan bebe\u011finize hi\u00e7bir ilac\u0131 vermeyin.<\/p>\n<p><span style=\"font-size:16px;\"><strong><a href=\"https:\/\/www.mavikadin.com\/kilo-almayan-bebekler-icin-ev-yapimi-kilo-aldiran-bebek-mamasi-tarifleri\" target=\"_blank\" rel=\"noopener\"><span style=\"color:#FF0000;\">Bebeklere Kilo Ald\u0131ran Mama Tarifleri (En Etkili Kilo Ald\u0131r\u0131c\u0131 6 Tarif) T\u0131klay\u0131n\u0131z<\/span><\/a><\/strong><\/span><\/p>\n<p><span style=\"font-size:16px;\"><strong><a href=\"https:\/\/www.mavikadin.com\/1-2-3-4-5-6-7-8-9-10-yas-boy-kilo-erkek-cocuklarda-boy-kilo-endeksi\" target=\"_blank\" rel=\"noopener\">\u00c7o\u00e7uklarda Boy Kilo Endeksi Tablosu Cetveli Persentil Doktor Bildiriyor T\u0131klay\u0131n\u0131z&nbsp;<\/a><\/strong><\/span><\/p>\n<p><span style=\"font-size:16px;\"><strong><a href=\"https:\/\/www.mavikadin.com\/bebeklerde-boy-kilo-endeksi-cetveli-0-12-aylik-bebekler-icin\" target=\"_blank\" rel=\"noopener\"><span style=\"color:#FF0000;\">Bebekler Hangi Ayda Ka\u00e7 Kilo Olmal\u0131 Ve Boylar\u0131 Ka\u00e7 Olmal\u0131d\u0131r? T\u0131klay\u0131n\u0131z<\/span><\/a><\/strong><\/span><\/p>\n","protected":false},"excerpt":{"rendered":"<p>Zaman ne kadar da h\u0131zl\u0131 ge\u00e7iyor, bebe\u011fim 16 ayl\u0131k oldu, 16 ayl\u0131k bebek geli\u015fimi nas\u0131l olmal\u0131, 16 ayl\u0131k bebek neler yapabilir, ka\u00e7 saat uyur? Diye merak Zaman ne kadar da h\u0131zl\u0131 ge\u00e7iyor, bebe\u011fim 16 ayl\u0131k oldu, 16 ayl\u0131k bebek geli\u015fimi nas\u0131l olmal\u0131, 16 ayl\u0131k bebek neler yapabilir, ka\u00e7 saat uyur? Diye merak ediyorsan\u0131z, i\u015fte \u00c7ocuk [&hellip;]<\/p>\n","protected":false},"author":30,"featured_media":42724,"comment_status":"closed","ping_status":"open","sticky":false,"template":"","format":"standard","meta":{"rank_math_lock_modified_date":false,"footnotes":""},"categories":[111],"tags":[33486,31068,21561,33068,11406],"class_list":["post-42725","post","type-post","status-publish","format-standard","has-post-thumbnail","hentry","category-anne-cocuk","tag-16-aylik-bebek","tag-bebek-bakimi","tag-bebek-gelisimi","tag-bebek-uykusu","tag-uyku-duzeni"],"_links":{"self":[{"href":"https:\/\/www.tgrthaber.com\/mavikadin\/wp-json\/wp\/v2\/posts\/42725"}],"collection":[{"href":"https:\/\/www.tgrthaber.com\/mavikadin\/wp-json\/wp\/v2\/posts"}],"about":[{"href":"https:\/\/www.tgrthaber.com\/mavikadin\/wp-json\/wp\/v2\/types\/post"}],"author":[{"embeddable":true,"href":"https:\/\/www.tgrthaber.com\/mavikadin\/wp-json\/wp\/v2\/users\/30"}],"replies":[{"embeddable":true,"href":"https:\/\/www.tgrthaber.com\/mavikadin\/wp-json\/wp\/v2\/comments?post=42725"}],"version-history":[{"count":1,"href":"https:\/\/www.tgrthaber.com\/mavikadin\/wp-json\/wp\/v2\/posts\/42725\/revisions"}],"predecessor-version":[{"id":42726,"href":"https:\/\/www.tgrthaber.com\/mavikadin\/wp-json\/wp\/v2\/posts\/42725\/revisions\/42726"}],"wp:featuredmedia":[{"embeddable":true,"href":"https:\/\/www.tgrthaber.com\/mavikadin\/wp-json\/wp\/v2\/media\/42724"}],"wp:attachment":[{"href":"https:\/\/www.tgrthaber.com\/mavikadin\/wp-json\/wp\/v2\/media?parent=42725"}],"wp:term":[{"taxonomy":"category","embeddable":true,"href":"https:\/\/www.tgrthaber.com\/mavikadin\/wp-json\/wp\/v2\/categories?post=42725"},{"taxonomy":"post_tag","embeddable":true,"href":"https:\/\/www.tgrthaber.com\/mavikadin\/wp-json\/wp\/v2\/tags?post=42725"}],"curies":[{"name":"wp","href":"https:\/\/api.w.org\/{rel}","templated":true}]}}