{"id":42761,"date":"2017-06-08T00:22:57","date_gmt":"2017-06-07T21:22:57","guid":{"rendered":"https:\/\/new.mavikadin.com\/?p=42761"},"modified":"2024-09-16T10:39:34","modified_gmt":"2024-09-16T07:39:34","slug":"kolik-agrisi-infantil-kolik-nasil-gecer-kolik-bebek-nasil-uyutulur","status":"publish","type":"post","link":"https:\/\/www.tgrthaber.com\/mavikadin\/kolik-agrisi-infantil-kolik-nasil-gecer-kolik-bebek-nasil-uyutulur\/","title":{"rendered":"Kolik A\u011fr\u0131s\u0131 (\u0130nfantil Kolik) Nas\u0131l Ge\u00e7er, Kolik Bebek Nas\u0131l Uyutulur?"},"content":{"rendered":"<p>\u00c7ocuk Sa\u011fl\u0131\u011f\u0131 ve Hastal\u0131klar\u0131 G\u00fclperi P\u0131narc\u0131k bebeklerde kolikle ilgili \u015fu bilgileri veriyor; (Bebeklerde ya\u015fam\u0131n ilk 3 ay\u0131nda herhangi bir hastal\u0131\u011fa ba\u011fl\u0131<\/p>\n<p>\u00c7ocuk Sa\u011fl\u0131\u011f\u0131 ve Hastal\u0131klar\u0131 G\u00fclperi P\u0131narc\u0131k bebeklerde kolikle ilgili \u015fu bilgileri veriyor; (Bebeklerde ya\u015fam\u0131n ilk 3 ay\u0131nda herhangi bir hastal\u0131\u011fa ba\u011fl\u0131 olmadan ortaya \u00e7\u0131kan \u015fiddetli a\u011flama n\u00f6betlerine kolik denir. <strong>Bebeklerde kolik a\u011fr\u0131s\u0131 (yani gaz sanc\u0131s\u0131) haftada en az 3 g\u00fcn, en az 3 saat a\u011flamalar\u0131na neden olur. Kolik bebekler asl\u0131nda genellikle sa\u011fl\u0131kl\u0131 ve geli\u015fim problemi ya\u015famayan bebeklerdir. <\/strong>Kolik bebeklerin %5-25&#8217;inde g\u00f6r\u00fcl\u00fcr. Bebeklerde kolik sanc\u0131s\u0131 \u00f6zellikle bebek 2-4 haftal\u0131k oldu\u011funda ba\u015flar, kolik a\u011fr\u0131lar\u0131 ak\u015fam \u00fcst\u00fc ve geceleri yo\u011fun olarak g\u00f6r\u00fcl\u00fcr. \u00c7o\u011fu zaman 4.-6. aya girilmesiyle de kolik sanc\u0131lar\u0131 da son bulur.<\/p>\n<p><span style=\"color:#FF8C00;\"><span style=\"font-size:18px;\"><strong><u>Bebeklerde kolik belirtileri<\/u><\/strong><\/span><\/span><\/p>\n<ol>\n<li>Bebe\u011finden birden a\u011flamaya ba\u015flamas\u0131<\/li>\n<li>Bacaklar\u0131n\u0131 karn\u0131na do\u011fru \u00e7ekme<\/li>\n<li>Y\u00fczde k\u0131zarma<\/li>\n<li>Elleri yumruk yapma<\/li>\n<li>S\u0131rt\u0131n\u0131 geriye atma<\/li>\n<li>A\u011fr\u0131l\u0131 y\u00fcz ifadesi<\/li>\n<li>\u015ei\u015f ve gergin kar\u0131n<\/li>\n<li>Gaz \u00e7\u0131karma<\/li>\n<li>Ayr\u0131ca bu durumlar inek s\u00fct\u00fc alerjisinden, idrar yolu enfeksiyonundan, orta kulak iltihab\u0131ndan, laktoz intolerans\u0131ndan, gastro\u00f6zefagial refl\u00fc hastal\u0131\u011f\u0131, koroner arter anomolisi, h\u0131rpalanm\u0131\u015f bebek sendromu gibi nedenlerden kaynaklanabilece\u011finden kolayl\u0131kla kolikle kar\u0131\u015ft\u0131r\u0131labilmektedir.)<\/li>\n<li>Bebeklerin yalnizca %47&#8217;sinde belirtiler \u00fc\u00e7 ay i\u00e7erisinde kay\u0131p olmaktad\u0131r. Y\u00fczde 41&#8217;inde alt\u0131nc\u0131 aya kadar, geriye kalan %12&#8217;sinde ise 12.aya kadar s\u00fcrmektedir.<\/li>\n<\/ol>\n<p><span style=\"color:#FF8C00;\"><span style=\"font-size:18px;\"><strong><u>Bebeklerde kolik nedenleri<\/u><\/strong><\/span><\/span><\/p>\n<p>Bebeklerde koli\u011fin pek \u00e7ok nedeni olabilir koli\u011fin kesin olarak neden kaynakland\u0131\u011f\u0131 hen\u00fcz tam olarak tespit edilememi\u015ftir. Doktorlar\u0131n kolik sanc\u0131s\u0131na yol a\u00e7abildi\u011fini d\u00fc\u015f\u00fcnd\u00fc\u011f\u00fc durumlar; anne s\u00fct\u00fc alerjisi, laktoz intolerans\u0131, g\u0131da alerjisi, sindirim sisteminde bulunan normal bakterilerdeki de\u011fi\u015fiklikler, bebe\u011fin sindirim siteminin hen\u00fcz geli\u015fmemi\u015f olmas\u0131&#8230;<\/p>\n<p>Hamilelik d\u00f6neminde sigara i\u00e7en annelerin bebeklerinde kolikle kar\u015f\u0131la\u015fma olas\u0131l\u0131\u011f\u0131 2 kat daha fazlad\u0131r.<\/p>\n<p><span style=\"color:#FF8C00;\"><span style=\"font-size:18px;\"><strong><u>Bebeklerde kolik nas\u0131l ge\u00e7er?<\/u><\/strong><\/span><\/span><\/p>\n<ol>\n<li>Kolik sanc\u0131s\u0131 i\u00e7in bir \u00c7ocuk Doktoruna ba\u015fvurmal\u0131, \u00e7ocuk doktorunun kolik sanc\u0131s\u0131 i\u00e7in verdi\u011fi ila\u00e7lar kullan\u0131labilir.<\/li>\n<li>Bebe\u011fi arabayla gezdirme, sa\u00e7 kurutma makinesi, elektrik s\u00fcp\u00fcrgesi \u00e7al\u0131\u015ft\u0131rma, \u015farjl\u0131 s\u00fcp\u00fcrge sesi \u00e7al\u0131\u015ft\u0131rma bebek arabas\u0131nda gezdirme gibi y\u00f6ntemler bebe\u011fi rahatlatabilir.&nbsp;<strong>Sa\u00e7 kurutma makinesini s\u00fcrekli \u00e7al\u0131\u015ft\u0131rmak yerine youtubedan sa\u00e7 kurutma makinesi sesi ve elektrikli s\u00fcp\u00fcrge sesini a\u00e7\u0131p da bebe\u011fin kolik a\u011fr\u0131s\u0131n\u0131 ge\u00e7irebilirsiniz. Bu sesler bebe\u011fi rahatlatacak ve uyutacakt\u0131r.<\/strong><\/li>\n<li>Anason \u00e7ay\u0131 i\u00e7mek bebeklerde kolik tedavisinde kullan\u0131lan do\u011fal y\u00f6ntemlerdendir. Doktorunuza dan\u0131\u015f\u0131p bebe\u011finize anason \u00e7ay\u0131 i\u00e7irebilirsiniz.<\/li>\n<li>Bebe\u011fi \u0131l\u0131\u011f\u0131n biraz \u00fcst\u00fc olan s\u0131cak suyla y\u0131kamak da bebe\u011fi rahatlatmaya yard\u0131mc\u0131 olacakt\u0131r.<\/li>\n<li>Bebe\u011finiz mama ile besleniyorsa mama markas\u0131n\u0131 de\u011fi\u015ftirmeyi deneyebilirsiniz. Baz\u0131 mamalarda bebekte sindirim g\u00fc\u00e7l\u00fc\u011f\u00fc yapabilmektedir.<\/li>\n<li>Biberonla beslenen bebekler \u00e7ok fazla hava yuttuklar\u0131ndan bu durumda bebekte kolik sanc\u0131s\u0131n\u0131 tetikleyebilmektedir. Gaz yapmayan biberon kullanmak ve bebe\u011fi yedirdikten sonra kuca\u011f\u0131na al\u0131p s\u0131rt\u0131n\u0131 s\u0131vazlamak gaz\u0131n\u0131 \u00e7\u0131kar\u0131p rahatlamas\u0131n\u0131 sa\u011flayacakt\u0131r.<\/li>\n<\/ol>\n<p><span style=\"color:#FF8C00;\"><u><span style=\"font-size:18px;\"><strong>Bebeklerde kolikle ilgili doktorlara sorular ve cevaplar\u0131<\/strong><\/span><\/u><\/span><\/p>\n<p><span style=\"color:#A52A2A;\"><span style=\"font-size:16px;\"><strong>Sual:<\/strong><\/span><\/span> Merhaba bebe\u011fim 4,5 ayl\u0131k. Bebe\u011fime kolik tan\u0131s\u0131 kondu, sa\u00e7 kurutma makinas\u0131n\u0131 \u00e7al\u0131\u015ft\u0131r\u0131p sesini duymadan uyumuyor, \u00e7ok a\u011fl\u0131yor. Sa\u00e7 kurutma makinas\u0131n\u0131n ( yani f\u00f6n makinesinin) sesini dinlemesinin zarar\u0131 olabilir mi?<\/p>\n<p><span style=\"color:#A52A2A;\"><span style=\"font-size:16px;\"><strong>CEVAP<\/strong><\/span><\/span><\/p>\n<p><strong>Dr.Eliya Benbi\u00e7a\u00e7o&#8217;nun cevab\u0131: (F\u00f6n makinas\u0131n\u0131n zarar\u0131 yoktur.Ancak kolik 4 c\u00fc aydan sonra pek g\u00f6r\u00fclmez.San\u0131r\u0131m o g\u00fcr\u00fclt\u00fc ile uyumaya al\u0131\u015ft\u0131.)<\/strong><\/p>\n<p><span style=\"color:#FF8C00;\"><span style=\"font-size:16px;\"><strong>Sual:&nbsp;<\/strong><\/span><\/span> 35 g\u00fcnl\u00fck bir o\u011flum var. \u00e7ocu\u011fumda kolik var biz NURSE HARVEY\u2019s kullanmay\u0131 d\u00fc\u015f\u00fcn\u00fcyoruz. Herhangi bir yan etkisi varm\u0131? Nas\u0131l kullanmam\u0131z\u0131 \u00f6nerirsiniz. Birde ba\u015fka nas\u0131l tedavi veya ila\u00e7 kullan\u0131m\u0131 vard\u0131r?<\/p>\n<p><span style=\"color:#FF8C00;\"><span style=\"font-size:16px;\"><strong>CEVAP<\/strong><\/span><\/span><\/p>\n<p>\u00c7ocuk Doktoru Murat Ayd\u0131n&#8217;\u0131n cevab\u0131: (Kullanabilirsiniz. Veya metsil damla 4*10 damla \u015feklinde kullan\u0131labilir.)<\/p>\n<p>\u00c7ocuk Doktoru Bar\u0131\u015f \u0130lhan&#8217;\u0131n cevab\u0131: (Nurse harveys \u015furubu g\u00fcvenle kullanabilirsiniz.)<\/p>\n<p><span style=\"color:#A52A2A;\"><span style=\"font-size:16px;\"><strong>Sual: <\/strong><\/span><\/span>2 ayl\u0131k bebe\u011fim kolik sanc\u0131lar\u0131 \u00e7ekiyor.Acaba bu sanc\u0131lar\u0131 azaltmak i\u00e7in ne yapabilirim? Yard\u0131m\u0131n\u0131za ihtiyac\u0131m var.<\/p>\n<p><span style=\"color:#A52A2A;\"><span style=\"font-size:16px;\"><strong>CEVAP<\/strong><\/span><\/span><\/p>\n<p><strong>Beslenme Uzman\u0131 ve Diyetisyen Hamide Ataman&#8217;\u0131n cevab\u0131: (Anne s\u00fct\u00fc al\u0131yor mu bebe\u011finiz? Anne s\u00fct\u00fc al\u0131yorsa \u00e7i\u011f so\u011fan, karbahar, kurubaklagil vb gaz yap\u0131c\u0131 besinleri yemekten ka\u00e7\u0131nabilirsiniz. \u015eayet s\u00fct\u00fcn\u00fcz yoksa &#8220;Omneo1&#8221;&nbsp; mama i\u00e7eri\u011fi nedeniyle gazl\u0131 bebekler i\u00e7in uygun oldu\u011fundan tercih edilebilir.)<\/strong><\/p>\n<p><span style=\"color:#FF8C00;\"><span style=\"font-size:16px;\"><strong>Sual:<\/strong><\/span><\/span> O\u011flum 25 g\u00fcnl\u00fck oldu. Yakla\u015f\u0131k 1 haftad\u0131r infantil kolik mevcut. Humanan\u0131n kimyonlu rezene \u00e7ay\u0131n\u0131 vermek istiyorum. G\u00fcnl\u00fck ka\u00e7 mililitre verebilirim?<\/p>\n<p><span style=\"color:#FF8C00;\"><span style=\"font-size:16px;\"><strong>CEVAP<\/strong><\/span><\/span><\/p>\n<p>\u00c7ocuk Doktoru Murat Ayd\u0131n&#8217;\u0131n cevab\u0131: (Rezene \u00e7ay\u0131n\u0131 3.aydan sonra verirseniz daha sa\u011fl\u0131kl\u0131 olur. Metsil 4*15 damla verirseniz yeterli olur.)<\/p>\n<p>Not: Bu cevaplar \u015fah\u0131slara m\u00fcnhas\u0131rd\u0131r. Doktorunuza dan\u0131\u015fmadan bebe\u011finize ila\u00e7 vermeyin, tavsiye edilen yiyecek ve i\u00e7ecekleri kullanmay\u0131n.<\/p>\n<p><span style=\"font-size:16px;\"><strong><a href=\"https:\/\/www.mavikadin.com\/bebek-gazi-ilaci-ve-gaz-damlasi-markalari-doktorlar-bilgi-veriyor\" target=\"_blank\" rel=\"noopener\"><span style=\"color:#FF0000;\">Bebekler \u0130\u00e7in Gaz Giderici \u0130la\u00e7lar Nelerdir? Doktorlar Cevapl\u0131yor T\u0131klay\u0131n\u0131z<\/span><\/a><\/strong><\/span><\/p>\n<p><span style=\"font-size:16px;\"><strong><a href=\"https:\/\/www.mavikadin.com\/bebegim-uykusunda-agliyor-bebekler-gece-neden-aglar\" target=\"_blank\" rel=\"noopener\">Bebekler Uykuda Neden A\u011flar?\u00c7ocuk Doktorlar\u0131 Cevapl\u0131yor T\u0131klay\u0131n\u0131z<\/a><\/strong><\/span><\/p>\n<p><span style=\"font-size:16px;\"><strong><a href=\"https:\/\/www.mavikadin.com\/bebeklere-gaz-yapmayan-mama-markalari-neledir\" target=\"_blank\" rel=\"noopener\"><span style=\"color:#FF0000;\">Bebeklerde Gaz Yapmayan Markalar\u0131 \u0130\u00e7in T\u0131klay\u0131n\u0131z<\/span><\/a><\/strong><\/span><\/p>\n<p><span style=\"font-size:16px;\"><strong><a href=\"https:\/\/www.mavikadin.com\/bebekler-icin-uyku-surubu-uyku-damlasi-uyku-ilaci-markalari-nelerdir\" target=\"_blank\" rel=\"noopener\">Bebeklere Uyku \u0130lac\u0131, \u015eurubu, Damlas\u0131 Verilirmi? Doktorlar Cevapl\u0131yor T\u0131klay\u0131n\u0131z<\/a><\/strong><\/span><\/p>\n","protected":false},"excerpt":{"rendered":"<p>\u00c7ocuk Sa\u011fl\u0131\u011f\u0131 ve Hastal\u0131klar\u0131 G\u00fclperi P\u0131narc\u0131k bebeklerde kolikle ilgili \u015fu bilgileri veriyor; (Bebeklerde ya\u015fam\u0131n ilk 3 ay\u0131nda herhangi bir hastal\u0131\u011fa ba\u011fl\u0131 \u00c7ocuk Sa\u011fl\u0131\u011f\u0131 ve Hastal\u0131klar\u0131 G\u00fclperi P\u0131narc\u0131k bebeklerde kolikle ilgili \u015fu bilgileri veriyor; (Bebeklerde ya\u015fam\u0131n ilk 3 ay\u0131nda herhangi bir hastal\u0131\u011fa ba\u011fl\u0131 olmadan ortaya \u00e7\u0131kan \u015fiddetli a\u011flama n\u00f6betlerine kolik denir. Bebeklerde kolik a\u011fr\u0131s\u0131 (yani gaz [&hellip;]<\/p>\n","protected":false},"author":30,"featured_media":42760,"comment_status":"closed","ping_status":"open","sticky":false,"template":"","format":"standard","meta":{"rank_math_lock_modified_date":false,"footnotes":""},"categories":[111],"tags":[31859,5881,21405,33506,33507],"class_list":["post-42761","post","type-post","status-publish","format-standard","has-post-thumbnail","hentry","category-anne-cocuk","tag-bebek-gaz-sancisi","tag-bebek-sagligi","tag-bebeklerde-kolik","tag-kolik-agrisi","tag-kolik-bebek-uyutma"],"_links":{"self":[{"href":"https:\/\/www.tgrthaber.com\/mavikadin\/wp-json\/wp\/v2\/posts\/42761"}],"collection":[{"href":"https:\/\/www.tgrthaber.com\/mavikadin\/wp-json\/wp\/v2\/posts"}],"about":[{"href":"https:\/\/www.tgrthaber.com\/mavikadin\/wp-json\/wp\/v2\/types\/post"}],"author":[{"embeddable":true,"href":"https:\/\/www.tgrthaber.com\/mavikadin\/wp-json\/wp\/v2\/users\/30"}],"replies":[{"embeddable":true,"href":"https:\/\/www.tgrthaber.com\/mavikadin\/wp-json\/wp\/v2\/comments?post=42761"}],"version-history":[{"count":1,"href":"https:\/\/www.tgrthaber.com\/mavikadin\/wp-json\/wp\/v2\/posts\/42761\/revisions"}],"predecessor-version":[{"id":42762,"href":"https:\/\/www.tgrthaber.com\/mavikadin\/wp-json\/wp\/v2\/posts\/42761\/revisions\/42762"}],"wp:featuredmedia":[{"embeddable":true,"href":"https:\/\/www.tgrthaber.com\/mavikadin\/wp-json\/wp\/v2\/media\/42760"}],"wp:attachment":[{"href":"https:\/\/www.tgrthaber.com\/mavikadin\/wp-json\/wp\/v2\/media?parent=42761"}],"wp:term":[{"taxonomy":"category","embeddable":true,"href":"https:\/\/www.tgrthaber.com\/mavikadin\/wp-json\/wp\/v2\/categories?post=42761"},{"taxonomy":"post_tag","embeddable":true,"href":"https:\/\/www.tgrthaber.com\/mavikadin\/wp-json\/wp\/v2\/tags?post=42761"}],"curies":[{"name":"wp","href":"https:\/\/api.w.org\/{rel}","templated":true}]}}