{"id":42836,"date":"2017-06-29T17:08:10","date_gmt":"2017-06-29T14:08:10","guid":{"rendered":"https:\/\/new.mavikadin.com\/?p=42836"},"modified":"2024-09-16T10:40:44","modified_gmt":"2024-09-16T07:40:44","slug":"bebegim-2-aylik-2-aylik-bebek-asilari-hangileridirdoktorlar-cevapliyor","status":"publish","type":"post","link":"https:\/\/www.tgrthaber.com\/mavikadin\/bebegim-2-aylik-2-aylik-bebek-asilari-hangileridirdoktorlar-cevapliyor\/","title":{"rendered":"Bebe\u011fim 2 Ayl\u0131k 2 Ayl\u0131k Bebek A\u015f\u0131lar\u0131 Hangileridir?Doktorlar Cevapl\u0131yor"},"content":{"rendered":"<p>Bu makalemizde 2 ay a\u015f\u0131s\u0131 nelerdir, 2 ay a\u015f\u0131s\u0131 ate\u015f yapar m\u0131? Gibi konularda doktorlar\u0131n verdikleri bilgilere yer verdik. 2 ayl\u0131k bebek a\u015f\u0131lar\u0131 Verem, Pn\u00f6mokok,<\/p>\n<p>Bu makalemizde 2 ay a\u015f\u0131s\u0131 nelerdir, 2 ay a\u015f\u0131s\u0131 ate\u015f yapar m\u0131? Gibi konularda doktorlar\u0131n verdikleri bilgilere yer verdik.<\/p>\n<p><strong>2 ayl\u0131k bebek a\u015f\u0131lar\u0131 Verem, Pn\u00f6mokok, Karma ve Rotavirustur.<\/strong><\/p>\n<p>DTacB-IPV- Hib ad\u0131 verilen 5\u2019li Karma A\u015f\u0131s\u0131 2. ayda ilk dozu yap\u0131lmak \u00fczere 4. ve 18. aylarda di\u011fer dozlar\u0131 yap\u0131l\u0131r.<\/p>\n<p><strong>BCG\/ Verem A\u015f\u0131s\u0131 tek doz olarak 2. ayda bebe\u011fine yap\u0131l\u0131r. Tekrar edilmesine gerek yoktur. E\u011fer bebe\u011finiz erken do\u011fduysa ve 2 ayl\u0131kken 2kg alt\u0131ndaysa a\u015f\u0131 i\u00e7in bebe\u011finin 2kg olmas\u0131 beklenir.<\/strong><\/p>\n<p>Pr\u00f6nomok A\u015f\u0131s\u0131, bilinen ad\u0131yla Zat\u00fcrre A\u015f\u0131s\u0131 4 doz uygulan\u0131r ve ilk dozu 2. ayda olmak \u00fczere s\u0131ras\u0131yla bebe\u011fin 4. 6.ve 12. ay\u0131na geldi\u011finde di\u011fer dozlar\u0131 da uygulanarak tamamlan\u0131r.<\/p>\n<p><strong>\u0130shal A\u015f\u0131s\u0131 da denilen Rotavirus A\u015f\u0131s\u0131 ise 2 tip \u015fekli vard\u0131r. Bir tanesi 1 ya da 2 ay arayla 3 doz, di\u011feri ise 2 doz olarak yap\u0131l\u0131r. Genel olarak ilk doz 3. ay\u0131 ge\u00e7meden son doz ise 8 ayl\u0131k olmadan tamamlanm\u0131\u015f olmas\u0131 gerekmektedir.<\/strong><\/p>\n<p><span style=\"color:#FF8C00;\"><span style=\"font-size:16px;\"><strong>Sual: <\/strong><\/span><\/span>2 ayl\u0131k bebe\u011fe yap\u0131lmas\u0131 istenen difteri, bo\u011fmaca, tetanoz, polio, hib ve \u015fimdi de pn\u00f6mokok ve rota virus a\u015f\u0131lar\u0131: Bu kadar \u00e7ok antijenin ayn\u0131 anda verilmesi bebe\u011fin ba\u011f\u0131\u015f\u0131kl\u0131k sistemi \u00fczerinde a\u015f\u0131r\u0131 bir y\u00fckleme olu\u015fturmaz m\u0131 Her a\u015f\u0131n\u0131n az veya \u00e7ok bir reaksiyon yapt\u0131\u011f\u0131 belli.Bu kadar \u00e7ok a\u015f\u0131n\u0131n a\u015f\u0131r\u0131 bir reaksiyona sebeb olmas\u0131 beklenmeli midir? Zaten endi\u015feli olan aileye hi\u00e7 bir tehlike yoktur diyebilir misiniz?<\/p>\n<p><span style=\"color:#FF8C00;\"><span style=\"font-size:16px;\"><strong>CEVAP<\/strong><\/span><\/span><\/p>\n<p><strong>\u00c7ocuk Sa\u011fl\u0131\u011f\u0131 Ve Hastal\u0131klar\u0131 Doktoru Eliya Benbi\u00e7a\u00e7o&#8217;nun cevab\u0131: (Bu a\u015f\u0131lar\u0131n ayn\u0131 g\u00fcn yap\u0131lmas\u0131nda bir sak\u0131nca yoktur.Ancak pratik uygulamada ben pn\u00f6mokok ve rotavir\u00fcs a\u015f\u0131lar\u0131n\u0131 3 c\u00fc ayda uyguluyorum.)<\/strong><\/p>\n<p><span style=\"color:#A52A2A;\"><span style=\"font-size:16px;\"><strong>Sual:<\/strong><\/span><\/span> 70g\u00fcnl\u00fck k\u0131z\u0131m var sorum \u015fu 2ayl\u0131k(verem+karma+zat\u00fcrre) a\u015f\u0131s\u0131n\u0131 yapt\u0131rd\u0131m 4g\u00fcn \u00f6nce o g\u00fcnden beri i\u015ftahs\u0131zl\u0131k var anne s\u00fct\u00fc veriyorum. Memeyi al\u0131rken \u00e7ok a\u011fl\u0131yor emmek istemiyor zorlan\u0131yorum, beslerken a\u015f\u0131dan \u00f6nce hi\u00e7 sorunumuz yoktu, aksine bol bol emiyordu a\u015f\u0131n\u0131n etkisi midir bu?<\/p>\n<p><span style=\"color:#A52A2A;\"><span style=\"font-size:16px;\"><strong>CEVAP<\/strong><\/span><\/span><\/p>\n<p><strong>\u00c7ocuk Sa\u011fl\u0131\u011f\u0131 Ve Hastal\u0131klar\u0131 Doktoru Nuran G\u00fcrses&#8217;in cevab\u0131: (A\u015f\u0131lardan sonra bu tip rahats\u0131zl\u0131klar olabilir ayn\u0131 anda birden fazla a\u015f\u0131 uygulamas\u0131 bu tabloya neden olabilir bir s\u00fcre bekleyiniz tablo d\u00fczelecektir.)<\/strong><\/p>\n<p><span style=\"color:#FF8C00;\"><span style=\"font-size:16px;\"><strong>Sual:<\/strong><\/span><\/span> Bebe\u011fim 2ay 8 g\u00fcnl\u00fck bu sabah a\u015f\u0131lar\u0131n\u0131 yapt\u0131rd\u0131k.(Karma,menenjit, verem ,\u00e7ocuk felci)\u015fu an ate\u015fi yok ama san\u0131r\u0131m a\u011fr\u0131s\u0131 var \u00e7ok a\u011fl\u0131yor. Tek sakinle\u015fti\u011fi yer emerken. Biz de her a\u011flad\u0131\u011f\u0131nda(\u00e7ok k\u0131sa aral\u0131klarla )sakinle\u015ftirmek i\u00e7in emziriyoruz. En son emerken kustu. Bu arada kolikli bir bebek oldu\u011fu i\u00e7in bu seferde s\u0131k emzirmekten gaz sanc\u0131s\u0131n\u0131 artt\u0131r\u0131rm\u0131y\u0131z?<\/p>\n<p><span style=\"color:#FF8C00;\"><span style=\"font-size:16px;\"><strong>CEVAP<\/strong><\/span><\/span><\/p>\n<p>\u00c7ocuk Sa\u011fl\u0131\u011f\u0131 Ve Hastal\u0131klar\u0131 Doktoru Sibel Atasoy&#8217;un cevab\u0131: (Bu konuda cevab\u0131m \u015fudur;<\/p>\n<p><strong>Not: Bu makalemiz 2&nbsp;sayfadan olu\u015fmaktad\u0131r. &#8220;<span style=\"color:#FF0000;\">Sonraki Sayfa<\/span>&#8221; yaz\u0131s\u0131na&nbsp;t\u0131klayarak yaz\u0131y\u0131 okumaya devam edebilirsiniz.&nbsp;&nbsp;&nbsp;<\/strong><\/p>\n<p><span style=\"color:#FF8C00;\"><span style=\"font-size:16px;\"><strong>CEVAP<\/strong><\/span><\/span><\/p>\n<p><strong>\u00c7ocuk Sa\u011fl\u0131\u011f\u0131 Ve Hastal\u0131klar\u0131 Doktoru Sibel Atasoy&#8217;un cevab\u0131: (Endi\u015flenmenize gerek yok a\u015f\u0131dan sonra bebeklerde b\u00f6yle bir durumla kar\u015f\u0131la\u015f\u0131r\u0131z. Ate\u015fini takip edersiniz a\u015f\u0131dan ilk 4 saat i\u00e7inde ate\u015fi \u00e7\u0131kabilir. A\u011fr\u0131s\u0131 i\u00e7inde yar\u0131m 1 \u00e7ay ka\u015f\u0131\u011f\u0131 &#8220;CALPOL&#8221; verebilirsiniz)<\/strong><\/p>\n<p><span style=\"color:#A52A2A;\"><span style=\"font-size:16px;\"><strong>Sual:<\/strong><\/span><\/span> Bebe\u011fim 2 ayl\u0131k karma a\u015f\u0131lara ba\u015flad\u0131k.\u00c7evremden duyduklar\u0131mla biraz tedirgin oldum.Sa\u011fl\u0131k oca\u011f\u0131nda a\u015f\u0131 yapt\u0131rmay\u0131n iyi de\u011fil deniliyor. Size sorum \u00f6zel hastanede yap\u0131lan a\u015f\u0131yla sa\u011fl\u0131k oca\u011f\u0131nda yap\u0131lan a\u015f\u0131 aras\u0131nda fark var m\u0131d\u0131r?<\/p>\n<p><span style=\"color:#A52A2A;\"><span style=\"font-size:16px;\"><strong>CEVAP<\/strong><\/span><\/span><\/p>\n<p><strong>\u00c7ocuk Sa\u011fl\u0131\u011f\u0131 Ve Hastal\u0131klar\u0131 Doktoru&nbsp; Emrah Can&#8217;\u0131n cevab\u0131: (A\u015f\u0131lar\u0131n yan etkileri a\u00e7\u0131s\u0131ndan fark var.Sa\u011fl\u0131k oca\u011f\u0131ndaki a\u015f\u0131lar biraz daha ate\u015f yapabilir.ancak etkileri a\u00e7\u0131s\u0131nddan anlaml\u0131 bir fark yoktur.)<\/strong><\/p>\n<p><span style=\"color:#FF8C00;\"><span style=\"font-size:16px;\"><strong>Sual:<\/strong><\/span><\/span> Bebe\u011fim 2 ayl\u0131k bug\u00fcn a\u015f\u0131 olduk. doktorumuz dolven yazd\u0131. k\u0131z\u0131m yutmad\u0131 \u015furubu ate\u015fi yok \u015fimdilik ama fitil mi alsak \u00f6neriniz nedir. \u0130la\u00e7 ismi yazarsan\u0131z seviniriz. k\u00fc\u00e7\u00fck bir yerde ya\u015f\u0131yoruz doktor yok 1 eczane var.<\/p>\n<p><span style=\"color:#FF8C00;\"><span style=\"font-size:16px;\"><strong>CEVAP<\/strong><\/span><\/span><\/p>\n<p>\u00c7ocuk Sa\u011fl\u0131\u011f\u0131 Ve Hastal\u0131klar\u0131 Doktoru Asaf G\u00fcven&#8217;in cevab\u0131: (Paranox fitili yar\u0131m olarak kullanabilirsiniz.)<\/p>\n<p><span style=\"color:#A52A2A;\"><span style=\"font-size:16px;\"><strong>Sual:<\/strong><\/span><\/span>&nbsp;Bebe\u011fim 2 ay 1 haftal\u0131kbu hafta verem a\u015f\u0131s\u0131 vurulacak a\u015f\u0131 vurdurmaya gitmeden \u00f6nce a\u011fr\u0131 kesici fitil koymam uygun olur mu?Fitili a\u015f\u0131dan ne kadar \u00f6nce koymal\u0131y\u0131m?<\/p>\n<p><span style=\"color:#A52A2A;\"><span style=\"font-size:16px;\"><strong>CEVAP<\/strong><\/span><\/span><\/p>\n<p><strong>\u00c7ocuk Sa\u011fl\u0131\u011f\u0131 Ve Hastal\u0131klar\u0131 Doktoru Halit \u00d6zkaya&#8217;n\u0131n cevab\u0131: (A\u015f\u0131 olmadan \u00f6nce a\u011fr\u0131 kesici ate\u015f d\u00fc\u015f\u00fcr\u00fcc\u00fc verilmesi rutin uygulamada \u00f6nerilmez. Bebe\u011finizin ate\u015fi veya huzursuzlu\u011fu olur ise bu ila\u00e7lar\u0131 vermenizi tavsiye ederiz. )<\/strong><\/p>\n<p><span style=\"color:#FF8C00;\"><span style=\"font-size:16px;\"><strong>Sual:<\/strong><\/span><\/span> 2.ayda o\u011fluma \u00e7ocuk felci, karma, verem, hib a\u015f\u0131lar\u0131 yap\u0131ld\u0131. A\u015f\u0131 takviminde prenever ve rotavir\u00fcs a\u015f\u0131lar\u0131 yaz\u0131yor. Bu a\u015f\u0131lar o\u011flumun oldu\u011fu a\u015f\u0131lara m\u0131 deniyor. Yani oglum bu a\u015f\u0131lar\u0131 olmu\u015f mu?\u015eayet bunlar farkl\u0131 a\u015f\u0131larsa ne yapmal\u0131y\u0131m ne zaman olmal\u0131 bana yol g\u00f6sterirmisiniz?<\/p>\n<p><span style=\"color:#FF8C00;\"><span style=\"font-size:16px;\"><strong>CEVAP<\/strong><\/span><\/span><\/p>\n<p>\u00c7ocuk Kardioloji Doktoru Meki Bilici&#8217;nin cevab\u0131: (Sizin a\u015f\u0131lar\u0131n\u0131z\u0131n aras\u0131nda bu iki a\u015f\u0131 yoktur. bu a\u015f\u0131lar \u00f6zel olarak sa\u0131n al\u0131n\u0131p yapt\u0131r\u0131l\u0131labilen a\u015f\u0131lard\u0131r. Rota vir\u00fcs a\u015f\u0131s\u0131: \u0130shalden koruyucu bir a\u015f\u0131d\u0131r. \u00fc\u00e7 doz olarak yap\u0131l\u0131r. Prevenar a\u015f\u0131s\u0131 pn\u00f6okok lar\u0131n neden oldu\u011fu enfeksiyonlardan korur. D\u00f6rt doz olarak yapt\u0131rablirsiniz. Yak\u0131n zamanda a\u015f\u0131lama yapt\u0131ysan\u0131z bir aya araya girdikten sonra bu a\u015f\u0131lar\u0131 yapt\u0131rabilirsiniz.)<\/p>\n<p>Not: Bu makalede ge\u00e7en cevaplar \u015fah\u0131slara m\u00fcnhas\u0131r verilmi\u015ftir. Doktorunuza dan\u0131\u015fmadan bebe\u011finize hi\u00e7 bir ilac\u0131 vermeyin.<\/p>\n<p><span style=\"font-size:16px;\"><strong><a href=\"https:\/\/www.mavikadin.com\/kilo-aldiran-bebek-yemekleri-tarifleri-listesi-tatlilar-corbalar\" target=\"_blank\" rel=\"noopener\"><span style=\"color:#FF0000;\">Bebeklere Kilo Ald\u0131ran Tarifler (En Lezzetli, Kilo Ald\u0131r\u0131c\u0131 Tarifler) T\u0131klay\u0131n\u0131z<\/span><\/a><\/strong><\/span><\/p>\n<p><span style=\"font-size:16px;\"><a href=\"https:\/\/www.mavikadin.com\/bebegim-2-aylik-1-ayini-dolduran-bebek-neler-yapar-doktor-cevapliyor\" target=\"_blank\" rel=\"noopener\"><strong>2 (\u0130ki) Ve \u0130ki Bu\u00e7uk Ayl\u0131k Bebek Neler Yapar? Doktorlar Cevapl\u0131yor T\u0131klay\u0131n\u0131z<\/strong><\/a><\/span><\/p>\n<p><span style=\"font-size:16px;\"><strong><a href=\"https:\/\/www.mavikadin.com\/bebeklere-gaz-yapmayan-mama-markalari-neledir\" target=\"_blank\" rel=\"noopener\"><span style=\"color:#FF0000;\">Bebeklerde Gaz Yapmayan Markalar\u0131 \u0130\u00e7in T\u0131klay\u0131n\u0131z<\/span><\/a><\/strong><\/span><\/p>\n<p><span style=\"font-size:16px;\"><strong><a href=\"https:\/\/www.mavikadin.com\/2-aylik-bebek-boy-kilo-ve-bas-cevresi-kactir-doktorlar-cevapliyor\" target=\"_blank\" rel=\"noopener\">2 Ayl\u0131k (\u0130ki Ayl\u0131k) Bebek Ka\u00e7 Kilo Olmal\u0131? Uzman Doktorlar Cevapl\u0131yor T\u0131klay\u0131n\u0131z&nbsp;<\/a><\/strong><\/span><\/p>\n<p><span style=\"font-size:16px;\"><strong><a href=\"https:\/\/www.mavikadin.com\/bebek-gazi-ilaci-ve-gaz-damlasi-markalari-doktorlar-bilgi-veriyor\" target=\"_blank\" rel=\"noopener\"><span style=\"color:#FF0000;\">Bebekler \u0130\u00e7in Gaz Giderici \u0130la\u00e7lar Nelerdir? Doktorlar Cevapl\u0131yor T\u0131klay\u0131n\u0131z<\/span><\/a><\/strong><\/span><\/p>\n","protected":false},"excerpt":{"rendered":"<p>Bu makalemizde 2 ay a\u015f\u0131s\u0131 nelerdir, 2 ay a\u015f\u0131s\u0131 ate\u015f yapar m\u0131? Gibi konularda doktorlar\u0131n verdikleri bilgilere yer verdik. 2 ayl\u0131k bebek a\u015f\u0131lar\u0131 Verem, Pn\u00f6mokok, Bu makalemizde 2 ay a\u015f\u0131s\u0131 nelerdir, 2 ay a\u015f\u0131s\u0131 ate\u015f yapar m\u0131? Gibi konularda doktorlar\u0131n verdikleri bilgilere yer verdik. 2 ayl\u0131k bebek a\u015f\u0131lar\u0131 Verem, Pn\u00f6mokok, Karma ve Rotavirustur. DTacB-IPV- Hib [&hellip;]<\/p>\n","protected":false},"author":30,"featured_media":42835,"comment_status":"closed","ping_status":"open","sticky":false,"template":"","format":"standard","meta":{"rank_math_lock_modified_date":false,"footnotes":""},"categories":[111],"tags":[33556,33558,33557,33559,33295],"class_list":["post-42836","post","type-post","status-publish","format-standard","has-post-thumbnail","hentry","category-anne-cocuk","tag-2-aylik-bebek-asilari","tag-asi-sonrasi-ates","tag-bebek-asi-takvimi","tag-karma-asi","tag-pnomokok-asisi"],"_links":{"self":[{"href":"https:\/\/www.tgrthaber.com\/mavikadin\/wp-json\/wp\/v2\/posts\/42836"}],"collection":[{"href":"https:\/\/www.tgrthaber.com\/mavikadin\/wp-json\/wp\/v2\/posts"}],"about":[{"href":"https:\/\/www.tgrthaber.com\/mavikadin\/wp-json\/wp\/v2\/types\/post"}],"author":[{"embeddable":true,"href":"https:\/\/www.tgrthaber.com\/mavikadin\/wp-json\/wp\/v2\/users\/30"}],"replies":[{"embeddable":true,"href":"https:\/\/www.tgrthaber.com\/mavikadin\/wp-json\/wp\/v2\/comments?post=42836"}],"version-history":[{"count":1,"href":"https:\/\/www.tgrthaber.com\/mavikadin\/wp-json\/wp\/v2\/posts\/42836\/revisions"}],"predecessor-version":[{"id":42837,"href":"https:\/\/www.tgrthaber.com\/mavikadin\/wp-json\/wp\/v2\/posts\/42836\/revisions\/42837"}],"wp:featuredmedia":[{"embeddable":true,"href":"https:\/\/www.tgrthaber.com\/mavikadin\/wp-json\/wp\/v2\/media\/42835"}],"wp:attachment":[{"href":"https:\/\/www.tgrthaber.com\/mavikadin\/wp-json\/wp\/v2\/media?parent=42836"}],"wp:term":[{"taxonomy":"category","embeddable":true,"href":"https:\/\/www.tgrthaber.com\/mavikadin\/wp-json\/wp\/v2\/categories?post=42836"},{"taxonomy":"post_tag","embeddable":true,"href":"https:\/\/www.tgrthaber.com\/mavikadin\/wp-json\/wp\/v2\/tags?post=42836"}],"curies":[{"name":"wp","href":"https:\/\/api.w.org\/{rel}","templated":true}]}}