{"id":42842,"date":"2017-06-30T05:30:42","date_gmt":"2017-06-30T02:30:42","guid":{"rendered":"https:\/\/new.mavikadin.com\/?p=42842"},"modified":"2024-09-16T10:40:49","modified_gmt":"2024-09-16T07:40:49","slug":"bebegim-18-aylik-18-aylik-bebek-asilari-hangileridir","status":"publish","type":"post","link":"https:\/\/www.tgrthaber.com\/mavikadin\/bebegim-18-aylik-18-aylik-bebek-asilari-hangileridir\/","title":{"rendered":"Bebe\u011fim 18 Ayl\u0131k, 18 Ayl\u0131k Bebek A\u015f\u0131lar\u0131 Hangileridir?"},"content":{"rendered":"<p>Bu makalemizde 18 ay a\u015f\u0131s\u0131 nelerdir, 18 ay a\u015f\u0131s\u0131 ate\u015f yapar m\u0131? Gibi konularda doktorlar\u0131n verdikleri bilgilere yer verdik.\u00a0<\/p>\n<p>Bu makalemizde 18 ay a\u015f\u0131s\u0131 nelerdir, 18 ay a\u015f\u0131s\u0131 ate\u015f yapar m\u0131? Gibi konularda doktorlar\u0131n verdikleri bilgilere yer verdik.&nbsp;<\/p>\n<p><span style=\"color:#A52A2A;\"><span style=\"font-size:16px;\"><strong>Sual:<\/strong><\/span><\/span> 18 ayl\u0131k bebek a\u015f\u0131lar\u0131 nelerdir?<\/p>\n<p><span style=\"color:#A52A2A;\"><span style=\"font-size:16px;\"><strong>CEVAP<\/strong><\/span><\/span><\/p>\n<p>18 Ayl\u0131k Bebek A\u015f\u0131 Takvimi \u015f\u00f6yledir;<\/p>\n<ol>\n<li>DTacB-IPV-Hib\/ 5&#8217;li Karma A\u015f\u0131 Hat\u0131rlatma Dozu<\/li>\n<li>OPA\/\u00c7ocuk Felci 2. doz<\/li>\n<li>Hepatit A 1. Doz<\/li>\n<\/ol>\n<p><span style=\"color:#FF8C00;\"><span style=\"font-size:18px;\"><strong><u>18 Ay A\u015f\u0131s\u0131yla \u0130lgili Doktorlara Sorular Ve Cevaplar\u0131<\/u><\/strong><\/span><\/span><\/p>\n<p><span style=\"color:#A52A2A;\"><span style=\"font-size:16px;\"><strong>Sual:<\/strong><\/span><\/span>&nbsp;K\u0131z\u0131m 19 ayl\u0131k. 18 ay a\u015f\u0131lar\u0131n\u0131 yapt\u0131rd\u0131k ancak hepatit A yapt\u0131rmad\u0131k. Bug\u00fcn yapt\u0131rabilir miyiz geciktik mi?<\/p>\n<p><span style=\"color:#A52A2A;\"><span style=\"font-size:16px;\"><strong>CEVAP&nbsp;&nbsp;<\/strong><\/span><\/span><\/p>\n<p><strong>\u00c7ocuk Doktoru Asaf G\u00dcVEN\u2019in cevab\u0131:&nbsp;2 ay arayla 2 doz yapt\u0131rabilirsiniz. Gecikme yok.<\/strong><\/p>\n<p><span style=\"color:#FF8C00;\"><span style=\"font-size:16px;\"><strong>Sual:<\/strong><\/span><\/span>&nbsp;K\u0131z\u0131m\u0131n 18.ay a\u015f\u0131lar\u0131 var. Burnu hafif ak\u0131yor, bu sorun te\u015fkil eder mi? A\u015f\u0131 vurdurabilir miyiz?<\/p>\n<p><span style=\"color:#FF8C00;\"><span style=\"font-size:16px;\"><strong>CEVAP&nbsp;<\/strong><\/span><\/span><\/p>\n<p><strong>\u00c7ocuk Doktoru Seydi Battal G\u00d6LGEL\u0130\u2019nin cevab\u0131:&nbsp;Nezle, so\u011fuk alg\u0131nl\u0131\u011f\u0131, ba\u015fka hafif hastal\u0131klar ve antibiyotik kullan\u0131l\u0131yor olmas\u0131 a\u015f\u0131 yapt\u0131r\u0131lmas\u0131na engel de\u011fildir. Ancak; \u015fiddetli bir hastal\u0131k s\u00f6z konusuysa hasta iyile\u015finceye kadar a\u015f\u0131 ertelenir. Sa\u011fl\u0131kl\u0131 ve mutlu y\u0131llar dileklerimle&#8230;&nbsp;<\/strong><\/p>\n<p><span style=\"color:#A52A2A;\"><span style=\"font-size:16px;\"><strong>Sual:<\/strong><\/span><\/span>&nbsp;Merhabalar say\u0131n hocam, k\u0131z\u0131m\u0131n 18 ayl\u0131k as\u0131s\u0131n\u0131 9-10 g\u00fcn gecikmeli vurdursak bir sorun olur mu? \u0130kinci sorum; 18 ay as\u0131lar\u0131 ate\u015f yapar m\u0131? Te\u015fekk\u00fcrler.<\/p>\n<p><span style=\"color:#A52A2A;\"><span style=\"font-size:16px;\"><strong>CEVAP&nbsp;&nbsp;<\/strong><\/span><\/span><\/p>\n<p>\u00c7ocuk Doktoru \u00d6ge \u00c7K\u2019n\u0131n cevab\u0131: Ate\u015f yapabilir, ate\u015f d\u00fc\u015f\u00fcr\u00fcc\u00fc ihtiyac\u0131n\u0131z olursa a\u015f\u0131 sonras\u0131nda verin, 8-9 g\u00fcn gecikme sorun olmaz.<\/p>\n<p><span style=\"color:#FF8C00;\"><span style=\"font-size:16px;\"><strong>Sual:<\/strong><\/span><\/span>&nbsp;Hocam, d\u00fcn k\u0131z\u0131m\u0131n 18.ay a\u015f\u0131s\u0131 yap\u0131ld\u0131, Dr. Muayene de etti, bi sorunumuz yoktu, fakat sabah kusmaya ba\u015flad\u0131, ate\u015fi yok. Doktora g\u00f6t\u00fcrmeli miyim, a\u015f\u0131 kusma yapar m\u0131?<\/p>\n<p><span style=\"color:#FF8C00;\"><span style=\"font-size:16px;\"><strong>CEVAP<\/strong><\/span><\/span><\/p>\n<p><strong>\u00c7ocuk Doktoru Murat AYDIN\u2019\u0131n cevab\u0131:&nbsp;&nbsp;A\u015f\u0131ya ba\u011fl\u0131 ate\u015f, kusma olabilir.<\/strong><\/p>\n<p><span style=\"color:#A52A2A;\"><span style=\"font-size:16px;\"><strong>Sual:&nbsp;<\/strong><\/span><\/span>O\u011flum 18 ayl\u0131k su\u00e7i\u00e7e\u011fi as\u0131s\u0131 i\u00e7in ge\u00e7 mi kald\u0131k acaba? En ge\u00e7 ka\u00e7 ayl\u0131kken yap\u0131lmal\u0131 bu a\u015f\u0131?<\/p>\n<p><span style=\"color:#A52A2A;\"><span style=\"font-size:16px;\"><strong>CEVAP&nbsp;<\/strong><\/span><\/span><\/p>\n<p>\u00c7ocuk Doktoru Murat AYDIN\u2019\u0131n cevab\u0131:&nbsp;Hemen ve tek doz yapt\u0131rabilirsiniz.<\/p>\n<p>\u00c7ocuk Doktoru Hadi GEYLAN\u2019\u0131n cevab\u0131:&nbsp;Su\u00e7i\u00e7e\u011fi a\u015f\u0131s\u0131 1 ya\u015f\u0131ndan sonra herhangi bir zamanda yap\u0131labilir. su\u00e7i\u00e7e\u011fi ge\u00e7irmedi\u011fi s\u00fcrece a\u015f\u0131 yapt\u0131rabilirsiniz.<\/p>\n<p><span style=\"color:#FF8C00;\"><span style=\"font-size:16px;\"><strong>Sual:<\/strong><\/span><\/span>&nbsp;Bebe\u011fime 18 ay a\u015f\u0131s\u0131n\u0131 yapt\u0131rd\u0131m. 24 saat i\u00e7inde kolunda k\u0131zar\u0131kl\u0131k ve \u015fi\u015flik oldu\u011funu fark ettim. Endi\u015feliyim. Ne yapmal\u0131y\u0131m?<\/p>\n<p><span style=\"color:#FF8C00;\"><span style=\"font-size:16px;\"><strong>CEVAP<\/strong><\/span><\/span><\/p>\n<p>\u00c7ocuk Doktoru Sibel KILI\u00c7ARSLAN\u2019\u0131n cevab\u0131:&nbsp;Bu a\u015f\u0131 i\u00e7in tamamen normal bir durum. 3 g\u00fcnde ge\u00e7er.<\/p>\n<p><span style=\"color:#A52A2A;\"><span style=\"font-size:16px;\"><strong>Sual:&nbsp;<\/strong><\/span><\/span>K\u0131z\u0131m 18.ay (karma) a\u015f\u0131s\u0131n\u0131 oldu. Bu ak\u015fam\u00fczeri a\u015f\u0131 yerinin etraf\u0131 3 cm k\u0131zard\u0131 ve a\u015f\u0131 olan yer v\u00fccuduna g\u00f6re daha s\u0131cak bu normal mi? Doktora g\u00f6t\u00fcrmeme gerek var m\u0131? Sayg\u0131lar.<\/p>\n<p><span style=\"color:#A52A2A;\"><span style=\"font-size:16px;\"><strong>CEVAP<\/strong><\/span><\/span><\/p>\n<p>\u00c7ocuk Doktoru Asaf G\u00dcVEN\u2019in cevab\u0131:&nbsp;Baz\u0131 \u00e7ocuklarda olabilir.<\/p>\n<p><span style=\"color:#FF8C00;\"><span style=\"font-size:16px;\"><strong>Sual:&nbsp;<\/strong><\/span><\/span>O\u011flum 18 ayl\u0131k. 5 li karma a\u015f\u0131s\u0131n\u0131n sonuncusu da yap\u0131ld\u0131. Bundan sonra yap\u0131lacak a\u015f\u0131s\u0131 var m\u0131? Sa\u011fl\u0131k oca\u011f\u0131ndan \u201cart\u0131k burada a\u015f\u0131n\u0131z kalmad\u0131 di\u011fer a\u015f\u0131lar\u0131n\u0131z i\u00e7in doktorunuzla g\u00f6r\u00fc\u015f\u00fcn\u201c denildi. Di\u011fer a\u015f\u0131lar\u0131 nedir?&nbsp;Yard\u0131mlar\u0131n\u0131z i\u00e7in \u015fimdiden te\u015fekk\u00fcrler.<\/p>\n<p><span style=\"color:#FF8C00;\"><span style=\"font-size:16px;\"><strong>CEVAP<\/strong><\/span><\/span><\/p>\n<p><strong>\u00c7ocuk Doktoru R.S\u00fcha \u00dcN\u00dcVAR\u2019\u0131n cevab\u0131:&nbsp;D\u0130\u011eER A\u015eILARI: &nbsp;Hepatit a ( 2 kere), Su\u00e7i\u00e7e\u011fi&nbsp; bir kere, 3. Pn\u00f6mokok a\u015f\u0131s\u0131 24 ayl\u0131k ve bir kere<\/strong><\/p>\n<p><span style=\"color:#A52A2A;\"><span style=\"font-size:16px;\"><strong>Sual:<\/strong><\/span><\/span>&nbsp;merhabalar&nbsp;bu ay\u0131n 23\u00fcnde 18 ay\u0131m\u0131z bitecek. K\u0131z\u0131m\u0131n a\u015f\u0131 kart\u0131n\u0131 bulam\u0131yoruz. 18 ay a\u015f\u0131lar\u0131 i\u00e7in ideal zaman nedir?<\/p>\n<p><span style=\"color:#A52A2A;\"><span style=\"font-size:16px;\"><strong>CEVAP<\/strong><\/span><\/span><\/p>\n<p>\u00c7ocuk Doktoru Seydi Battal G\u00d6LGEL\u0130\u2019nin cevab\u0131:18. ay a\u015f\u0131lar\u0131n\u0131 k\u0131z\u0131n\u0131z 18 ay\u0131n\u0131 doldurduktan sonraki hafta i\u00e7inde yapt\u0131rman\u0131z uygun olur. Sa\u011fl\u0131kl\u0131 ve mutlu y\u0131llar dilerim.<\/p>\n<p><span style=\"font-size:16px;\"><strong><a href=\"https:\/\/www.mavikadin.com\/bebegim-18-aylik-18-aylik-bebek-uykusu-kac-saat-olmali\" target=\"_blank\" rel=\"noopener\"><span style=\"color:#FF0000;\">18 Ayl\u0131k Bebek Geli\u015fimi Nas\u0131l Olmal\u0131 Ve 18 Ayl\u0131k Bebek Neler Yapar? T\u0131klay\u0131n\u0131z<\/span><\/a><\/strong><\/span><\/p>\n<p><span style=\"font-size:16px;\"><strong><a href=\"https:\/\/www.mavikadin.com\/kilo-aldiran-bebek-yemekleri-tarifleri-listesi-tatlilar-corbalar\" target=\"_blank\" rel=\"noopener\">Bebeklere Kilo Ald\u0131ran Tarifler (En Lezzetli, Kilo Ald\u0131r\u0131c\u0131 Tarifler) T\u0131klay\u0131n\u0131z<\/a>&nbsp;<\/strong><\/span><\/p>\n<p><span style=\"font-size:16px;\"><strong><a href=\"https:\/\/www.mavikadin.com\/18-aylik-onsekiz-aylik-bebek-boy-kilo-ve-bas-cevresi-olculeri\" target=\"_blank\" rel=\"noopener\"><span style=\"color:#FF0000;\">18 Ayl\u0131k (Onsekiz Ayl\u0131k) Bebek Ka\u00e7 Kilo Olmal\u0131? Doktorlar Cevapl\u0131yor T\u0131klay\u0131n\u0131z<\/span><\/a><\/strong><\/span><\/p>\n","protected":false},"excerpt":{"rendered":"<p>Bu makalemizde 18 ay a\u015f\u0131s\u0131 nelerdir, 18 ay a\u015f\u0131s\u0131 ate\u015f yapar m\u0131? Gibi konularda doktorlar\u0131n verdikleri bilgilere yer verdik.\u00a0 Bu makalemizde 18 ay a\u015f\u0131s\u0131 nelerdir, 18 ay a\u015f\u0131s\u0131 ate\u015f yapar m\u0131? Gibi konularda doktorlar\u0131n verdikleri bilgilere yer verdik.&nbsp; Sual: 18 ayl\u0131k bebek a\u015f\u0131lar\u0131 nelerdir? CEVAP 18 Ayl\u0131k Bebek A\u015f\u0131 Takvimi \u015f\u00f6yledir; DTacB-IPV-Hib\/ 5&#8217;li Karma A\u015f\u0131 [&hellip;]<\/p>\n","protected":false},"author":30,"featured_media":42841,"comment_status":"closed","ping_status":"open","sticky":false,"template":"","format":"standard","meta":{"rank_math_lock_modified_date":false,"footnotes":""},"categories":[111],"tags":[33563,33564,33557,21561,26843],"class_list":["post-42842","post","type-post","status-publish","format-standard","has-post-thumbnail","hentry","category-anne-cocuk","tag-18-ay-asisi","tag-asi-rehberi","tag-bebek-asi-takvimi","tag-bebek-gelisimi","tag-cocuk-sagligi"],"_links":{"self":[{"href":"https:\/\/www.tgrthaber.com\/mavikadin\/wp-json\/wp\/v2\/posts\/42842"}],"collection":[{"href":"https:\/\/www.tgrthaber.com\/mavikadin\/wp-json\/wp\/v2\/posts"}],"about":[{"href":"https:\/\/www.tgrthaber.com\/mavikadin\/wp-json\/wp\/v2\/types\/post"}],"author":[{"embeddable":true,"href":"https:\/\/www.tgrthaber.com\/mavikadin\/wp-json\/wp\/v2\/users\/30"}],"replies":[{"embeddable":true,"href":"https:\/\/www.tgrthaber.com\/mavikadin\/wp-json\/wp\/v2\/comments?post=42842"}],"version-history":[{"count":1,"href":"https:\/\/www.tgrthaber.com\/mavikadin\/wp-json\/wp\/v2\/posts\/42842\/revisions"}],"predecessor-version":[{"id":42843,"href":"https:\/\/www.tgrthaber.com\/mavikadin\/wp-json\/wp\/v2\/posts\/42842\/revisions\/42843"}],"wp:featuredmedia":[{"embeddable":true,"href":"https:\/\/www.tgrthaber.com\/mavikadin\/wp-json\/wp\/v2\/media\/42841"}],"wp:attachment":[{"href":"https:\/\/www.tgrthaber.com\/mavikadin\/wp-json\/wp\/v2\/media?parent=42842"}],"wp:term":[{"taxonomy":"category","embeddable":true,"href":"https:\/\/www.tgrthaber.com\/mavikadin\/wp-json\/wp\/v2\/categories?post=42842"},{"taxonomy":"post_tag","embeddable":true,"href":"https:\/\/www.tgrthaber.com\/mavikadin\/wp-json\/wp\/v2\/tags?post=42842"}],"curies":[{"name":"wp","href":"https:\/\/api.w.org\/{rel}","templated":true}]}}