{"id":42854,"date":"2017-07-04T00:27:58","date_gmt":"2017-07-03T21:27:58","guid":{"rendered":"https:\/\/new.mavikadin.com\/?p=42854"},"modified":"2024-09-16T10:40:59","modified_gmt":"2024-09-16T07:40:59","slug":"bebegim-uykusunda-korkuyor-inliyor-sicriyor-ne-yapayim","status":"publish","type":"post","link":"https:\/\/www.tgrthaber.com\/mavikadin\/bebegim-uykusunda-korkuyor-inliyor-sicriyor-ne-yapayim\/","title":{"rendered":"Bebe\u011fim Uykusunda Korkuyor, \u0130nliyor, S\u0131\u00e7r\u0131yor Ne Yapay\u0131m?"},"content":{"rendered":"<p>Bebeklerde uykuda s\u0131\u00e7rama, inleme ve irkilme \u00e7ok s\u0131k rastlanan bebeklik \u00e7a\u011f\u0131 sorunlar\u0131ndand\u0131r. Bebe\u011finizde bu problemler varsa onu en k\u0131sa zamanda bir \u00c7ocuk <\/p>\n<p>Bebeklerde uykuda s\u0131\u00e7rama, inleme ve irkilme \u00e7ok s\u0131k rastlanan bebeklik \u00e7a\u011f\u0131 sorunlar\u0131ndand\u0131r. Bebe\u011finizde bu problemler varsa onu en k\u0131sa zamanda bir \u00c7ocuk doktoruna muayne ettirmelisiniz. Doktorunuz gerek g\u00f6r\u00fcrse EEG filmi \u00e7ekip \u00e7ocuktaki bu durumun nedenini tespit edip gerekli tedaviyi uygulayacakt\u0131r.<\/p>\n<p><span style=\"color:#FF8C00;\"><span style=\"font-size:18px;\"><strong>Sual:<\/strong><\/span><\/span> Bebe\u011fim 7,5 ayl\u0131k uyurken uykusunda \u00e7ok fazla s\u0131\u00e7r\u0131yor. Neden olabilir?<\/p>\n<p><span style=\"color:#FF8C00;\"><span style=\"font-size:18px;\"><strong>CEVAP<\/strong><\/span><\/span><\/p>\n<p><strong>\u00c7ocuk Sa\u011fl\u0131\u011f\u0131 Ve Hastal\u0131klar\u0131 Dr. Murat Ayd\u0131n&#8217;\u0131n cevab\u0131:&nbsp; (Muayene edilmesi uygun olur,bu s\u0131\u00e7ramalar muhtemelen normaldir,ancak havale gibi durumlardan ay\u0131rmak i\u00e7in muayene ve gerekiyorsa EEG \u00e7ekilmesi uygun olur.)<\/strong><\/p>\n<p><span style=\"color:#A52A2A;\"><span style=\"font-size:18px;\"><strong>Sual:<\/strong><\/span><\/span> Bebe\u011fim birka\u00e7 g\u00fcnd\u00fcr uykusunda yar\u0131 uyan\u0131k inliyor daha 3 ayl\u0131k acaba bir yerimi a\u011fr\u0131yor? Normalde uyan\u0131kken herhangi bir rahats\u0131zl\u0131\u011f\u0131 yok gibi, acaba neden olabilir?<\/p>\n<p><span style=\"color:#A52A2A;\"><span style=\"font-size:18px;\"><strong>CEVAP<\/strong><\/span><\/span><\/p>\n<p><strong>\u00c7ocuk Sa\u011fl\u0131\u011f\u0131 Ve Hastal\u0131klar\u0131 Dr. Murat Ayd\u0131n&#8217;\u0131n cevab\u0131: (Uyurken bebeklerde inilti gibi sesler olabiliyor, e\u011fer ate\u015f, \u00f6ks\u00fcr\u00fck gibi bir s\u0131k\u0131nt\u0131 yoksa endi\u015felenmeyin. Ancak yine de g\u00f6zard\u0131 etmemek i\u00e7in muayene ettirirseniz uygun olur.)<\/strong><\/p>\n<p><span style=\"color:#FF8C00;\"><span style=\"font-size:18px;\"><strong>Sual:<\/strong><\/span><\/span> Bebe\u011fim 1 y\u0131ld\u0131r uykusunda s\u00fcrekli s\u0131\u00e7r\u0131yor.bazen ba\u011f\u0131r\u0131p kalk\u0131yor, neden olabilir?<\/p>\n<p><span style=\"color:#FF8C00;\"><span style=\"font-size:18px;\"><strong>CEVAP<\/strong><\/span><\/span><\/p>\n<p>\u00c7ocuk Sa\u011fl\u0131\u011f\u0131 Ve Hastal\u0131klar\u0131 Dr. Mehmet \u00d6zt\u00fcrk&#8217;\u00fcn cevab\u0131:( Bebe\u011finizi bir \u00e7ocuk n\u00f6roloji uzman\u0131na g\u00f6steriniz.)<\/p>\n<p><span style=\"color:#A52A2A;\"><span style=\"font-size:18px;\"><strong>Sual:<\/strong><\/span><\/span> Benim 3 ya\u015f\u0131nda bir o\u011flum var.Geceleri uyurken bazen a\u011flayarak uyan\u0131yor.Bi\u015feylerden korkuyor sanki.Bir ka\u00e7 g\u00fcnd\u00fcr e\u015fimle aram\u0131za yatmak istiyor.Bu konuda ne yapabilirim yard\u0131mc\u0131 olabilirseniz sevinirim<\/p>\n<p><span style=\"color:#A52A2A;\"><span style=\"font-size:18px;\"><strong>CEVAP<\/strong><\/span><\/span><\/p>\n<p><strong>Psikolog Eda G\u00f6kman&#8217;\u0131n cevab\u0131: (Yan\u0131n\u0131zda yatmas\u0131na izin vermeyin ama uyand\u0131\u011f\u0131nda yan\u0131na gidin ve yan\u0131nda oldu\u011funuzu g\u00fcvende oldu\u011funu ona hissettirin, e\u011fer tam olarak uyanmadan durmadan a\u011flamalar varsa bu bir gece ter\u00f6r\u00fc olabilir, bu endi\u015felenecek bir durum de\u011fildir, yapman\u0131z gereken sadece yan\u0131nda oldu\u011funuzu ona hissettirmek, odas\u0131 da hafif lo\u015f \u0131\u015f\u0131kta olabilir duvardaki resimleri kald\u0131rabilsiniz)<\/strong><\/p>\n<p><span style=\"color:#FF8C00;\"><span style=\"font-size:18px;\"><strong>Sual:<\/strong><\/span><\/span> 4 ya\u015f\u0131nda bir kizim var.Ayr\u0131 bir odas\u0131 olmas\u0131na ra\u011fmen gecenin erken saatlerinde bizim yan\u0131m\u0131za gelip bizimle yat\u0131yor. E\u015fimin ve benim ne durumda oldu\u011fumuzu tahmin edersiniz. Geceleri ka\u00e7 kere uyurken yatag\u0131na g\u00f6t\u00fcr\u00fcyorum ama 5 en fazla 10 dk sonra korkuyorum diye geri geliyor. Dayanamay\u0131p yine al\u0131yoruz yan\u0131m\u0131za. Odas\u0131na her t\u00fcrl\u00fc ilgi \u00e7ekicek \u015feyi ald\u0131k. Baz\u0131 \u015feylerini k\u0131s\u0131tlad\u0131k g\u00fczellikle ve sevgiyle halletmeye \u00e7al\u0131\u015ft\u0131k ama maalsef hi\u00e7 biri ise yaramad\u0131. Bu konuda l\u00fctfen bana yard\u0131mc\u0131 olur musunuz?<\/p>\n<p><span style=\"color:#FF8C00;\"><span style=\"font-size:18px;\"><strong>CEVAP<\/strong><\/span><\/span><\/p>\n<p><strong>\u00c7ocuk Doktoru Murat Ayd\u0131n&#8217;\u0131n cevab\u0131: (Gece yatmadan \u00f6nce sakinle\u015ftirici olarak ataraks \u015furup 1 \u00f6l\u00e7ek i\u00e7irip yat\u0131r\u0131n,uykusu b\u00f6l\u00fcnmeyece\u011fi i\u00e7in gece kalkma durumu da olmayacakt\u0131r.)<\/strong><\/p>\n<p><span style=\"color:#A52A2A;\"><span style=\"font-size:18px;\"><strong>Sual:<\/strong><\/span><\/span> Bebe\u011fim gece uykusunda inliyor. Elleri hep a\u011fz\u0131nda hi\u00e7 \u00e7\u0131karm\u0131yor, neden inliyor?<\/p>\n<p><span style=\"color:#A52A2A;\"><span style=\"font-size:18px;\"><strong>CEVAP<\/strong><\/span><\/span><\/p>\n<p><strong>\u00c7ocuk Sa\u011fl\u0131\u011f\u0131 Ve Hastal\u0131klar\u0131 Dr. Murat Ayd\u0131n&#8217;\u0131n cevab\u0131: (Di\u015f \u00e7\u0131karmaya ba\u011fl\u0131d\u0131r. Di\u015f \u00e7\u0131karma d\u00f6nemlerinde huysuzluk,inleme,ate\u015f ,i\u015ftah azalmas\u0131 olabiliyor.)<\/strong><\/p>\n<p><span style=\"color:#FF8C00;\"><span style=\"font-size:18px;\"><strong>Sual:<\/strong><\/span><\/span> 2 ayl\u0131k k\u0131z\u0131m uyku \u00f6ncesinde ve uykusunda inliyor. Gazl\u0131 bir bebek. Gazdan kaynakl\u0131 olabilir mi inlemesi?<\/p>\n<p><span style=\"color:#FF8C00;\"><span style=\"font-size:18px;\"><strong>CEVAP<\/strong><\/span><\/span><\/p>\n<p>\u00c7ocuk Sa\u011fl\u0131\u011f\u0131 Ve Hastal\u0131klar\u0131 Dr. Nuran G\u00fcrses&#8217;in cevab\u0131: (Y\u00fcksek olas\u0131l\u0131kla gaza bagl\u0131d\u0131r tabii bunun d\u0131\u015f\u0131nda bir\u00e7ok neden de s\u00f6z konusu olabilir takip edilmesi gereken bir durum.)<\/p>\n<p><span style=\"color:#A52A2A;\"><span style=\"font-size:18px;\"><strong>Sual: <\/strong><\/span><\/span>O\u011flum 3 ayl\u0131k.uyan\u0131kken yada \u00e7o\u011fu zaman uykusunda irkilip s\u0131\u00e7r\u0131yor.sebebi ne olabilir?<\/p>\n<p><span style=\"color:#A52A2A;\"><span style=\"font-size:18px;\"><strong>CEVAP<\/strong><\/span><\/span><\/p>\n<p>\u00c7ocuk Sa\u011fl\u0131\u011f\u0131 Ve Hastal\u0131klar\u0131 Dr. Asaf G\u00fcven&#8217;in cevab\u0131: ( \u00c7ocuklarda bu tip irkilmeler normalde olabilir.)<\/p>\n<p><span style=\"color:#FF8C00;\"><span style=\"font-size:18px;\"><strong>Sual:<\/strong><\/span><\/span>O\u011flum 18 ay\u0131n\u0131 doldurdu.uykusunda \u00e7ok s\u0131\u00e7r\u0131yor ayaklar\u0131n\u0131 \u00f6ne itme gibi hareket yap\u0131yor acaba bu durum normalmidr?<\/p>\n<p><span style=\"color:#FF8C00;\"><span style=\"font-size:18px;\"><strong>CEVAP<\/strong><\/span><\/span><\/p>\n<p>\u00c7ocuk Sa\u011fl\u0131\u011f\u0131 Ve Hastal\u0131klar\u0131 Dr. Murat Ayd\u0131n&#8217;\u0131n cevab\u0131: (Uykusundaki s\u0131\u00e7ramalar\u0131 \u00e7ok de\u011filse \u00f6nemli de\u011fil, ancak s\u0131\u00e7ramalar\u0131 \u00e7oksa \u00e7ocuk n\u00f6roloji taraf\u0131ndan EEG sinin \u00e7ekilmesi gerekebilir.)<\/p>\n<p><strong>\u00c7ocuk Sa\u011fl\u0131\u011f\u0131 Ve Hastal\u0131klar\u0131 Dr. Seydi Battal&#8217;\u0131n cevab\u0131: (Bebe\u011finizdeki bu durum \u0130nfantil Spazm adl\u0131 rahats\u0131zl\u0131ktan kaynaklanabilir. Belirtileri \u00e7ok hafif olan bu hastal\u0131k asl\u0131nda beyni olumsuz olarak etkileyebilen ciddi bir hastal\u0131kt\u0131r.Hastada uykuda ortaya \u00e7\u0131kan s\u0131\u00e7rama ve yumulma gibi belirtileri g\u00f6r\u00fcl\u00fcr..\u00c7ocu\u011funuzun infantil spazm (infantil kolikle hi\u00e7 ilgisi yok) y\u00f6n\u00fcnden de ara\u015ft\u0131r\u0131lmak \u00fczere bir \u00c7ocuk N\u00f6rolo\u011fu taraf\u0131ndan muayene edilmesi gerekir.<\/strong><\/p>\n<p><span style=\"color:#A52A2A;\"><span style=\"font-size:18px;\"><strong>Sual:<\/strong><\/span><\/span> Bebe\u011fim 70 g\u00fcnl\u00fck hala uyurken s\u0131\u00e7r\u0131yor bu normal mi?<\/p>\n<p><span style=\"color:#A52A2A;\"><span style=\"font-size:18px;\"><strong>CEVAP<\/strong><\/span><\/span><\/p>\n<p>\u00c7ocuk Sa\u011fl\u0131\u011f\u0131 Ve Hastal\u0131klar\u0131 Dr. Halit \u00d6zkaya&#8217;n\u0131n cevab\u0131: (70 g\u00fcnl\u00fck bebek uykusunda s\u0131\u00e7rayabilir. Bu normaldir.)<\/p>\n<p><span style=\"color:#FF8C00;\"><span style=\"font-size:18px;\"><strong>Sual: <\/strong><\/span><\/span>11 ayl\u0131k o\u011flum g\u00fcnde bi ka\u00e7 kez irkilme \u015feklinde bi hareket yap\u0131yor. daha a\u00e7\u0131k ifade etmem gerekirse \u00fcrperme \u015feklinde. Hani \u00fc\u015f\u00fcme geldi\u011finde biz yeti\u015fkinler \u015f\u00f6yle bir irkiliriz i\u015fte aynen \u00f6yle. \u0130lk ba\u015fta \u00e7ok \u00f6nemsemedim ama s\u00fcreklilik g\u00f6sterince tedirgin oldum. ya\u015fad\u0131\u011f\u0131m\u0131z ilde \u00e7ocuk n\u00f6roloji dr olmad\u0131\u011f\u0131 i\u00e7in size sormak istedim.<\/p>\n<p><span style=\"color:#FF8C00;\"><span style=\"font-size:18px;\"><strong>CEVAP<\/strong><\/span><\/span><\/p>\n<p>\u00c7ocuk Sa\u011fl\u0131\u011f\u0131 Ve Hastal\u0131klar\u0131 Dr. Adnan Ayvaz&#8217;\u0131n cevab\u0131: (\u00dcrperme, bilin\u00e7 kayb\u0131 olmadan silkinme benzeri hareketler genellikle iyi huylu, n\u00f6bet kabul etmedi\u011fimiz durumlardand\u0131r. Nadiren epilepsi ile ili\u015fkilidir. Epileptik n\u00f6bet benzeri durumlardan ay\u0131rt etmek gerekir. Anlatt\u0131\u011f\u0131n\u0131z durumu kameraya \u00e7ekerek bir \u00e7ocuk n\u00f6rolojisine muayeneye gitmeniz en sa\u011fl\u0131kl\u0131 yol olacakt\u0131r. )<\/p>\n<p><span style=\"font-size:16px;\"><strong><a href=\"https:\/\/www.mavikadin.com\/bebeklerde-rezene-cayi-uyku-yaparmi-rezene-cayinin-bebeklere-faydalari\" target=\"_blank\" rel=\"noopener\"><span style=\"color:#FF0000;\">Bebeklerde Rezene \u00c7ay\u0131 Uyku Yaparm\u0131? Rezene \u00c7ay\u0131n\u0131n Bebeklere Faydalar\u0131 T\u0131klay\u0131n\u0131z<\/span><\/a><\/strong><\/span><\/p>\n<p><span style=\"font-size:16px;\"><strong><a href=\"https:\/\/www.mavikadin.com\/bebegim-uykusunda-agliyor-bebekler-gece-neden-aglar\" target=\"_blank\" rel=\"noopener\">Bebekler Uykuda Neden A\u011flar?\u00c7ocuk Doktorlar\u0131 Cevapl\u0131yor T\u0131klay\u0131n\u0131z<\/a><\/strong><\/span><\/p>\n<p><span style=\"font-size:16px;\"><strong><a href=\"https:\/\/www.mavikadin.com\/bebekler-icin-uyku-surubu-uyku-damlasi-uyku-ilaci-markalari-nelerdir\" target=\"_blank\" rel=\"noopener\"><span style=\"color:#FF0000;\">Bebeklere Uyku \u0130lac\u0131, \u015eurubu, Damlas\u0131 Verilirmi? Doktorlar Cevapl\u0131yor T\u0131klay\u0131n\u0131z<\/span><\/a><\/strong><\/span><\/p>\n","protected":false},"excerpt":{"rendered":"<p>Bebeklerde uykuda s\u0131\u00e7rama, inleme ve irkilme \u00e7ok s\u0131k rastlanan bebeklik \u00e7a\u011f\u0131 sorunlar\u0131ndand\u0131r. Bebe\u011finizde bu problemler varsa onu en k\u0131sa zamanda bir \u00c7ocuk Bebeklerde uykuda s\u0131\u00e7rama, inleme ve irkilme \u00e7ok s\u0131k rastlanan bebeklik \u00e7a\u011f\u0131 sorunlar\u0131ndand\u0131r. Bebe\u011finizde bu problemler varsa onu en k\u0131sa zamanda bir \u00c7ocuk doktoruna muayne ettirmelisiniz. Doktorunuz gerek g\u00f6r\u00fcrse EEG filmi \u00e7ekip \u00e7ocuktaki bu [&hellip;]<\/p>\n","protected":false},"author":30,"featured_media":42853,"comment_status":"closed","ping_status":"open","sticky":false,"template":"","format":"standard","meta":{"rank_math_lock_modified_date":false,"footnotes":""},"categories":[111],"tags":[33068,33572,33573,33571,26843],"class_list":["post-42854","post","type-post","status-publish","format-standard","has-post-thumbnail","hentry","category-anne-cocuk","tag-bebek-uykusu","tag-bebeklerde-inleme","tag-bebeklerde-irkilme","tag-bebeklerde-sicrama","tag-cocuk-sagligi"],"_links":{"self":[{"href":"https:\/\/www.tgrthaber.com\/mavikadin\/wp-json\/wp\/v2\/posts\/42854"}],"collection":[{"href":"https:\/\/www.tgrthaber.com\/mavikadin\/wp-json\/wp\/v2\/posts"}],"about":[{"href":"https:\/\/www.tgrthaber.com\/mavikadin\/wp-json\/wp\/v2\/types\/post"}],"author":[{"embeddable":true,"href":"https:\/\/www.tgrthaber.com\/mavikadin\/wp-json\/wp\/v2\/users\/30"}],"replies":[{"embeddable":true,"href":"https:\/\/www.tgrthaber.com\/mavikadin\/wp-json\/wp\/v2\/comments?post=42854"}],"version-history":[{"count":1,"href":"https:\/\/www.tgrthaber.com\/mavikadin\/wp-json\/wp\/v2\/posts\/42854\/revisions"}],"predecessor-version":[{"id":42855,"href":"https:\/\/www.tgrthaber.com\/mavikadin\/wp-json\/wp\/v2\/posts\/42854\/revisions\/42855"}],"wp:featuredmedia":[{"embeddable":true,"href":"https:\/\/www.tgrthaber.com\/mavikadin\/wp-json\/wp\/v2\/media\/42853"}],"wp:attachment":[{"href":"https:\/\/www.tgrthaber.com\/mavikadin\/wp-json\/wp\/v2\/media?parent=42854"}],"wp:term":[{"taxonomy":"category","embeddable":true,"href":"https:\/\/www.tgrthaber.com\/mavikadin\/wp-json\/wp\/v2\/categories?post=42854"},{"taxonomy":"post_tag","embeddable":true,"href":"https:\/\/www.tgrthaber.com\/mavikadin\/wp-json\/wp\/v2\/tags?post=42854"}],"curies":[{"name":"wp","href":"https:\/\/api.w.org\/{rel}","templated":true}]}}