{"id":42869,"date":"2017-07-07T02:19:24","date_gmt":"2017-07-06T23:19:24","guid":{"rendered":"https:\/\/new.mavikadin.com\/?p=42869"},"modified":"2024-09-16T10:41:15","modified_gmt":"2024-09-16T07:41:15","slug":"beyaz-saclara-son-kesin-kokten-kalici-cozum-sac-beyazlamasi-nasil-gecer","status":"publish","type":"post","link":"https:\/\/www.tgrthaber.com\/mavikadin\/beyaz-saclara-son-kesin-kokten-kalici-cozum-sac-beyazlamasi-nasil-gecer\/","title":{"rendered":"Beyaz Sa\u00e7lara Son Kesin K\u00f6kten Kal\u0131c\u0131 \u00c7\u00f6z\u00fcm, Sa\u00e7 Beyazlamas\u0131 Nas\u0131l Ge\u00e7er?"},"content":{"rendered":"<p>Ya\u015flanmadan, B12 eksikli\u011fine kadar pek \u00e7ok nedenden dolay\u0131 sa\u00e7larda zamanla beyazlama meydana gelir. Bu makalemizde G\u00fczellik Uzman\u0131 Suna Dumankaya, Prof Dr.<\/p>\n<p>Ya\u015flanmadan, B12 eksikli\u011fine kadar pek \u00e7ok nedenden dolay\u0131 sa\u00e7larda zamanla beyazlama meydana gelir. <strong>Bu makalemizde G\u00fczellik Uzman\u0131 Suna Dumankaya, Prof Dr. \u0130brahim Sara\u00e7o\u011flu gibi uzmanlar taraf\u0131ndan bildirilen sa\u00e7lardaki beyazlamay\u0131 durduran<\/strong>, beyazlam\u0131\u015f sa\u00e7lar\u0131 eski rengine d\u00f6nd\u00fcren sa\u00e7 beyazlamas\u0131na kesin bitkisel \u00e7\u00f6z\u00fcm y\u00f6ntemlerini bildirece\u011fiz;<\/p>\n<p><span style=\"color:#FF8C00;\"><span style=\"font-size:16px;\"><strong>Sual:<\/strong><\/span><\/span><span style=\"color:#FF0000;\"><span style=\"font-size:16px;\"><strong> <\/strong><\/span><\/span>Sa\u00e7lar\u0131mda beyazlar \u00e7\u0131kt\u0131. Boya d\u0131\u015f\u0131nda sa\u00e7lar\u0131mdaki beyazlar\u0131 nas\u0131l yok edebilirim?<\/p>\n<p><span style=\"color:#FF8C00;\"><span style=\"font-size:16px;\"><strong>CEVAP<\/strong><\/span><\/span><\/p>\n<p><strong>G\u00fczellik Uzman\u0131 Suna Dumankaya\u2019n\u0131n cevab\u0131: (3 adet taze cevizi kabuklar\u0131n\u0131 ay\u0131rd\u0131ktan sonra az suyla ha\u015flay\u0131n. \u0130\u00e7ine yar\u0131m kahve fincan\u0131 \u0131s\u0131t\u0131lm\u0131\u015f zeytinya\u011f\u0131 ve 1 tatl\u0131 ka\u015f\u0131\u011f\u0131 kuru maya ilave edin. Bu kar\u0131\u015f\u0131m\u0131 sa\u00e7\u0131n\u0131za iyice yedirerek s\u00fcr\u00fcn. 2 saat bekletip sa\u00e7lar\u0131n\u0131z\u0131 y\u0131kay\u0131n.)<\/strong><\/p>\n<p><span style=\"color:#A52A2A;\"><span style=\"font-size:16px;\"><strong>Sual:<\/strong><\/span><\/span> Sa\u00e7lar\u0131mda \u00e7ok fazla beyaz var. Koyu renk sa\u00e7l\u0131 oldu\u011fum i\u00e7in beyazlar\u0131m \u00e7ok belli oluyor. Sa\u00e7\u0131m\u0131n beyazlamas\u0131n\u0131 durdurmak i\u00e7in ne yapabilirim?<\/p>\n<p><span style=\"color:#A52A2A;\"><span style=\"font-size:16px;\"><strong>CEVAP<\/strong><\/span><\/span><\/p>\n<p><strong>G\u00fczellik Uzman\u0131 Suna Dumankaya\u2019n\u0131n cevab\u0131: (Bir adet so\u011fan\u0131 ve be\u015f di\u015f sar\u0131msa\u011f\u0131 blender&#8217;da ezin. \u0130\u00e7ine bir yumurtan\u0131n sar\u0131s\u0131n\u0131 ve bir \u00e7orba ka\u015f\u0131\u011f\u0131 zeytinya\u011f\u0131 ekleyerek krem k\u0131vam\u0131na getirin. Ard\u0131ndan bu kar\u0131\u015f\u0131m\u0131 sa\u00e7lar\u0131n\u0131za s\u00fcr\u00fcp yakla\u015f\u0131k bir saat bekletin. Size, bu etkili form\u00fcl\u00fc haftada bir kez uygulaman\u0131z\u0131 tavsiye ederim.)<\/strong><\/p>\n<p><span style=\"color:#FF8C00;\"><span style=\"font-size:16px;\"><strong>Sual:<\/strong><\/span><\/span> Sa\u00e7lar\u0131mdaki beyazlamay\u0131 durduran, beyaz sa\u00e7lar\u0131 koyula\u015ft\u0131ran bir k\u00fcr tarifi verir misiniz?<\/p>\n<p><span style=\"color:#FF8C00;\"><span style=\"font-size:16px;\"><strong>CEVAP<\/strong><\/span><\/span><\/p>\n<p><strong>Prof Dr. \u0130brahim Sara\u00e7o\u011flu&#8217;nun cevab\u0131: \u0130htiyac\u0131n\u0131z olacak malzemeler;Yo\u011furt (bir yemek ka\u015f\u0131\u011f\u0131), \u00e7\u00f6rekotu (bir \u00e7ay ka\u015f\u0131\u011f\u0131) \u00d6ncelikle \u00e7\u00f6rekotunu demir havanda iyice d\u00f6v\u00fcp ard\u0131ndan miktar\u0131n\u0131 belirtti\u011fimiz yo\u011furdumuzu kar\u0131\u015ft\u0131r\u0131p yiyelim. Bu tarifi bir ay boyunca her g\u00fcn d\u00fczenli olarak t\u00fcketelim. Bir ayl\u0131k s\u00fcremiz bittikten sonra yedi g\u00fcn ara verip tekrar ba\u015flayal\u0131m. Ayr\u0131ca, Bekta\u015fi \u00fcz\u00fcm\u00fcn\u00fc, (Amla olarak da bilinir) Hindistan cevizi ya\u011f\u0131yla kar\u0131\u015ft\u0131rarak sa\u00e7l\u0131 deriye d\u00fczenli olarak s\u00fcr\u00fcn. Birka\u00e7 kurutulmu\u015f Amla\u2019y\u0131 Hindistan cevizi ya\u011f\u0131yla siyaha d\u00f6nene kadar kavurun.Elde edilen ya\u011f\u0131 sa\u00e7l\u0131 deriye s\u00fcr\u00fcn. Bu kar\u0131\u015f\u0131m gri sa\u00e7lar\u0131 siyaha d\u00f6nd\u00fcrecektir.)<\/strong><\/p>\n<p><span style=\"color:#A52A2A;\"><span style=\"font-size:16px;\"><strong>Sual: <\/strong><\/span><\/span>Sorunum sa\u00e7lar\u0131m\u0131n beyazlamas\u0131. Bu sorunuma \u00e7\u00f6z\u00fcm olacak bir form\u00fcl\u00fcn\u00fcz var m\u0131d\u0131r?<\/p>\n<p><span style=\"color:#A52A2A;\"><span style=\"font-size:16px;\"><strong>CEVAP<\/strong><\/span><\/span><\/p>\n<p><strong>G\u00fczellik Uzman\u0131 Suna Dumankaya\u2019n\u0131n cevab\u0131: (Ceviz kabuklar\u0131n\u0131 iyice d\u00f6v\u00fcp p\u00fcre haline getirin. Di\u011fer taraftan bir tutam ceviz yapra\u011f\u0131n\u0131 yar\u0131m litre suda kaynat\u0131n, 20 dakika kadar demlenmesini bekleyin. Sonra s\u00fcz\u00fcp i\u00e7ine ezdi\u011finiz ceviz kabuklar\u0131ndan bir \u00e7orba ka\u015f\u0131\u011f\u0131 kat\u0131n. Kar\u0131\u015f\u0131m\u0131 \u015fa\u00e7lar\u0131n\u0131za s\u00fcr\u00fcp bir saat bekletin. Bunu haftada bir g\u00fcn uygularsan\u0131z sa\u00e7 renginiz de\u011fi\u015fir, koyula\u015f\u0131r.)<\/strong><\/p>\n<p><span style=\"color:#FF8C00;\"><span style=\"font-size:16px;\"><strong>Sual:&nbsp;<\/strong><\/span><\/span>\u015eems han\u0131m sizi televizyondan izliyorum, beyaz sa\u00e7lar\u0131 koyulatan, beyaz sa\u00e7lardan kurtulmay\u0131 sa\u011flayan bir tarif verir misiniz?<\/p>\n<p><span style=\"color:#FF8C00;\"><span style=\"font-size:16px;\"><strong>CEVAP<\/strong><\/span><\/span><\/p>\n<p>G\u00fczellik Uzman\u0131 \u015eems Arslan&#8217;\u0131n cevab\u0131: ( 2 adet kuru incir, yar\u0131m bardak \u0131l\u0131k su, kalanchoe bitkisinin 2 yapra\u011f\u0131, Kuru \u0130cirleri k\u00fc\u00e7\u00fck k\u00fc\u00e7\u00fck do\u011fray\u0131p 10 dakika kadar suda bekletin. <strong>\u00c7i\u00e7e\u011finin 2 b\u00fcy\u00fck\u00e7e yapra\u011f\u0131n\u0131 kopart\u0131p havanda suyu \u00e7\u0131k\u0131ncaya kadar ezin,\u00fczerine yar\u0131m bardak su ileve edip kar\u0131\u015ft\u0131r\u0131n. <\/strong>Bu kar\u0131\u015f\u0131m\u0131 incirleri bekletti\u011finiz su ile,ezdi\u011finiz yapra\u011f\u0131 suyu ile birlikte kar\u0131\u015ft\u0131r\u0131n. Bu kar\u0131\u015f\u0131mdan damlal\u0131k ile \u00e7ekerek sa\u00e7 diplerine ,\u00f6zellikle \u00f6n b\u00f6lgelerdeki sa\u00e7 diplerine damlal\u0131k yard\u0131m\u0131 ile uygulay\u0131n. <strong>Daha sonra t\u00fcm sa\u00e7 diplerine parmak u\u00e7lar\u0131 ile masaj yaparak bu kar\u0131\u015f\u0131m\u0131 sa\u00e7 diplerine yedirin ve naylon bir boneyi kafan\u0131za ge\u00e7irip 30-35 dakika kadar bekletin. <\/strong>Bu kar\u0131\u015f\u0131m ayurveda tarifi olup,Hintli kad\u0131nlar\u0131n y\u00fczy\u0131llard\u0131r kulland\u0131\u011f\u0131,parlak,uzun,g\u00fcr ve sa\u011fl\u0131kl\u0131 sa\u00e7ar\u0131n\u0131n s\u0131rr\u0131d\u0131r.Bu uygulamay\u0131 ayda 1-2 kez yap\u0131n ve 3ya da 6 ay devam ettirin.\u00e7ok fark\u0131n\u0131 g\u00f6receksiniz.)<\/p>\n<p><span style=\"color:#A52A2A;\"><span style=\"font-size:16px;\"><strong>Sual: <\/strong><\/span><\/span>Sa\u00e7 beyazlamas\u0131n\u0131 \u00f6nlemek i\u00e7in do\u011fal bir tarif verir misiniz?<\/p>\n<p><span style=\"color:#A52A2A;\"><span style=\"font-size:16px;\"><strong>CEVAP<\/strong><\/span><\/span><\/p>\n<p>Dr. Feridun Kunak&#8217;\u0131n cevab\u0131: (1 tutam ceviz yapra\u011f\u0131, 1 tutam biberiye yapra\u011f\u0131, 1 tutam \u0131s\u0131rgan yapra\u011f\u0131, 3 su Barda\u011f\u0131 su. Haz\u0131rlan\u0131\u015f\u0131; Bu malzemeler kar\u0131\u015ft\u0131r\u0131l\u0131p, kaynat\u0131l\u0131r. 5 dk. dinlendirilir. Ard\u0131ndan, sar\u0131msak ya\u011f\u0131,argan ya\u011f\u0131, ozon ya\u011f\u0131 ve ceviz ya\u011f\u0131 ile sa\u00e7 diplerine masaj yap\u0131l\u0131r.)<\/p>\n<p>Dr. Feridun Kunak&#8217;\u0131n cevab\u0131: ( Di\u011fer tarifim \u015fudur;5 tutam \u0131s\u0131rgan otu, 5 adet sar\u0131 so\u011fan kabu\u011fu suyu. 1 litre suda 15 dakika kaynat\u0131p 15 dakika demlendirip biraz s\u0131cakl\u0131\u011f\u0131 azald\u0131ktan sonra suyunu s\u00fcz\u00fcp sa\u00e7lar\u0131n\u0131z\u0131n dibine yedire yedire s\u00fcr\u00fcn.) Bu iki tarifimden diledi\u011finizi uygulayabilirsiniz.<\/p>\n<p><span style=\"color:#FF8C00;\"><span style=\"font-size:16px;\"><strong>Sual:<\/strong><\/span><\/span> Sa\u00e7lar\u0131m bembeyaz oldu. Koyula\u015fmas\u0131 i\u00e7in bitkisel bir y\u00f6ntem bildirir misiniz?<\/p>\n<p><span style=\"color:#FF8C00;\"><span style=\"font-size:16px;\"><strong>CEVAP<\/strong><\/span><\/span><\/p>\n<p><strong>Dr. Feridun Kunak&#8217;\u0131n cevab\u0131: (3 adet ceviz yapra\u011f\u0131, 3 adet ye\u015fil ceviz kabu\u011fu, 1 fincan \u0131s\u0131rgan yapra\u011f\u0131, 1 di\u015f ezilmi\u015f sar\u0131msak, 1 adet k\u0131rm\u0131z\u0131 so\u011fan kabu\u011fu, 1 \u00e7orba ka\u015f\u0131\u011f\u0131 biberiyeyi 1 litre suda 10 dakika kaynat\u0131n 10 dakika demlenmeye b\u0131rak\u0131n. Suyunu s\u00fczerek \u0131l\u0131nd\u0131ktan sonra1 tatl\u0131 ka\u015f\u0131\u011f\u0131 \u00e7am terebentin konulur. Sa\u00e7 diplerine masaj yaparak yedirilir. 1 saat bone tak\u0131p bekledikten sonra \u0131l\u0131k su ile durulan\u0131r.)<\/strong><\/p>\n<p><span style=\"color:#A52A2A;\"><span style=\"font-size:16px;\"><strong>Sual: <\/strong><\/span><\/span>Sa\u00e7lar\u0131mda ara ara beyazl\u0131klar ba\u015flad\u0131. Boyatmak istemiyorum. Do\u011fal bir tarif verir misiniz?<\/p>\n<p><span style=\"color:#A52A2A;\"><span style=\"font-size:16px;\"><strong>CEVAP<\/strong><\/span><\/span><\/p>\n<p>Prof Dr. Ahmet Maranki\u2019nin cevab\u0131: (1 litre kaynayan suya 10 tane kurumu\u015f ceviz kabuklar\u0131 at\u0131larak, 15 dakika kaynatmaya devam edin. Al\u0131\u015f\u0131lagelen \u015fampuan\u0131n\u0131z\u0131 kullan\u0131p du\u015funuzu ald\u0131ktan sonra, hemen banyodan \u00e7\u0131karken, ceviz kabuklar\u0131ndan s\u00fcz\u00fclm\u00fc\u015f suyu kullan\u0131n 3 hafta d\u00fczenli kullanmaya devam edin.)<\/p>\n<p><span style=\"font-size:16px;\"><strong><a href=\"https:\/\/www.mavikadin.com\/erken-genc-yasta-sac-beyazlamasi-neden-olur-en-onemli-30-neden\" target=\"_blank\" rel=\"noopener\"><span style=\"color:#FF0000;\">Sa\u00e7 Neden Beyazlar, Sa\u00e7lar\u0131m Ni\u00e7in Beyazl\u0131yor? Uzmanlar Cevapl\u0131yor T\u0131klay\u0131n\u0131z<\/span><\/a><\/strong><\/span><\/p>\n<p><span style=\"font-size:16px;\"><strong><a href=\"https:\/\/www.mavikadin.com\/beyaz-saclar-icin-sogan-kuru-tarifi-resimli-anlatim\" target=\"_blank\" rel=\"noopener\">Beyaz Sa\u00e7lar \u0130\u00e7in So\u011fan K\u00fcr\u00fc Tarifi Resimli Anlat\u0131m T\u0131klay\u0131n\u0131z<\/a><\/strong><\/span><\/p>\n<p><span style=\"font-size:16px;\"><strong><a href=\"https:\/\/www.mavikadin.com\/beyazlayan-sac-tekrar-siyahlasirmi-sactaki-beyazlar-nasil-gider\" target=\"_blank\" rel=\"noopener\"><span style=\"color:#FF0000;\">Beyaz Sa\u00e7\u0131 Eski Rengine D\u00f6nd\u00fcrme \u0130\u00e7in Do\u011fal Y\u00f6ntemler Nelerdir? T\u0131klay\u0131n\u0131z<\/span><\/a><\/strong><\/span><\/p>\n","protected":false},"excerpt":{"rendered":"<p>Ya\u015flanmadan, B12 eksikli\u011fine kadar pek \u00e7ok nedenden dolay\u0131 sa\u00e7larda zamanla beyazlama meydana gelir. Bu makalemizde G\u00fczellik Uzman\u0131 Suna Dumankaya, Prof Dr. Ya\u015flanmadan, B12 eksikli\u011fine kadar pek \u00e7ok nedenden dolay\u0131 sa\u00e7larda zamanla beyazlama meydana gelir. Bu makalemizde G\u00fczellik Uzman\u0131 Suna Dumankaya, Prof Dr. \u0130brahim Sara\u00e7o\u011flu gibi uzmanlar taraf\u0131ndan bildirilen sa\u00e7lardaki beyazlamay\u0131 durduran, beyazlam\u0131\u015f sa\u00e7lar\u0131 eski rengine [&hellip;]<\/p>\n","protected":false},"author":30,"featured_media":42868,"comment_status":"closed","ping_status":"open","sticky":false,"template":"","format":"standard","meta":{"rank_math_lock_modified_date":false,"footnotes":""},"categories":[166],"tags":[33587,33498,8647,14523,33588],"class_list":["post-42869","post","type-post","status-publish","format-standard","has-post-thumbnail","hentry","category-sac-bakimi-sac-uzatma","tag-beyaz-saclara-cozum","tag-bitkisel-kurler","tag-dogal-sac-bakimi","tag-sac-beyazlamasi","tag-sac-rengini-koyulastirma"],"_links":{"self":[{"href":"https:\/\/www.tgrthaber.com\/mavikadin\/wp-json\/wp\/v2\/posts\/42869"}],"collection":[{"href":"https:\/\/www.tgrthaber.com\/mavikadin\/wp-json\/wp\/v2\/posts"}],"about":[{"href":"https:\/\/www.tgrthaber.com\/mavikadin\/wp-json\/wp\/v2\/types\/post"}],"author":[{"embeddable":true,"href":"https:\/\/www.tgrthaber.com\/mavikadin\/wp-json\/wp\/v2\/users\/30"}],"replies":[{"embeddable":true,"href":"https:\/\/www.tgrthaber.com\/mavikadin\/wp-json\/wp\/v2\/comments?post=42869"}],"version-history":[{"count":1,"href":"https:\/\/www.tgrthaber.com\/mavikadin\/wp-json\/wp\/v2\/posts\/42869\/revisions"}],"predecessor-version":[{"id":42870,"href":"https:\/\/www.tgrthaber.com\/mavikadin\/wp-json\/wp\/v2\/posts\/42869\/revisions\/42870"}],"wp:featuredmedia":[{"embeddable":true,"href":"https:\/\/www.tgrthaber.com\/mavikadin\/wp-json\/wp\/v2\/media\/42868"}],"wp:attachment":[{"href":"https:\/\/www.tgrthaber.com\/mavikadin\/wp-json\/wp\/v2\/media?parent=42869"}],"wp:term":[{"taxonomy":"category","embeddable":true,"href":"https:\/\/www.tgrthaber.com\/mavikadin\/wp-json\/wp\/v2\/categories?post=42869"},{"taxonomy":"post_tag","embeddable":true,"href":"https:\/\/www.tgrthaber.com\/mavikadin\/wp-json\/wp\/v2\/tags?post=42869"}],"curies":[{"name":"wp","href":"https:\/\/api.w.org\/{rel}","templated":true}]}}