{"id":42872,"date":"2017-07-07T17:41:18","date_gmt":"2017-07-07T14:41:18","guid":{"rendered":"https:\/\/new.mavikadin.com\/?p=42872"},"modified":"2024-09-16T10:41:18","modified_gmt":"2024-09-16T07:41:18","slug":"bebeklerde-kabizlik-icin-ne-yapilmali-kabiz-olan-bebege-ne-yapilir-ne-verilmeli","status":"publish","type":"post","link":"https:\/\/www.tgrthaber.com\/mavikadin\/bebeklerde-kabizlik-icin-ne-yapilmali-kabiz-olan-bebege-ne-yapilir-ne-verilmeli\/","title":{"rendered":"Bebeklerde Kab\u0131zl\u0131k \u0130\u00e7in Ne Yap\u0131lmal\u0131 Kab\u0131z Olan Bebe\u011fe Ne Yap\u0131l\u0131r Ne Verilmeli?"},"content":{"rendered":"<p>Kab\u0131zl\u0131k, bebeklerde en s\u0131k g\u00f6r\u00fclen sa\u011fl\u0131k sorunlar\u0131ndand\u0131r. Bu makalemizde tecr\u00fcbeli anneler taraf\u0131ndan bildirilen kab\u0131zl\u0131\u011f\u0131 ge\u00e7iren do\u011fal y\u00f6ntemlerden<\/p>\n<p>Kab\u0131zl\u0131k, bebeklerde en s\u0131k g\u00f6r\u00fclen sa\u011fl\u0131k sorunlar\u0131ndand\u0131r. Bu makalemizde tecr\u00fcbeli anneler taraf\u0131ndan bildirilen kab\u0131zl\u0131\u011f\u0131 ge\u00e7iren do\u011fal y\u00f6ntemlerden bahsedece\u011fiz. <strong>A\u015fa\u011f\u0131da bildirilenlerden diledi\u011finizi deneyebilirsiniz.<\/strong><\/p>\n<p><span style=\"color:#FF8C00;\"><span style=\"font-size:16px;\"><u><strong>Bebe\u011fim kab\u0131z oldu, bebeklerde kab\u0131zl\u0131k nas\u0131l ge\u00e7er? Tecr\u00fcbeli anneler anlat\u0131yor.<\/strong><\/u><\/span><\/span><\/p>\n<ol>\n<li><strong>Bir \u00e7ay ka\u015f\u0131\u011f\u0131 zeytinya\u011f\u0131 i\u00e7ir sabah ek g\u0131das\u0131n\u0131 ver \u00f6\u011fleden sonra armudu cam rendede rendele benim o\u011flumda 7 ayl\u0131k kab\u0131zl\u0131k sorunumuzu b\u00f6yle atlat\u0131yoruz.<\/strong><\/li>\n<li>Kuru \u00fcz\u00fcm kay\u0131s\u0131 erik kaynat\u0131p komposto yap\u0131n, her g\u00fcn azar azar i\u00e7in \u00e7ok rahatlat\u0131yor.<\/li>\n<li><strong>Beyaz kal\u0131p sabunlardan ser\u00e7e parma\u011f\u0131n\u0131n ucu kadar b\u0131\u00e7akla yontun. Sabunun hi\u00e7 sivri kenar\u0131 kalmayacak gibi kenarlar\u0131na yuvarlay\u0131n ki poposunu tahri\u015f etmesin. Ve sabunu fitil gibi poposuna yerle\u015ftirin. Benim k\u0131z\u0131m b\u00f6yle b\u00fcy\u00fcd\u00fc. Merak etmeyin 2 dakika i\u00e7inde yakas\u0131n\u0131 yap\u0131yor ve kakayla birlikte sabun \u00e7\u0131k\u0131yor. Hi\u00e7 korkmas\u0131na gerek yok en kolay ve kesin \u00e7\u00f6z\u00fcm.<\/strong><\/li>\n<li>\u015e\u0131r\u0131ngan\u0131n ucundaki i\u011fneyi \u00e7\u0131kar\u0131p zeytinya\u011f\u0131 \u015f\u0131r\u0131ngaya \u00e7ekip bebe\u011fin poposuna s\u0131k\u0131yorum \u00e7ok faydas\u0131 oluyor.<\/li>\n<li><strong>Benim o\u011flum da s\u00fcrekli kab\u0131z oluyordu Zeynep Kamil Hastanesi\u2019ne g\u00f6t\u00fcrd\u00fcm ordaki ba\u015fhekim bana duphalac \u015furup(ba\u011f\u0131rsak d\u00fczenleyici)\u00f6nerdi \u00e7ok iyi geldi kab\u0131zl\u0131\u011f\u0131 ge\u00e7ti.<\/strong><\/li>\n<li>Kuru kay\u0131s\u0131 kaynat\u0131yorum suyunu a\u00e7 karna i\u00e7iriyorum posas\u0131ndan da yo\u011furduna falan kat\u0131yorum.<\/li>\n<li><strong>Kulak \u00e7\u00f6p\u00fcn\u00fc zeytinya\u011f\u0131na bat\u0131r poposuna , kaka yapt\u0131\u011f\u0131 yere s\u00fcr birazda zeytinya\u011f\u0131 i\u00e7ir. Biz de 3 g\u00fcn yapmay\u0131nca Doktora g\u00f6t\u00fcrd\u00fck 5 g\u00fcnden sonras\u0131 kab\u0131zl\u0131k dedi yapamazsa kulak \u00e7\u00f6p\u00fcyle zeytinya\u011f\u0131na bat\u0131rarak hafif\u00e7e pamu\u011fun bitti\u011fi yere kadar sokun dedi ayn\u0131s\u0131n\u0131 uygulad\u0131m 10 dk sonra yapt\u0131.<\/strong><\/li>\n<li>Bir \u00e7ay ka\u015f\u0131\u011f\u0131 \u00e7\u00f6rek otu ya\u011f\u0131 so\u011fuk pires olan\u0131ndan ver, bak nas\u0131l yapacak sabah ak\u015fam 3 g\u00fcn ver \u00f6ks\u00fcr\u00fc\u011fe de birebir ben ikizlerimde kulan\u0131yorum.<\/li>\n<li><strong>Kuru incir kaynat suyunu i\u00e7ir bebe\u011fimdeki kab\u0131zl\u0131\u011f\u0131n ge\u00e7mesi i\u00e7in hep b\u00f6yle yapar\u0131m.<\/strong><\/li>\n<li>Bebe\u011fimin mama markas\u0131n\u0131 de\u011fi\u015ftirdim kab\u0131zl\u0131k ge\u00e7ti, baz\u0131 mama markalar\u0131 kab\u0131zl\u0131k yap\u0131yor. Mamas\u0131n\u0131 de\u011fi\u015ftirin.<\/li>\n<li><strong>Elmay\u0131 s\u0131k\u0131n suyunu i\u00e7irin bebe\u011fin kab\u0131zl\u0131\u011f\u0131na \u00e7ok iyi gelecektir.<\/strong><\/li>\n<li>1 \u00e7ay ka\u015f\u0131\u011f\u0131 keten tohumu ya\u011f\u0131n\u0131 meyve suyuna kar\u0131\u015ft\u0131r a\u00e7 karn\u0131na her g\u00fcn d\u00fczelene kadar ver ayr\u0131ca armutu a\u00e7 karn\u0131na p\u00fcre olarak ver ben \u00e7ok memnun kald\u0131m.<\/li>\n<li><strong>Bebe\u011fim kab\u0131z olunca papatya \u00e7ay\u0131 i\u00e7iriyorum hemen kakas\u0131n\u0131 yap\u0131yor.<\/strong><\/li>\n<li>Kuru kay\u0131s\u0131y\u0131 kaynat\u0131p i\u00e7ine \u0131l\u0131t\u0131n i\u00e7ine biraz zeytinya\u011f\u0131 damlat\u0131p bebe\u011fe i\u00e7irin kab\u0131zl\u0131\u011f\u0131 ge\u00e7iriyor.<\/li>\n<li><strong>Taze kabakla kerevizi kaynat i\u00e7ine her g\u00fcn de\u011fi\u015fik \u015feyler koy yap yedir yavruna benim k\u0131zda kab\u0131z oluyor doktor tavsiyesi bu i\u00e7ine biraz pirin\u00e7 koy \u00f6b\u00fcr g\u00fcn mercimek koy \u015fehriye koy \u00e7ok faydas\u0131n\u0131 g\u00f6receksin.<\/strong><\/li>\n<li><strong>Zeytinya\u011f\u0131n\u0131n i\u00e7ine 3-4 damla limon s\u0131k bebe\u011finei\u00e7ir can\u0131m ben \u00f6yle yapt\u0131m hemen etkili olmu\u015ftu.<\/strong><\/li>\n<li>Muskat cevizi aktarlarda bulabilirsiniz. Rendeleyip havanda ezin iyice biraz ac\u0131ms\u0131 bir tad\u0131 olabilir az\u0131c\u0131k toz \u015feker ekleyip ezebilrsiniz i\u00e7ine. Az bir\u015fey a\u011fz\u0131na su takviyesi ile verebilirsiniz. \u0130ki bebe\u011fimde de kab\u0131zl\u0131\u011f\u0131m\u0131 ge\u00e7irdi \u00e7ok faydas\u0131n\u0131 g\u00f6rd\u00fcm.<\/li>\n<li><strong>Benin o\u011flumda iki ayl\u0131k ondada kab\u0131zl\u0131k var kulak \u00e7\u00f6p\u00fcn\u00fc zeytinya\u011f\u0131na bat\u0131r\u0131p \u00e7ok az bir \u015fey poposunu uyar\u0131yorum \u00f6yle yap\u0131yorum sen de dene belki fayda eder doktor dedi bana bir de sabun kullanma.<\/strong><\/li>\n<li>Bir ayvay\u0131 5-6par\u00e7aya b\u00f6l\u00fcp kaynat\u0131n \u0131l\u0131d\u0131ktan sonra g\u00fcn i\u00e7inde biberonla 150ml olarak en az iki defa i\u00e7meli tabi \u00fc\u00e7 kere olursa daha iyi. 600ml toplamda alabilir. Herg\u00fcn d\u00fczenli yap\u0131lacak bir hafta deneyin cok faydas\u0131 olucak.daha sonra 2ay filan uygulay\u0131n. Ben k\u0131z\u0131mda kay\u0131s\u0131 erik ila\u00e7 hepsini denedim hi\u00e7biri i\u015fe yaramad\u0131. Ayva s\u00fcper bir\u015fey.&nbsp; Biberonun i\u00e7ine isterseniz \u015fekerde ekleyebilirsiniz ben ekliyorum \u00e7\u00fcnk\u00fc bebekler tats\u0131z bir\u015fey i\u00e7miyorlar. Bu \u015fekilde severek i\u00e7iyor k\u0131z\u0131m. Hatta i\u00e7tikten sonra bida bida iddomm diyo:))<\/li>\n<li><strong>Zeytin ya\u011f\u0131n\u0131 \u0131l\u0131t hafif\u00e7e karn\u0131na karn\u0131n\u0131n alt taraflar\u0131na masaj yaparak s\u00fcr.<\/strong><\/li>\n<li>Duphalac \u015furup \u00e7ok iyi geliyor benim k\u0131z\u0131mda da ayn\u0131 sorun vard\u0131 makat b\u00f6lgesi \u00e7atlak olmu\u015ftu \u015furubu kulland\u0131ktan sonra iyi geldi sabah ak\u015fam vereceksiniz.<\/li>\n<li><strong>Debridat ba\u011f\u0131rsak d\u00fczenleyici \u015furup var sabah ak\u015fam 1 \u00e7ay ka\u015f\u0131\u011f\u0131 i\u00e7ir, 1 ay kullansan yeter d\u00fczene sokuyor.<\/strong><\/li>\n<li>Bir incir ve kuru kay\u0131s\u0131 1 saat s\u0131cak suda bekletin sonra incirlerin \u00e7ekirdeklerini bir b\u0131\u00e7akla temizleyin sonra onlar\u0131 armutla p\u00fcre yap\u0131p i\u00e7ine biraz zeytinya\u011f\u0131 koyup yedirin hemen etkisini g\u00f6steriyor sebze olarakta p\u0131rasa ve kabak \u00e7orbalar\u0131 verin her \u00e7orbas\u0131na zeytinya\u011f\u0131 koyun.<\/li>\n<li><strong>\u00c7orbas\u0131na kuru kay\u0131s\u0131 ve kuru incir ilave et ben \u00f6yle yapard\u0131m hem mayho\u015f bir tad\u0131 oluyor zevkle yiyor hem de kab\u0131z olmuyor.<\/strong><\/li>\n<li>Elma suyla rezene \u00e7ay\u0131n\u0131 birbirine kat i\u00e7ir benim o\u011flumda kab\u0131zl\u0131\u011fa \u00e7ok iyi geliyor hemen yapar dene bir derim<\/li>\n<li><strong>Kaka fitili kullan\u0131n an\u0131nda kaka yap\u0131yor bebekler.<\/strong><\/li>\n<li>Gliserin Kansuk fitil 2.5 lira fiyat\u0131 al ve yar\u0131m\u0131n\u0131 kullan 3 dk sonra ba\u011f\u0131rsaklar\u0131 bombo\u015f olur.<\/li>\n<\/ol>\n<p>Not:Bu yaz\u0131da ge\u00e7en bebeklerde kab\u0131zl\u0131\u011f\u0131 ge\u00e7iren \u015feyleri doktorunuza dan\u0131\u015fmadan denemeyin.<\/p>\n<p><span style=\"font-size:16px;\"><strong><a href=\"https:\/\/www.mavikadin.com\/3-4-aylik-bebeklerde-kabizliga-ne-iyi-gelir-cocuk-doktorlari-cevapliyor\" target=\"_blank\" rel=\"noopener\"><span style=\"color:#FF0000;\">3-4 Ayl\u0131k Bebeklerde Kab\u0131zl\u0131k \u0130le \u0130lgili Doktorlara Sorulan Sorular Ve Cevaplar\u0131 T\u0131klay\u0131n\u0131z<\/span><\/a><\/strong><\/span><\/p>\n<p><span style=\"font-size:16px;\"><strong><a href=\"https:\/\/www.mavikadin.com\/kakasini-yapamayan-bebek-icin-ne-yapmali-bebegim-kabiz-ne-yapayim\" target=\"_blank\" rel=\"noopener\">Bebe\u011fim Kakas\u0131n\u0131 Yapam\u0131yor, Nas\u0131l Yapabilir? Doktorlar Cevapl\u0131yor T\u0131klay\u0131n\u0131z<\/a><\/strong><\/span><\/p>\n<p><span style=\"font-size:16px;\"><strong><a href=\"https:\/\/www.mavikadin.com\/2-aylik-bebeklerde-kabizliga-ne-iyi-gelir-cocuk-doktorlari-cevapliyor\" target=\"_blank\" rel=\"noopener\"><span style=\"color:#FF0000;\">2 Ayl\u0131k Bebeklerde Kab\u0131zl\u0131kla \u0130lgili Doktorlara Sorular Ve Cevaplar\u0131 T\u0131klay\u0131n\u0131z<\/span><\/a><\/strong><\/span><\/p>\n","protected":false},"excerpt":{"rendered":"<p>Kab\u0131zl\u0131k, bebeklerde en s\u0131k g\u00f6r\u00fclen sa\u011fl\u0131k sorunlar\u0131ndand\u0131r. Bu makalemizde tecr\u00fcbeli anneler taraf\u0131ndan bildirilen kab\u0131zl\u0131\u011f\u0131 ge\u00e7iren do\u011fal y\u00f6ntemlerden Kab\u0131zl\u0131k, bebeklerde en s\u0131k g\u00f6r\u00fclen sa\u011fl\u0131k sorunlar\u0131ndand\u0131r. Bu makalemizde tecr\u00fcbeli anneler taraf\u0131ndan bildirilen kab\u0131zl\u0131\u011f\u0131 ge\u00e7iren do\u011fal y\u00f6ntemlerden bahsedece\u011fiz. A\u015fa\u011f\u0131da bildirilenlerden diledi\u011finizi deneyebilirsiniz. Bebe\u011fim kab\u0131z oldu, bebeklerde kab\u0131zl\u0131k nas\u0131l ge\u00e7er? Tecr\u00fcbeli anneler anlat\u0131yor. Bir \u00e7ay ka\u015f\u0131\u011f\u0131 zeytinya\u011f\u0131 i\u00e7ir sabah [&hellip;]<\/p>\n","protected":false},"author":30,"featured_media":42871,"comment_status":"closed","ping_status":"open","sticky":false,"template":"","format":"standard","meta":{"rank_math_lock_modified_date":false,"footnotes":""},"categories":[111],"tags":[7360,33591,33589,33592,33590],"class_list":["post-42872","post","type-post","status-publish","format-standard","has-post-thumbnail","hentry","category-anne-cocuk","tag-annelik","tag-bebekbakimi","tag-bebeklerdekabizlik","tag-dogalyontemler","tag-kabizligason"],"_links":{"self":[{"href":"https:\/\/www.tgrthaber.com\/mavikadin\/wp-json\/wp\/v2\/posts\/42872"}],"collection":[{"href":"https:\/\/www.tgrthaber.com\/mavikadin\/wp-json\/wp\/v2\/posts"}],"about":[{"href":"https:\/\/www.tgrthaber.com\/mavikadin\/wp-json\/wp\/v2\/types\/post"}],"author":[{"embeddable":true,"href":"https:\/\/www.tgrthaber.com\/mavikadin\/wp-json\/wp\/v2\/users\/30"}],"replies":[{"embeddable":true,"href":"https:\/\/www.tgrthaber.com\/mavikadin\/wp-json\/wp\/v2\/comments?post=42872"}],"version-history":[{"count":1,"href":"https:\/\/www.tgrthaber.com\/mavikadin\/wp-json\/wp\/v2\/posts\/42872\/revisions"}],"predecessor-version":[{"id":42873,"href":"https:\/\/www.tgrthaber.com\/mavikadin\/wp-json\/wp\/v2\/posts\/42872\/revisions\/42873"}],"wp:featuredmedia":[{"embeddable":true,"href":"https:\/\/www.tgrthaber.com\/mavikadin\/wp-json\/wp\/v2\/media\/42871"}],"wp:attachment":[{"href":"https:\/\/www.tgrthaber.com\/mavikadin\/wp-json\/wp\/v2\/media?parent=42872"}],"wp:term":[{"taxonomy":"category","embeddable":true,"href":"https:\/\/www.tgrthaber.com\/mavikadin\/wp-json\/wp\/v2\/categories?post=42872"},{"taxonomy":"post_tag","embeddable":true,"href":"https:\/\/www.tgrthaber.com\/mavikadin\/wp-json\/wp\/v2\/tags?post=42872"}],"curies":[{"name":"wp","href":"https:\/\/api.w.org\/{rel}","templated":true}]}}