{"id":43331,"date":"2017-12-09T21:58:09","date_gmt":"2017-12-09T18:58:09","guid":{"rendered":"https:\/\/new.mavikadin.com\/?p=43331"},"modified":"2024-09-16T10:48:39","modified_gmt":"2024-09-16T07:48:39","slug":"16-haftalik-hamileyim-bebek-cinsiyet-goruntusu-anne-karninda-nasildir","status":"publish","type":"post","link":"https:\/\/www.tgrthaber.com\/mavikadin\/16-haftalik-hamileyim-bebek-cinsiyet-goruntusu-anne-karninda-nasildir\/","title":{"rendered":"16 Haftal\u0131k Hamileyim Bebek Cinsiyet G\u00f6r\u00fcnt\u00fcs\u00fc Anne Karn\u0131nda Nas\u0131ld\u0131r?"},"content":{"rendered":"<p>16 haftal\u0131k gebelikle beraber hamilelikte 2. Trimester denilen ikinci \u00fc\u00e7 ayl\u0131k s\u00fcrecin i\u00e7ine girmi\u015f bulunuyorsunuz. Bebe\u011finizin boyutu \u015fuan ortaboy bir portakal<\/p>\n<p>16 haftal\u0131k gebelikle beraber hamilelikte 2. Trimester denilen ikinci \u00fc\u00e7 ayl\u0131k s\u00fcrecin i\u00e7ine girmi\u015f bulunuyorsunuz. Bebe\u011finizin boyutu \u015fuan ortaboy bir portakal b\u00fcy\u00fckl\u00fc\u011f\u00fc kadard\u0131r. Ortalama 110- 120 gram aras\u0131 a\u011f\u0131rl\u0131kta olan bebek avucunuza s\u0131\u011facak kadar b\u00fcy\u00fcm\u00fc\u015ft\u00fcr. &#8220;16 haftal\u0131k bebek hareketleri hissedilir mi, 16 haftal\u0131k bebek kilosu ka\u00e7 gram olur,&nbsp; 16 haftal\u0131k gebelik cinsiyet belli olur mu, 16 haftal\u0131k ka\u00e7 ayl\u0131k oluyor?&#8221; T\u00fcm bu sorular\u0131n\u0131z\u0131n cevaplar\u0131n\u0131 bu makalemizde okuyabilirsiniz.<\/p>\n<p><span style=\"color:#FF8C00;\"><span style=\"font-size:18px;\"><strong><u>16 Haftal\u0131k Gebelikte Bebe\u011fin Boyu ve Kilosu Ne Kadar Olmal\u0131d\u0131r?<\/u><\/strong><\/span><\/span><\/p>\n<p>Kad\u0131n Do\u011fum Doktoru Cem F\u0131\u00e7\u0131c\u0131o\u011flu Anlat\u0131yor 16 haftal\u0131k gebelikte bebe\u011fin kilosu 110 gramd\u0131r. Boyu ise 13 cm\u2019 dir.<\/p>\n<p><span style=\"color:#FF8C00;\"><span style=\"font-size:18px;\"><strong><u>16 Haftal\u0131k Hamilelikte Bebe\u011fin Geli\u015fimi Nas\u0131ld\u0131r? Kad\u0131n Do\u011fum Doktorlar\u0131 Anlat\u0131yor<\/u><\/strong><\/span><\/span><\/p>\n<ol>\n<li>16 haftal\u0131k bebek art\u0131k anne sesini duymaya ba\u015flay\u0131p, duydu\u011fu sesten mutlu olmaktad\u0131r.<\/li>\n<li><strong>Hamilelikte 16. haftada bebe\u011fin kas ve kemik sistemi g\u00fc\u00e7lenir, anne karn\u0131ndaki hareketleri daha net bir \u015fekilde hissedilmeye ba\u015flar.<\/strong><\/li>\n<li>Daha \u00f6nce gebelik ge\u00e7irmi\u015f anne adaylar\u0131 bebe\u011fin ilk hareketini bu haftada hissedebilirler. \u0130lk gebeli\u011fini ya\u015fayanlarda ise bebek hareketleri genellikle 20.haftadan itibaren hissedilir.<\/li>\n<li><strong>16. hafta bebe\u011fin g\u00f6z kaslar\u0131n\u0131 hareket ettirmeye ba\u015flad\u0131\u011f\u0131 haftad\u0131r, bebek g\u00f6zlerini sa\u011f ve sol y\u00f6ne do\u011fru hareket ettirebilmektedir.<\/strong><\/li>\n<li>Bebe\u011fin organlar\u0131nda ki sorunlar bu hafta d\u00fczelmeye ba\u015flar, organlar \u015fekillenir, kafas\u0131 eskiye g\u00f6re daha belirgin hale gelir.<\/li>\n<li><strong>Gebeli\u011fin bu haftas\u0131nda bebe\u011fin ba\u011f\u0131rsaklar\u0131nda mekonyum ad\u0131 verilen fetal d\u0131\u015fk\u0131 birikmeye ba\u015flam\u0131\u015ft\u0131r. Bu d\u0131\u015fk\u0131 t\u00fcr\u00fc fetusun yuttu\u011fu amniyon s\u0131v\u0131s\u0131, d\u00f6k\u00fclen h\u00fccreler ve sindirim sistemi salg\u0131lar\u0131ndan olu\u015fur. Macun k\u0131vam\u0131nda koyu renkli bir yap\u0131d\u0131r.<\/strong><\/li>\n<li>Bebe\u011fin ayak t\u0131rnaklar\u0131 gebeli\u011fin 16. haftas\u0131nda uzamaktad\u0131r.<\/li>\n<li><strong>16. haftada bebe\u011fin kalbi, kemikleri ve \u00f6zellikle de bacaklar\u0131 \u00e7ok h\u0131zl\u0131 bir \u015fekilde geli\u015fmektedir.<\/strong><\/li>\n<li>Gebeli\u011fin 16. haftas\u0131nda bebe\u011fin ba\u015f b\u00f6lgesi, lanugo ad\u0131 verilen ince t\u00fcylerle kaplanmaktad\u0131r.<\/li>\n<\/ol>\n<p><span style=\"color:#FF8C00;\"><span style=\"font-size:18px;\"><strong><u>16 Haftal\u0131k Gebelikte Anne Aday\u0131nda Nas\u0131l De\u011fi\u015fimler Ya\u015fanmaktad\u0131r?<\/u><\/strong><\/span><\/span><\/p>\n<ol>\n<li>Hamileli\u011fin 16. haftas\u0131nda hormonlardaki art\u0131\u015f ve v\u00fccuttaki kan vol\u00fcm\u00fcn\u00fcn y\u00fckselmesi ile birlikte burun kanamalar\u0131, burun ve kulaklarda doluluk hissi gibi sorunlar ya\u015fanabilir.<\/li>\n<li><strong>16 haftal\u0131k gebelikte anne aday\u0131nda rahimde b\u00fcy\u00fcme meydana gelir. Rahim kas\u0131k b\u00f6lgesine bask\u0131 yap\u0131p kas\u0131k a\u011fr\u0131s\u0131 ortaya \u00e7\u0131kar.<\/strong><\/li>\n<li>16. hafta hamilelikte amniyosentez testinin yap\u0131lmaya ba\u015flad\u0131\u011f\u0131 haftad\u0131r. <strong>Amniyosentez testi,hamileli\u011fin 16 ila 20. haftas\u0131 aras\u0131nda yap\u0131lan bir testtir. <\/strong>Bu test bebe\u011fin down sendromu gibi kromozomsal bozukluklar\u0131 olup olmad\u0131\u011f\u0131n\u0131 tespit etmek i\u00e7in yap\u0131l\u0131r ve % 99 oran\u0131nda do\u011fru sonu\u00e7 verir. Bu test, ayn\u0131 zamanda y\u00fczlerce genetik bozuklulu\u011fu da ortaya \u00e7\u0131karabilir.<\/li>\n<li><strong>Hamileli\u011fin 16. haftas\u0131nda anne aday\u0131nda genelde boyun, y\u00fcz, kollar ve g\u00f6\u011f\u00fcslerdeki ince damarlar belirgenle\u015febilir,&nbsp; bu damarlar\u0131n say\u0131s\u0131 fazla olmad\u0131\u011f\u0131 s\u00fcrece problem te\u015fkil etmez, do\u011fumdan sonra normale d\u00f6nerler.<\/strong><\/li>\n<li>16. haftada bebe\u011finizin i\u00e7 organlar\u0131 s\u00fcratle geli\u015fmektedir.Bu hafta 25 litre kan v\u00fccudunuza pompalan\u0131yor. Bu durumun sonucu olarak ellerde ayaklarda ve y\u00fczde \u00f6dem sorunu ya\u015fayabilirsiniz.<\/li>\n<li><strong>16. haftada bacaklar\u0131n\u0131zda varisler meydana gelebilir.Bunun i\u00e7in varis \u00e7orab\u0131 kullanabilirsiniz.<\/strong><\/li>\n<\/ol>\n<p><span style=\"color:#FF8C00;\"><span style=\"font-size:18px;\"><strong><u>16 Haftal\u0131k Hamilelik Belirtileri Nelerdir?<\/u><\/strong><\/span><\/span><\/p>\n<ol>\n<li>Burun kanamas\u0131<\/li>\n<li><strong>Kab\u0131zl\u0131k<\/strong><\/li>\n<li>Mide yanmas\u0131, ek\u015fimesi<\/li>\n<li><strong>Ya\u011fl\u0131 veya daha parlak cilt (hormonlara ba\u011fl\u0131 olarak)<\/strong><\/li>\n<li>Hemoroid, basur olu\u015fumu<\/li>\n<li><strong>Burun t\u0131kan\u0131kl\u0131\u011f\u0131<\/strong><\/li>\n<li>Kilo alma<\/li>\n<li><strong>Odaklanmada zorluk \u00e7ekme, konsantrasyon olamama<\/strong><\/li>\n<li>Kan hacminde artmayla beraber cildin p\u00fcr\u00fczs\u00fcz g\u00f6r\u00fcnmesi<\/li>\n<li><strong>Unutkanl\u0131k<\/strong><\/li>\n<\/ol>\n<p><span style=\"color:#FF8C00;\"><span style=\"font-size:18px;\"><strong><u>16 Haftal\u0131k Gebelikte Cinsiyet Belli Olurmu?<\/u><\/strong><\/span><\/span><\/p>\n<p>Evet 16 haftal\u0131k bebe\u011fin cinsiyeti art\u0131k ultrasonda g\u00f6r\u00fclebilir. Ancak bebe\u011finiz ultrasonda cinsel organ\u0131 g\u00f6r\u00fcnmeyecek pozisyonda durursa cinsiyeti tespit edilmeyebilir.<\/p>\n<p><span style=\"color:#FF8C00;\"><span style=\"font-size:18px;\"><strong><u>16 Haftal\u0131k Bebek Hareketleri Hissedilir mi?<\/u><\/strong><\/span><\/span><\/p>\n<p>Bebe\u011fin hareketlerinin ne zaman hissedilece\u011fi hususunda Kad\u0131n Do\u011fum Doktoru Ahmet \u00d6zg\u00fcr Yeniel \u015fu bilgileri veriyor; Asl\u0131nda bebe\u011fin hareketi anne karn\u0131nda daha erken zamanlarda ba\u015flamas\u0131na ra\u011fmen bu hareketlerin anne taraf\u0131ndan hissedilmesi genellikle 20. haftadan sonra ger\u00e7ekle\u015fir. Ancak daha \u00f6nce hamilelik tecr\u00fcbesi olmu\u015f kad\u0131nlar bebe\u011fin hareketlerini daha erken zamanlarda hissetmeye ba\u015flayabilir.<\/p>\n<div><span style=\"color:#FF8C00;\"><span style=\"font-size:18px;\"><strong><u>16 Haftal\u0131k Gebelik Ka\u00e7 Ayl\u0131k Oluyor?<\/u><\/strong><\/span><\/span><\/div>\n<ol>\n<li>16 haftal\u0131k gebelik ka\u00e7 ayl\u0131kt\u0131r? = 3 Ayl\u0131k 22 g\u00fcnl\u00fck gebesiniz.<\/li>\n<li><strong>16 hafta 1 g\u00fcnl\u00fck gebelik ka\u00e7 ayl\u0131kt\u0131r? = 3 Ayl\u0131k 23 g\u00fcnl\u00fck gebesiniz.<\/strong><\/li>\n<li>16 hafta 2 g\u00fcnl\u00fck gebelik ka\u00e7 ayl\u0131kt\u0131r? = 3 Ayl\u0131k 24 g\u00fcnl\u00fck gebesiniz.<\/li>\n<li><strong>16 hafta 3 g\u00fcnl\u00fck gebelik ka\u00e7 ayl\u0131kt\u0131r? = 3 Ayl\u0131k 25 g\u00fcnl\u00fck gebesiniz.<\/strong><\/li>\n<li>16 hafta 4 g\u00fcnl\u00fck gebelik ka\u00e7 ayl\u0131kt\u0131r? = 3 Ayl\u0131k 26 g\u00fcnl\u00fck gebesiniz.<\/li>\n<li><strong>16 hafta 5 g\u00fcnl\u00fck gebelik ka\u00e7 ayl\u0131kt\u0131r? = 3 Ayl\u0131k 27 g\u00fcnl\u00fck gebesiniz.<\/strong><\/li>\n<li>16 hafta 6 g\u00fcnl\u00fck gebelik ka\u00e7 ayl\u0131kt\u0131r? = 3 Ayl\u0131k 28 g\u00fcnl\u00fck gebesiniz.<\/li>\n<\/ol>\n<p><span style=\"font-size:16px;\"><strong><a href=\"https:\/\/www.mavikadin.com\/en-yeni-modern-kiz-bebek-isimleri-ve-anlamlari-2017\" target=\"_blank\" rel=\"noopener\"><span style=\"color:#FF0000;\">En Yeni, Modern K\u0131z Bebek \u0130simleri Ve Anlamlar\u0131 2017 T\u0131klay\u0131n\u0131z<\/span><\/a><\/strong><\/span><\/p>\n<p><span style=\"font-size:16px;\"><strong><a href=\"https:\/\/www.mavikadin.com\/hamilelikte-bebegin-gelisimi-icin-neler-yemeli\" target=\"_blank\" rel=\"noopener\">Hamilelikte Bebe\u011fin Geli\u015fimi \u0130\u00e7in Neler Yemeli? T\u0131klay\u0131n\u0131z<\/a><\/strong><\/span><\/p>\n<p><span style=\"font-size:16px;\"><strong><a href=\"https:\/\/www.mavikadin.com\/erkek-isimleri-ve-anlamlari-en-guzel-erkek-cocuk-isimleri-2018-listesi\" target=\"_blank\" rel=\"noopener\"><span style=\"color:#FF0000;\">Erkek \u0130simleri Ve Anlamlar\u0131 En G\u00fczel Erkek \u00c7ocuk \u0130simleri 2018 Listesi T\u0131klay\u0131n\u0131z<\/span><\/a><\/strong><\/span><\/p>\n<p><img loading=\"lazy\" decoding=\"async\" alt=\"\" height=\"391\" src=\"https:\/\/www.tgrthaber.com\/mavikadin\/wp-content\/images\/ckfiles\/images\/16-haftalik.PNG\" width=\"602\" title=\"\"><\/p>\n<ol>\n<\/ol>\n<p>&nbsp;<\/p>\n","protected":false},"excerpt":{"rendered":"<p>16 haftal\u0131k gebelikle beraber hamilelikte 2. Trimester denilen ikinci \u00fc\u00e7 ayl\u0131k s\u00fcrecin i\u00e7ine girmi\u015f bulunuyorsunuz. Bebe\u011finizin boyutu \u015fuan ortaboy bir portakal 16 haftal\u0131k gebelikle beraber hamilelikte 2. Trimester denilen ikinci \u00fc\u00e7 ayl\u0131k s\u00fcrecin i\u00e7ine girmi\u015f bulunuyorsunuz. Bebe\u011finizin boyutu \u015fuan ortaboy bir portakal b\u00fcy\u00fckl\u00fc\u011f\u00fc kadard\u0131r. Ortalama 110- 120 gram aras\u0131 a\u011f\u0131rl\u0131kta olan bebek avucunuza s\u0131\u011facak kadar [&hellip;]<\/p>\n","protected":false},"author":30,"featured_media":43330,"comment_status":"closed","ping_status":"open","sticky":false,"template":"","format":"standard","meta":{"rank_math_lock_modified_date":false,"footnotes":""},"categories":[111],"tags":[34001,34002,33366,33902,34003],"class_list":["post-43331","post","type-post","status-publish","format-standard","has-post-thumbnail","hentry","category-anne-cocuk","tag-16-haftalik-gebelik","tag-anne-karninda-bebek","tag-bebek-cinsiyeti","tag-hamilelik-gelisimi","tag-ikinci-trimester"],"_links":{"self":[{"href":"https:\/\/www.tgrthaber.com\/mavikadin\/wp-json\/wp\/v2\/posts\/43331"}],"collection":[{"href":"https:\/\/www.tgrthaber.com\/mavikadin\/wp-json\/wp\/v2\/posts"}],"about":[{"href":"https:\/\/www.tgrthaber.com\/mavikadin\/wp-json\/wp\/v2\/types\/post"}],"author":[{"embeddable":true,"href":"https:\/\/www.tgrthaber.com\/mavikadin\/wp-json\/wp\/v2\/users\/30"}],"replies":[{"embeddable":true,"href":"https:\/\/www.tgrthaber.com\/mavikadin\/wp-json\/wp\/v2\/comments?post=43331"}],"version-history":[{"count":1,"href":"https:\/\/www.tgrthaber.com\/mavikadin\/wp-json\/wp\/v2\/posts\/43331\/revisions"}],"predecessor-version":[{"id":43332,"href":"https:\/\/www.tgrthaber.com\/mavikadin\/wp-json\/wp\/v2\/posts\/43331\/revisions\/43332"}],"wp:featuredmedia":[{"embeddable":true,"href":"https:\/\/www.tgrthaber.com\/mavikadin\/wp-json\/wp\/v2\/media\/43330"}],"wp:attachment":[{"href":"https:\/\/www.tgrthaber.com\/mavikadin\/wp-json\/wp\/v2\/media?parent=43331"}],"wp:term":[{"taxonomy":"category","embeddable":true,"href":"https:\/\/www.tgrthaber.com\/mavikadin\/wp-json\/wp\/v2\/categories?post=43331"},{"taxonomy":"post_tag","embeddable":true,"href":"https:\/\/www.tgrthaber.com\/mavikadin\/wp-json\/wp\/v2\/tags?post=43331"}],"curies":[{"name":"wp","href":"https:\/\/api.w.org\/{rel}","templated":true}]}}